{"id":21768,"date":"2026-08-31T21:10:17","date_gmt":"2026-08-31T21:10:17","guid":{"rendered":"https:\/\/lifevery.biz.ua\/?p=21768"},"modified":"2026-08-31T21:10:17","modified_gmt":"2026-08-31T21:10:17","slug":"smiertelny-wypadek-na-a4-nie-zyje-kierowca-ciezarowki-autostrada-zablokowana","status":"publish","type":"post","link":"https:\/\/lifevery.biz.ua\/?p=21768","title":{"rendered":"\u015amiertelny wypadek na A4. Nie \u017cyje kierowca ci\u0119\u017car\u00f3wki, autostrada zablokowana"},"content":{"rendered":"\n<p class=\"wp-block-paragraph\">\u015amiertelny wypadek na A4. Nie \u017cyje kierowca ci\u0119\u017car\u00f3wki, autostrada zablokowana<\/p>\n\n\n\n<p class=\"wp-block-paragraph\">Wypadek na A4, fot. OSP Osiecznica<br>Na autostradzie A4 pod Boles\u0142awcem dosz\u0142o w \u015brod\u0119 12 sierpnia do \u015bmiertelnego wypadku ci\u0119\u017car\u00f3wki. 49-letni kierowca Scanii zgin\u0105\u0142 po zjechaniu pojazdu z jezdni. Po zdarzeniu autostrada zosta\u0142a zablokowana w obu kierunkach. Najwi\u0119ksze utrudnienia obj\u0119\u0142y p\u00f3\u017aniej w\u0119ze\u0142 Boles\u0142awiec i objazdy przez miasto.<\/p>\n\n\n\n<p class=\"wp-block-paragraph\">Do wypadku dosz\u0142o oko\u0142o godz. 9.40 na 39. kilometrze autostrady A4, mi\u0119dzy w\u0119z\u0142ami Godziesz\u00f3w i Boles\u0142awiec. Wed\u0142ug Generalnej Dyrekcji Dr\u00f3g Krajowych i Autostrad ci\u0119\u017car\u00f3wka uderzy\u0142a w bariery energoch\u0142onne i znalaz\u0142a si\u0119 w rowie. Komenda Wojew\u00f3dzka Policji we Wroc\u0142awiu przekaza\u0142a, \u017ce Scania z niewyja\u015bnionych na ten moment przyczyn przebi\u0142a bariery i zjecha\u0142a po skarpie. Na miejscu rozpocz\u0119\u0142y si\u0119 dzia\u0142ania s\u0142u\u017cb oraz zabezpieczanie miejsca zdarzenia.<\/p>\n\n\n\n<p class=\"wp-block-paragraph\">\u015amiertelny wypadek na A4. Scania przebi\u0142a bariery<br>Powa\u017cny wypadek wydarzy\u0142 si\u0119 w \u015brod\u0119, 12 sierpnia, oko\u0142o godz. 9.40. Ci\u0119\u017car\u00f3wka porusza\u0142a si\u0119 autostrad\u0105 A4 na odcinku pomi\u0119dzy w\u0119z\u0142ami Godziesz\u00f3w i Boles\u0142awiec. Do zdarzenia dosz\u0142o na 39. kilometrze trasy.<\/p>\n\n\n\n<p class=\"wp-block-paragraph\">Jak poda\u0142a Generalna Dyrekcja Dr\u00f3g Krajowych i Autostrad, kierowca ci\u0119\u017car\u00f3wki uderzy\u0142 w bariery energoch\u0142onne, a nast\u0119pnie pojazd znalaz\u0142 si\u0119 w rowie. M\u0119\u017cczyzna nie prze\u017cy\u0142 wypadku. Policja przekaza\u0142a p\u00f3\u017aniej, \u017ce kierowca mia\u0142 49 lat.<\/p>\n\n\n\n<p class=\"wp-block-paragraph\">Wi\u0119cej szczeg\u00f3\u0142\u00f3w dotycz\u0105cych przebiegu zdarzenia poda\u0142a Komenda Wojew\u00f3dzka Policji we Wroc\u0142awiu. Z informacji s\u0142u\u017cb wynika, \u017ce uczestnicz\u0105ca w wypadku Scania przebi\u0142a bariery i zjecha\u0142a po skarpie. Przyczyny tego manewru pozostawa\u0142y na tym etapie niewyja\u015bnione.<\/p>\n\n\n\n<p class=\"wp-block-paragraph\">Wypadek na A4, fot. OSP Osiecznica<br>Po wypadku na miejscu rozpocz\u0119\u0142y si\u0119 dzia\u0142ania policjant\u00f3w oraz innych s\u0142u\u017cb. Konieczne by\u0142o zabezpieczenie odcinka autostrady, na kt\u00f3rym znajdowa\u0142a si\u0119 ci\u0119\u017car\u00f3wka. Zdarzenie spowodowa\u0142o powa\u017cne problemy z przejazdem zar\u00f3wno w kierunku Zgorzelca, jak i Wroc\u0142awia.<\/p>\n\n\n\n<p class=\"wp-block-paragraph\">\u2013 Policjanci prowadz\u0105 na miejscu dzia\u0142ania, dwa pasy w kierunku Zgorzelca i jeden w stron\u0119 Wroc\u0142awia nadal s\u0105 zablokowane \u2013 przekaza\u0142 Pawe\u0142 Noga z Komendy Wojew\u00f3dzkiej Policji we Wroc\u0142awiu.<\/p>\n\n\n\n<p class=\"wp-block-paragraph\"><\/p>\n","protected":false},"excerpt":{"rendered":"\u015amiertelny wypadek na A4. Nie \u017cyje kierowca ci\u0119\u017car\u00f3wki, autostrada zablokowana Wypadek na A4, fot. OSP OsiecznicaNa autostradzie A4 pod Boles\u0142awcem dosz\u0142o w \u015brod\u0119 \n<a class=\"moretag\" href=\"https:\/\/lifevery.biz.ua\/?p=21768\"> [...]<\/a>","protected":false},"author":1,"featured_media":21769,"comment_status":"open","ping_status":"open","sticky":false,"template":"","format":"standard","meta":{"footnotes":""},"categories":[1],"tags":[],"class_list":["post-21768","post","type-post","status-publish","format-standard","has-post-thumbnail","hentry","category-blog"],"_links":{"self":[{"href":"https:\/\/lifevery.biz.ua\/index.php?rest_route=\/wp\/v2\/posts\/21768","targetHints":{"allow":["GET"]}}],"collection":[{"href":"https:\/\/lifevery.biz.ua\/index.php?rest_route=\/wp\/v2\/posts"}],"about":[{"href":"https:\/\/lifevery.biz.ua\/index.php?rest_route=\/wp\/v2\/types\/post"}],"author":[{"embeddable":true,"href":"https:\/\/lifevery.biz.ua\/index.php?rest_route=\/wp\/v2\/users\/1"}],"replies":[{"embeddable":true,"href":"https:\/\/lifevery.biz.ua\/index.php?rest_route=%2Fwp%2Fv2%2Fcomments&post=21768"}],"version-history":[{"count":1,"href":"https:\/\/lifevery.biz.ua\/index.php?rest_route=\/wp\/v2\/posts\/21768\/revisions"}],"predecessor-version":[{"id":21770,"href":"https:\/\/lifevery.biz.ua\/index.php?rest_route=\/wp\/v2\/posts\/21768\/revisions\/21770"}],"wp:featuredmedia":[{"embeddable":true,"href":"https:\/\/lifevery.biz.ua\/index.php?rest_route=\/wp\/v2\/media\/21769"}],"wp:attachment":[{"href":"https:\/\/lifevery.biz.ua\/index.php?rest_route=%2Fwp%2Fv2%2Fmedia&parent=21768"}],"wp:term":[{"taxonomy":"category","embeddable":true,"href":"https:\/\/lifevery.biz.ua\/index.php?rest_route=%2Fwp%2Fv2%2Fcategories&post=21768"},{"taxonomy":"post_tag","embeddable":true,"href":"https:\/\/lifevery.biz.ua\/index.php?rest_route=%2Fwp%2Fv2%2Ftags&post=21768"}],"curies":[{"name":"wp","href":"https:\/\/api.w.org\/{rel}","templated":true}]}}