{"id":21765,"date":"2026-08-31T21:09:05","date_gmt":"2026-08-31T21:09:05","guid":{"rendered":"https:\/\/lifevery.biz.ua\/?p=21765"},"modified":"2026-08-31T21:09:05","modified_gmt":"2026-08-31T21:09:05","slug":"tragiczne-zderzenie-dwoch-ciezarowek-sparalizowany-ruch-na-a4-zginal-45-letni-kierowca","status":"publish","type":"post","link":"https:\/\/lifevery.biz.ua\/?p=21765","title":{"rendered":"Tragiczne zderzenie dw\u00f3ch ci\u0119\u017car\u00f3wek, sparali\u017cowany ruch na A4. Zgin\u0105\u0142 45-letni kierowca"},"content":{"rendered":"\n<p class=\"wp-block-paragraph\">Tragiczne zderzenie dw\u00f3ch ci\u0119\u017car\u00f3wek, sparali\u017cowany ruch na A4. Zgin\u0105\u0142 45-letni kierowca<\/p>\n\n\n\n<p class=\"wp-block-paragraph\">Fot. Policja \u015al\u0105ska \/ Facebook<br>Na autostradzie A4 w Katowicach zderzy\u0142y si\u0119 dwa pojazdy ci\u0119\u017carowe. Do tragedii dosz\u0142o w czwartek nad ranem, na jezdni prowadz\u0105cej w stron\u0119 Krakowa. Jeden z kierowc\u00f3w najecha\u0142 na ty\u0142 poprzedzaj\u0105cego zestawu i zgin\u0105\u0142 na miejscu. Jak przekaza\u0142a \u015bl\u0105ska policja, ofiar\u0105 jest 45-letni m\u0119\u017cczyzna. S\u0142u\u017cby og\u0142osi\u0142y czarny alert drogowy.<\/p>\n\n\n\n<p class=\"wp-block-paragraph\">Zdarzenie mia\u0142o miejsce 13 sierpnia, tu\u017c przed godzin\u0105 6:00, na 343. kilometrze katowickiego odcinka A4. Na sygna\u0142 ruszy\u0142y karetki, stra\u017c i patrole, kt\u00f3re odgrodzi\u0142y miejsce wypadku i zacz\u0119\u0142y przywraca\u0107 przejezdno\u015b\u0107 tego newralgicznego fragmentu trasy. Ruch w kierunku Ma\u0142opolski zosta\u0142 sparali\u017cowany niemal od razu.&nbsp; &nbsp;<\/p>\n\n\n\n<p class=\"wp-block-paragraph\">\u015amiertelne zderzenie ci\u0119\u017car\u00f3wek w stron\u0119 Krakowa<br>Policja odtworzy\u0142a wst\u0119pny przebieg wypadku.&nbsp;<\/p>\n\n\n\n<p class=\"wp-block-paragraph\">\u201eZe wst\u0119pnych ustale\u0144 pracuj\u0105cych na miejscu policjant\u00f3w wynika, \u017ce 45-letni m\u0119\u017cczyzna kieruj\u0105cy samochodem marki Iveco, z nieustalonych dot\u0105d przyczyn wjecha\u0142 w ty\u0142 poprzedzaj\u0105cego samochodu ci\u0119\u017carowego, kt\u00f3rym kierowa\u0142 21-letni m\u0119\u017cczyzna&#8221; \u2013 poinformowa\u0142 zesp\u00f3\u0142 prasowy \u015bl\u0105skiej policji.<\/p>\n\n\n\n<p class=\"wp-block-paragraph\">Uderzenie w ty\u0142 poprzedzaj\u0105cego zestawu okaza\u0142o si\u0119 dla kierowcy Iveco tragiczne w skutkach. Jak przekazali funkcjonariusze, 45-latek zgin\u0105\u0142 na miejscu. Kierowca drugiej ci\u0119\u017car\u00f3wki, 21-letni m\u0119\u017cczyzna, wyszed\u0142 z ca\u0142ego zdarzenia bez obra\u017ce\u0144.<\/p>\n\n\n\n<p class=\"wp-block-paragraph\">Ze wzgl\u0119du na gabaryty obu pojazd\u00f3w i si\u0142\u0119 uderzenia rozbite ci\u0119\u017car\u00f3wki ca\u0142kowicie zablokowa\u0142y przejazd w stron\u0119 Krakowa.&nbsp;<\/p>\n\n\n\n<p class=\"wp-block-paragraph\">Zobacz tak\u017ce: Wielkie promocje na d\u0142ugi weekend w Lidlu. Po promocyjne pere\u0142ki ju\u017c ustawiaj\u0105 si\u0119 kolejki. Czas tylko do jutra<br><\/p>\n\n\n\n<p class=\"wp-block-paragraph\">Zablokowana autostrada i wielokilometrowy zator<br>Po wypadku g\u0142\u00f3wna trasa na \u015bl\u0105skim odcinku A4 zosta\u0142a zamkni\u0119ta, wi\u0119c w kr\u00f3tkim czasie utworzy\u0142 si\u0119 d\u0142ugi korek. Wed\u0142ug ustale\u0144 \u201eSuper Expressu&#8221; jeszcze przed godzin\u0105 7:00 zator w stron\u0119 Ma\u0142opolski si\u0119ga\u0142 ju\u017c ponad trzech kilometr\u00f3w. \u017beby trasa nie stan\u0119\u0142a zupe\u0142nie, drogowcy pu\u015bcili samochody tymczasowo pasem rozdzia\u0142u.<\/p>\n\n\n\n<p class=\"wp-block-paragraph\">\u015al\u0105ska policja ostrzega\u0142a podr\u00f3\u017cuj\u0105cych:&nbsp;<\/p>\n\n\n\n<p class=\"wp-block-paragraph\">\u201eAutostrada A4 w kierunku Krakowa jest cz\u0119\u015bciowo zablokowana, ruch odbywa si\u0119 lewym pasem&#8221;.&nbsp;<\/p>\n\n\n\n<p class=\"wp-block-paragraph\">Trasa przepuszcza\u0142a znacznie mniej aut ni\u017c zwykle, a ruchem na miejscu kierowali sami policjanci.<br><\/p>\n\n\n\n<p class=\"wp-block-paragraph\">S\u0142u\u017cby na miejscu i apel o ostro\u017cno\u015b\u0107<br>Od \u015bwitu na zamkni\u0119tym odcinku uwijali si\u0119 policjanci i pozosta\u0142e ekipy ratunkowe. Mundurowi zaapelowali przy tym do kierowc\u00f3w zbli\u017caj\u0105cych si\u0119 do 343. kilometra A4 o szczeg\u00f3ln\u0105 ostro\u017cno\u015b\u0107.\u00a0<br><\/p>\n\n\n\n<p class=\"wp-block-paragraph\">\u201eProsimy o zachowanie ostro\u017cno\u015bci i stosowanie si\u0119 do polece\u0144 s\u0142u\u017cb&#8221; \u2013 przekazali w alercie drogowym.<\/p>\n\n\n\n<p class=\"wp-block-paragraph\">Funkcjonariusze przestrzegali tak\u017ce przed gwa\u0142townym hamowaniem u wlotu korka i przypominali, \u017ce na drogach szybkiego ruchu trzeba trzyma\u0107 odpowiedni dystans od poprzednika. Na jezdni wci\u0105\u017c sta\u0142y rozbite ci\u0119\u017car\u00f3wki i wozy s\u0142u\u017cb, dlatego kierowc\u00f3w proszono, by zwalniali odpowiednio wcze\u015bniej i nie tracili czujno\u015bci.<br><\/p>\n","protected":false},"excerpt":{"rendered":"Tragiczne zderzenie dw\u00f3ch ci\u0119\u017car\u00f3wek, sparali\u017cowany ruch na A4. Zgin\u0105\u0142 45-letni kierowca Fot. Policja \u015al\u0105ska \/ FacebookNa autostradzie A4 w Katowicach zderzy\u0142y si\u0119 dwa \n<a class=\"moretag\" href=\"https:\/\/lifevery.biz.ua\/?p=21765\"> [...]<\/a>","protected":false},"author":1,"featured_media":21766,"comment_status":"open","ping_status":"open","sticky":false,"template":"","format":"standard","meta":{"footnotes":""},"categories":[1],"tags":[],"class_list":["post-21765","post","type-post","status-publish","format-standard","has-post-thumbnail","hentry","category-blog"],"_links":{"self":[{"href":"https:\/\/lifevery.biz.ua\/index.php?rest_route=\/wp\/v2\/posts\/21765","targetHints":{"allow":["GET"]}}],"collection":[{"href":"https:\/\/lifevery.biz.ua\/index.php?rest_route=\/wp\/v2\/posts"}],"about":[{"href":"https:\/\/lifevery.biz.ua\/index.php?rest_route=\/wp\/v2\/types\/post"}],"author":[{"embeddable":true,"href":"https:\/\/lifevery.biz.ua\/index.php?rest_route=\/wp\/v2\/users\/1"}],"replies":[{"embeddable":true,"href":"https:\/\/lifevery.biz.ua\/index.php?rest_route=%2Fwp%2Fv2%2Fcomments&post=21765"}],"version-history":[{"count":1,"href":"https:\/\/lifevery.biz.ua\/index.php?rest_route=\/wp\/v2\/posts\/21765\/revisions"}],"predecessor-version":[{"id":21767,"href":"https:\/\/lifevery.biz.ua\/index.php?rest_route=\/wp\/v2\/posts\/21765\/revisions\/21767"}],"wp:featuredmedia":[{"embeddable":true,"href":"https:\/\/lifevery.biz.ua\/index.php?rest_route=\/wp\/v2\/media\/21766"}],"wp:attachment":[{"href":"https:\/\/lifevery.biz.ua\/index.php?rest_route=%2Fwp%2Fv2%2Fmedia&parent=21765"}],"wp:term":[{"taxonomy":"category","embeddable":true,"href":"https:\/\/lifevery.biz.ua\/index.php?rest_route=%2Fwp%2Fv2%2Fcategories&post=21765"},{"taxonomy":"post_tag","embeddable":true,"href":"https:\/\/lifevery.biz.ua\/index.php?rest_route=%2Fwp%2Fv2%2Ftags&post=21765"}],"curies":[{"name":"wp","href":"https:\/\/api.w.org\/{rel}","templated":true}]}}