{"id":21762,"date":"2026-08-31T21:02:23","date_gmt":"2026-08-31T21:02:23","guid":{"rendered":"https:\/\/lifevery.biz.ua\/?p=21762"},"modified":"2026-08-31T21:02:23","modified_gmt":"2026-08-31T21:02:23","slug":"smiertelny-wypadek-na-drodze-wojewodzkiej-nr-835-nie-zyje-40-letni-kierowca-bmw-2","status":"publish","type":"post","link":"https:\/\/lifevery.biz.ua\/?p=21762","title":{"rendered":"\u015amiertelny wypadek na drodze wojew\u00f3dzkiej nr 835. Nie \u017cyje 40-letni kierowca BMW"},"content":{"rendered":"\n<p class=\"wp-block-paragraph\">Fot. Policja Bi\u0142gorajska \/ Facebook<br>Policjanci z Bi\u0142goraja badaj\u0105 okoliczno\u015bci \u015bmiertelnego wypadku na drodze wojew\u00f3dzkiej nr 835. W zderzeniu samochodu osobowego z ci\u0119\u017car\u00f3wk\u0105 zgin\u0119\u0142a jedna osoba, a nad ustaleniami s\u0142u\u017cb czuwa prokurator.<\/p>\n\n\n\n<p class=\"wp-block-paragraph\">Do tragedii dosz\u0142o w \u015brod\u0119 12 sierpnia oko\u0142o godziny 10:30 we Frampolu w wojew\u00f3dztwie lubelskim. Po zderzeniu obu pojazd\u00f3w ruch na trasie by\u0142 sparali\u017cowany przez kilka godzin. Ratownicy natychmiast ruszyli z pomoc\u0105, ale obra\u017cenia kierowcy osob\u00f3wki okaza\u0142y si\u0119 \u015bmiertelne.<\/p>\n\n\n\n<p class=\"wp-block-paragraph\">Kierowca BMW zjecha\u0142 na przeciwleg\u0142y pas<br>Z ustale\u0144 funkcjonariuszy wynika, \u017ce 40-letni mieszkaniec powiatu bi\u0142gorajskiego jecha\u0142 BMW z Frampola w stron\u0119 Lublina.&nbsp;<\/p>\n\n\n\n<p class=\"wp-block-paragraph\">\u201eJak ustalili policjanci, na wzniesieniu kierowca tego auta zjecha\u0142 na przeciwleg\u0142y pas ruchu. Doprowadzi\u0142 do czo\u0142owo-bocznego zderzenia z jad\u0105cym z przeciwnego kierunku pojazdem ci\u0119\u017carowym marki Volvo&#8221; \u2013 relacjonuje aspirant Joanna Pilarska, rzeczniczka bi\u0142gorajskiej policji.&nbsp;<\/p>\n\n\n\n<p class=\"wp-block-paragraph\">Na miejsce natychmiast wezwano s\u0142u\u017cby ratunkowe, ale obra\u017cenia okaza\u0142y si\u0119 zbyt powa\u017cne i 40-latek zgin\u0105\u0142 na miejscu.<br><\/p>\n\n\n\n<p class=\"wp-block-paragraph\">Trze\u017awy kierowca ci\u0119\u017car\u00f3wki i utrudnienia na trasie<br>Volvo prowadzi\u0142 25-letni mieszkaniec powiatu janowskiego. Policjanci przebadali go alkomatem jeszcze na miejscu i badanie wykaza\u0142o, \u017ce w chwili wypadku by\u0142 trze\u017awy. Czynno\u015bciami kierowa\u0142 prokurator.&nbsp;<\/p>\n\n\n\n<p class=\"wp-block-paragraph\">\u201eNa miejscu wypadku pracowali funkcjonariusze, kt\u00f3rzy pod nadzorem prokuratora wykonywali czynno\u015bci procesowe, w tym ogl\u0119dziny pojazd\u00f3w i miejsca zdarzenia&#8221; \u2013 przekaza\u0142a aspirant Pilarska.&nbsp;<\/p>\n\n\n\n<p class=\"wp-block-paragraph\">Zebrane \u015blady i dowody maj\u0105 pom\u00f3c w dok\u0142adnym odtworzeniu przyczyn oraz przebiegu tragedii.<\/p>\n\n\n\n<p class=\"wp-block-paragraph\">Przez czas pracy s\u0142u\u017cb DW835 we Frampolu pozostawa\u0142a nieprzejezdna przez kilka godzin, a policjanci kierowali nadje\u017cd\u017caj\u0105ce auta na lokalne objazdy. Po zako\u0144czeniu dzia\u0142a\u0144 rzeczniczka bi\u0142gorajskiej komendy zaapelowa\u0142a do kierowc\u00f3w o rozwag\u0119 i szczeg\u00f3ln\u0105 ostro\u017cno\u015b\u0107 na drodze.<br><\/p>\n\n\n\n<p class=\"wp-block-paragraph\">Czarny bilans na polskich drogach<br>Tragedia we Frampolu wpisuje si\u0119 w ponury bilans ostatnich dni. Wed\u0142ug danych Komendy G\u0142\u00f3wnej Policji tylko w \u015brod\u0119 12 sierpnia w ca\u0142ym kraju dosz\u0142o do 93 wypadk\u00f3w, w kt\u00f3rych zgin\u0119\u0142o 5 os\u00f3b, a 101 zosta\u0142o rannych. W ci\u0105gu tej samej doby funkcjonariusze zatrzymali te\u017c 253 nietrze\u017awych kieruj\u0105cych.\u00a0<br><\/p>\n\n\n\n<p class=\"wp-block-paragraph\">Jeszcze bardziej niepokoj\u0105co wygl\u0105da bilans wakacji. Z policyjnej \u201eMapy Wypadk\u00f3w Drogowych ze Skutkiem \u015amiertelnym&#8221; wynika, \u017ce od pocz\u0105tku okresu urlopowego do 12 sierpnia w 195 wypadkach zgin\u0119\u0142o blisko dwie\u015bcie os\u00f3b.&nbsp;<\/p>\n","protected":false},"excerpt":{"rendered":"Fot. Policja Bi\u0142gorajska \/ FacebookPolicjanci z Bi\u0142goraja badaj\u0105 okoliczno\u015bci \u015bmiertelnego wypadku na drodze wojew\u00f3dzkiej nr 835. W zderzeniu samochodu osobowego z ci\u0119\u017car\u00f3wk\u0105 zgin\u0119\u0142a \n<a class=\"moretag\" href=\"https:\/\/lifevery.biz.ua\/?p=21762\"> [...]<\/a>","protected":false},"author":1,"featured_media":21763,"comment_status":"open","ping_status":"open","sticky":false,"template":"","format":"standard","meta":{"footnotes":""},"categories":[1],"tags":[],"class_list":["post-21762","post","type-post","status-publish","format-standard","has-post-thumbnail","hentry","category-blog"],"_links":{"self":[{"href":"https:\/\/lifevery.biz.ua\/index.php?rest_route=\/wp\/v2\/posts\/21762","targetHints":{"allow":["GET"]}}],"collection":[{"href":"https:\/\/lifevery.biz.ua\/index.php?rest_route=\/wp\/v2\/posts"}],"about":[{"href":"https:\/\/lifevery.biz.ua\/index.php?rest_route=\/wp\/v2\/types\/post"}],"author":[{"embeddable":true,"href":"https:\/\/lifevery.biz.ua\/index.php?rest_route=\/wp\/v2\/users\/1"}],"replies":[{"embeddable":true,"href":"https:\/\/lifevery.biz.ua\/index.php?rest_route=%2Fwp%2Fv2%2Fcomments&post=21762"}],"version-history":[{"count":1,"href":"https:\/\/lifevery.biz.ua\/index.php?rest_route=\/wp\/v2\/posts\/21762\/revisions"}],"predecessor-version":[{"id":21764,"href":"https:\/\/lifevery.biz.ua\/index.php?rest_route=\/wp\/v2\/posts\/21762\/revisions\/21764"}],"wp:featuredmedia":[{"embeddable":true,"href":"https:\/\/lifevery.biz.ua\/index.php?rest_route=\/wp\/v2\/media\/21763"}],"wp:attachment":[{"href":"https:\/\/lifevery.biz.ua\/index.php?rest_route=%2Fwp%2Fv2%2Fmedia&parent=21762"}],"wp:term":[{"taxonomy":"category","embeddable":true,"href":"https:\/\/lifevery.biz.ua\/index.php?rest_route=%2Fwp%2Fv2%2Fcategories&post=21762"},{"taxonomy":"post_tag","embeddable":true,"href":"https:\/\/lifevery.biz.ua\/index.php?rest_route=%2Fwp%2Fv2%2Ftags&post=21762"}],"curies":[{"name":"wp","href":"https:\/\/api.w.org\/{rel}","templated":true}]}}