{"id":21759,"date":"2026-08-31T20:55:47","date_gmt":"2026-08-31T20:55:47","guid":{"rendered":"https:\/\/lifevery.biz.ua\/?p=21759"},"modified":"2026-08-31T20:55:47","modified_gmt":"2026-08-31T20:55:47","slug":"smiertelny-wypadek-na-drodze-wojewodzkiej-nr-835-nie-zyje-40-letni-kierowca-bmw","status":"publish","type":"post","link":"https:\/\/lifevery.biz.ua\/?p=21759","title":{"rendered":"\u015amiertelny wypadek na drodze wojew\u00f3dzkiej nr 835. Nie \u017cyje 40-letni kierowca BMW"},"content":{"rendered":"\n<p class=\"wp-block-paragraph\">\u015amiertelny wypadek na drodze wojew\u00f3dzkiej nr 835. Nie \u017cyje 40-letni kierowca BMW<\/p>\n\n\n\n<p class=\"wp-block-paragraph\">Fot. Policja Bi\u0142gorajska \/ Facebook<br>Policjanci z Bi\u0142goraja badaj\u0105 okoliczno\u015bci \u015bmiertelnego wypadku na drodze wojew\u00f3dzkiej nr 835. W zderzeniu samochodu osobowego z ci\u0119\u017car\u00f3wk\u0105 zgin\u0119\u0142a jedna osoba, a nad ustaleniami s\u0142u\u017cb czuwa prokurator.<\/p>\n\n\n\n<p class=\"wp-block-paragraph\">Do tragedii dosz\u0142o w \u015brod\u0119 12 sierpnia oko\u0142o godziny 10:30 we Frampolu w wojew\u00f3dztwie lubelskim. Po zderzeniu obu pojazd\u00f3w ruch na trasie by\u0142 sparali\u017cowany przez kilka godzin. Ratownicy natychmiast ruszyli z pomoc\u0105, ale obra\u017cenia kierowcy osob\u00f3wki okaza\u0142y si\u0119 \u015bmiertelne.<\/p>\n\n\n\n<p class=\"wp-block-paragraph\">Kierowca BMW zjecha\u0142 na przeciwleg\u0142y pas<br>Z ustale\u0144 funkcjonariuszy wynika, \u017ce 40-letni mieszkaniec powiatu bi\u0142gorajskiego jecha\u0142 BMW z Frampola w stron\u0119 Lublina.&nbsp;<\/p>\n\n\n\n<p class=\"wp-block-paragraph\">\u201eJak ustalili policjanci, na wzniesieniu kierowca tego auta zjecha\u0142 na przeciwleg\u0142y pas ruchu. Doprowadzi\u0142 do czo\u0142owo-bocznego zderzenia z jad\u0105cym z przeciwnego kierunku pojazdem ci\u0119\u017carowym marki Volvo&#8221; \u2013 relacjonuje aspirant Joanna Pilarska, rzeczniczka bi\u0142gorajskiej policji.&nbsp;<\/p>\n\n\n\n<p class=\"wp-block-paragraph\">Na miejsce natychmiast wezwano s\u0142u\u017cby ratunkowe, ale obra\u017cenia okaza\u0142y si\u0119 zbyt powa\u017cne i 40-latek zgin\u0105\u0142 na miejscu.<br><\/p>\n","protected":false},"excerpt":{"rendered":"\u015amiertelny wypadek na drodze wojew\u00f3dzkiej nr 835. Nie \u017cyje 40-letni kierowca BMW Fot. Policja Bi\u0142gorajska \/ FacebookPolicjanci z Bi\u0142goraja badaj\u0105 okoliczno\u015bci \u015bmiertelnego wypadku \n<a class=\"moretag\" href=\"https:\/\/lifevery.biz.ua\/?p=21759\"> [...]<\/a>","protected":false},"author":1,"featured_media":21760,"comment_status":"open","ping_status":"open","sticky":false,"template":"","format":"standard","meta":{"footnotes":""},"categories":[1],"tags":[],"class_list":["post-21759","post","type-post","status-publish","format-standard","has-post-thumbnail","hentry","category-blog"],"_links":{"self":[{"href":"https:\/\/lifevery.biz.ua\/index.php?rest_route=\/wp\/v2\/posts\/21759","targetHints":{"allow":["GET"]}}],"collection":[{"href":"https:\/\/lifevery.biz.ua\/index.php?rest_route=\/wp\/v2\/posts"}],"about":[{"href":"https:\/\/lifevery.biz.ua\/index.php?rest_route=\/wp\/v2\/types\/post"}],"author":[{"embeddable":true,"href":"https:\/\/lifevery.biz.ua\/index.php?rest_route=\/wp\/v2\/users\/1"}],"replies":[{"embeddable":true,"href":"https:\/\/lifevery.biz.ua\/index.php?rest_route=%2Fwp%2Fv2%2Fcomments&post=21759"}],"version-history":[{"count":1,"href":"https:\/\/lifevery.biz.ua\/index.php?rest_route=\/wp\/v2\/posts\/21759\/revisions"}],"predecessor-version":[{"id":21761,"href":"https:\/\/lifevery.biz.ua\/index.php?rest_route=\/wp\/v2\/posts\/21759\/revisions\/21761"}],"wp:featuredmedia":[{"embeddable":true,"href":"https:\/\/lifevery.biz.ua\/index.php?rest_route=\/wp\/v2\/media\/21760"}],"wp:attachment":[{"href":"https:\/\/lifevery.biz.ua\/index.php?rest_route=%2Fwp%2Fv2%2Fmedia&parent=21759"}],"wp:term":[{"taxonomy":"category","embeddable":true,"href":"https:\/\/lifevery.biz.ua\/index.php?rest_route=%2Fwp%2Fv2%2Fcategories&post=21759"},{"taxonomy":"post_tag","embeddable":true,"href":"https:\/\/lifevery.biz.ua\/index.php?rest_route=%2Fwp%2Fv2%2Ftags&post=21759"}],"curies":[{"name":"wp","href":"https:\/\/api.w.org\/{rel}","templated":true}]}}