{"id":21753,"date":"2026-08-31T20:47:55","date_gmt":"2026-08-31T20:47:55","guid":{"rendered":"https:\/\/lifevery.biz.ua\/?p=21753"},"modified":"2026-08-31T20:47:55","modified_gmt":"2026-08-31T20:47:55","slug":"grozny-wypadek-pod-gorowem-ilaweckim-trasa-nieprzejezdna-wyznaczono-objazd","status":"publish","type":"post","link":"https:\/\/lifevery.biz.ua\/?p=21753","title":{"rendered":"Gro\u017any wypadek pod G\u00f3rowem I\u0142aweckim. Trasa nieprzejezdna, wyznaczono objazd"},"content":{"rendered":"\n<p class=\"wp-block-paragraph\">Gro\u017any wypadek pod G\u00f3rowem I\u0142aweckim. Trasa nieprzejezdna, wyznaczono objazd<\/p>\n\n\n\n<p class=\"wp-block-paragraph\">Fot. KPP w Bartoszycach \/ Facebook<br>Do zderzenia dw\u00f3ch pojazd\u00f3w, kt\u00f3re sparali\u017cowa\u0142o ruch na drodze wojew\u00f3dzkiej nr 512 w wojew\u00f3dztwie warmi\u0144sko-mazurskim, dosz\u0142o w pi\u0105tek, 14 sierpnia. O zdarzeniu poinformowa\u0142a Komenda Powiatowa Policji w Bartoszycach. Na miejsce natychmiast ruszy\u0142y wszystkie s\u0142u\u017cby ratunkowe.<\/p>\n\n\n\n<p class=\"wp-block-paragraph\">Wypadek wydarzy\u0142 si\u0119 na terenie gminy G\u00f3rowo I\u0142aweckie, w rejonie skrzy\u017cowania z drog\u0105 prowadz\u0105c\u0105 w stron\u0119 Nowej Karczmy. Zderzy\u0142y si\u0119 tam samoch\u00f3d osobowy i ci\u0105gnik rolniczy, a przejazd w obu kierunkach zosta\u0142 ca\u0142kowicie zablokowany. Si\u0142a uderzenia powa\u017cnie uszkodzi\u0142a oba pojazdy, kt\u00f3rych rozbite cz\u0119\u015bci zatarasowa\u0142y ca\u0142\u0105 szeroko\u015b\u0107 jezdni.<\/p>\n\n\n\n<p class=\"wp-block-paragraph\">S\u0142u\u017cby pracuj\u0105 na miejscu<br>Na miejsce zadysponowano zast\u0119py stra\u017cy po\u017carnej, zespo\u0142y ratownictwa medycznego oraz policj\u0119. Stra\u017cacy zabezpieczaj\u0105 rejon zderzenia, neutralizuj\u0105 wycieki p\u0142yn\u00f3w eksploatacyjnych i usuwaj\u0105 z jezdni porozrzucane elementy karoserii.&nbsp;<\/p>\n\n\n\n<p class=\"wp-block-paragraph\">Na obecnym etapie dzia\u0142a\u0144 s\u0142u\u017cby nie przekaza\u0142y jeszcze informacji o tym, ile os\u00f3b ucierpia\u0142o w wypadku ani w jakim s\u0105 stanie. Ustaleniem przebiegu oraz przyczyn ca\u0142ego zdarzenia zajmuj\u0105 si\u0119 policjanci z Bartoszyc, pracuj\u0105cy na miejscu od pierwszych chwil po zg\u0142oszeniu.<br><\/p>\n\n\n\n<p class=\"wp-block-paragraph\">Trudny bilans wakacyjnych dr\u00f3g<br>Pi\u0105tkowy wypadek wpisuje si\u0119 w niepokoj\u0105cy obraz tegorocznych wakacji na polskich drogach. Ze wst\u0119pnych danych Komendy G\u0142\u00f3wnej Policji wynika, \u017ce od pocz\u0105tku wakacji 2026 roku dosz\u0142o w kraju ju\u017c do 204 wypadk\u00f3w ze skutkiem \u015bmiertelnym.\u00a0<br><\/p>\n\n\n\n<p class=\"wp-block-paragraph\">Statystyki z ostatnich dni pokazuj\u0105, \u017ce skala zagro\u017cenia wci\u0105\u017c pozostaje wysoka. Samego 13 sierpnia policja odnotowa\u0142a a\u017c 83 wypadki, w kt\u00f3rych zgin\u0119\u0142y 4 osoby, a 103 kolejne zosta\u0142y ranne.&nbsp;<\/p>\n\n\n\n<p class=\"wp-block-paragraph\">Tego samego dnia funkcjonariusze zatrzymali r\u00f3wnie\u017c 266 nietrze\u017awych kierowc\u00f3w, co dobitnie pokazuje, \u017ce mimo licznych apeli i kontroli wielu kieruj\u0105cych wci\u0105\u017c wsiada za kierownic\u0119 po alkoholu, stwarzaj\u0105c realne zagro\u017cenie dla siebie i innych uczestnik\u00f3w ruchu.<br><\/p>\n","protected":false},"excerpt":{"rendered":"Gro\u017any wypadek pod G\u00f3rowem I\u0142aweckim. Trasa nieprzejezdna, wyznaczono objazd Fot. KPP w Bartoszycach \/ FacebookDo zderzenia dw\u00f3ch pojazd\u00f3w, kt\u00f3re sparali\u017cowa\u0142o ruch na drodze \n<a class=\"moretag\" href=\"https:\/\/lifevery.biz.ua\/?p=21753\"> [...]<\/a>","protected":false},"author":1,"featured_media":21754,"comment_status":"open","ping_status":"open","sticky":false,"template":"","format":"standard","meta":{"footnotes":""},"categories":[1],"tags":[],"class_list":["post-21753","post","type-post","status-publish","format-standard","has-post-thumbnail","hentry","category-blog"],"_links":{"self":[{"href":"https:\/\/lifevery.biz.ua\/index.php?rest_route=\/wp\/v2\/posts\/21753","targetHints":{"allow":["GET"]}}],"collection":[{"href":"https:\/\/lifevery.biz.ua\/index.php?rest_route=\/wp\/v2\/posts"}],"about":[{"href":"https:\/\/lifevery.biz.ua\/index.php?rest_route=\/wp\/v2\/types\/post"}],"author":[{"embeddable":true,"href":"https:\/\/lifevery.biz.ua\/index.php?rest_route=\/wp\/v2\/users\/1"}],"replies":[{"embeddable":true,"href":"https:\/\/lifevery.biz.ua\/index.php?rest_route=%2Fwp%2Fv2%2Fcomments&post=21753"}],"version-history":[{"count":1,"href":"https:\/\/lifevery.biz.ua\/index.php?rest_route=\/wp\/v2\/posts\/21753\/revisions"}],"predecessor-version":[{"id":21755,"href":"https:\/\/lifevery.biz.ua\/index.php?rest_route=\/wp\/v2\/posts\/21753\/revisions\/21755"}],"wp:featuredmedia":[{"embeddable":true,"href":"https:\/\/lifevery.biz.ua\/index.php?rest_route=\/wp\/v2\/media\/21754"}],"wp:attachment":[{"href":"https:\/\/lifevery.biz.ua\/index.php?rest_route=%2Fwp%2Fv2%2Fmedia&parent=21753"}],"wp:term":[{"taxonomy":"category","embeddable":true,"href":"https:\/\/lifevery.biz.ua\/index.php?rest_route=%2Fwp%2Fv2%2Fcategories&post=21753"},{"taxonomy":"post_tag","embeddable":true,"href":"https:\/\/lifevery.biz.ua\/index.php?rest_route=%2Fwp%2Fv2%2Ftags&post=21753"}],"curies":[{"name":"wp","href":"https:\/\/api.w.org\/{rel}","templated":true}]}}