{"id":21750,"date":"2026-08-31T20:43:16","date_gmt":"2026-08-31T20:43:16","guid":{"rendered":"https:\/\/lifevery.biz.ua\/?p=21750"},"modified":"2026-08-31T20:43:16","modified_gmt":"2026-08-31T20:43:16","slug":"tragiczny-wypadek-pod-kielcami-droga-calkowicie-zablokowana-trwa-akcja-sluzb","status":"publish","type":"post","link":"https:\/\/lifevery.biz.ua\/?p=21750","title":{"rendered":"Tragiczny wypadek pod Kielcami. Droga ca\u0142kowicie zablokowana, trwa akcja s\u0142u\u017cb"},"content":{"rendered":"\n<p class=\"wp-block-paragraph\">Tragiczny wypadek pod Kielcami. Droga ca\u0142kowicie zablokowana, trwa akcja s\u0142u\u017cb<\/p>\n\n\n\n<p class=\"wp-block-paragraph\">Fot. fotoinformator pl\/pexels<br>Do tragicznego wypadku dosz\u0142o w \u015bwi\u0105teczny poranek w sobot\u0119 15 sierpnia. Oko\u0142o godziny 5:00 s\u0142u\u017cby ratunkowe otrzyma\u0142y niepokoj\u0105ce zg\u0142oszenie o wypadku na jednej z lokalnych tras w wojew\u00f3dztwie \u015bwi\u0119tokrzyskim. W\u0142a\u015bnie przekazano dramatyczne informacje dotycz\u0105ce wypadku. Trwa pilna akcja s\u0142u\u017cb.<\/p>\n\n\n\n<p class=\"wp-block-paragraph\">Samoch\u00f3d osobowy marki Huyndai zjecha\u0142 na przeciwleg\u0142y pas ruchu i z impetem wjecha\u0142 w przydro\u017cne bariery. Niestety, ale pomimo wysi\u0142ku medyk\u00f3w, \u017cycia kierowcy nie uda\u0142o si\u0119 uratowa\u0107.&nbsp;<\/p>\n\n\n\n<p class=\"wp-block-paragraph\">Tragiczny wypadek w woj. \u015bwi\u0119tokrzyskim. Nie \u017cyje kierowca<br>Do fatalnego zdarzenia drogowego dosz\u0142o w sobot\u0119 15 sierpnia w godzinach porannych. Oko\u0142o godziny 5:00 s\u0142u\u017cby otrzyma\u0142y niepokoj\u0105ce zg\u0142oszenie o wypadku w miejscowo\u015bci Rykoszyn (woj. \u015bwi\u0119tokrzyskie). Na miejsce od razu zadysponowano ratownik\u00f3w, a tak\u017ce kilka jednostek lokalnej stra\u017cy.<\/p>\n\n\n\n<p class=\"wp-block-paragraph\">Gdy mundurowi dotarli na miejsce, by\u0142o ju\u017c jednak za p\u00f3\u017ano. Okaza\u0142o si\u0119, \u017ce 60-letni kieruj\u0105cy osobowym Hyundaiem nie \u017cyje.&nbsp;<\/p>\n\n\n\n<p class=\"wp-block-paragraph\">Tragiczny wypadek w Rykoszynie. Jak dosz\u0142o do dramatu?<br>Wed\u0142ug informacji przekazanych przez s\u0142u\u017cby pracuj\u0105ce na miejscu tragedii, 60-latek w pewnym momencie zjecha\u0142 ze swojego pasa ruchu i znalaz\u0142 si\u0119 po przeciwnej stronie jezdni. Po wszystkim uderzy\u0142 w bariery energoch\u0142onne.<\/p>\n\n\n\n<p class=\"wp-block-paragraph\">Na miejscu w dalszym ci\u0105gu trwa pilna akcja s\u0142u\u017cb, a droga jest ca\u0142kowicie zablokowana. Trwa ustalanie szczeg\u00f3\u0142owych okoliczno\u015bci tego incydentu.<br><\/p>\n\n\n\n<p class=\"wp-block-paragraph\">Kolejny dramatyczny wypadek na \u015bwi\u0119tokrzyskiej trasie<br>Do tragicznego wypadku dosz\u0142o w pi\u0105tkowe popo\u0142udnie, 14 sierpnia. Na drodze krajowej nr 9 zderzy\u0142y si\u0119 dwa samochody. Jedna osoba zgin\u0119\u0142a.<br><\/p>\n\n\n\n<p class=\"wp-block-paragraph\">Zdarzenie mia\u0142o miejsce w Ostrowcu \u015awi\u0119tokrzyskim. Obie ulice stanowi\u0105 cz\u0119\u015b\u0107 krajowej &#8220;dziewi\u0105tki\u201d. Jak podaje portal Ostrowiec \u015awietokrzyski naszemiasto.pl do wypadku dosz\u0142o oko\u0142o godziny 17.40.<\/p>\n","protected":false},"excerpt":{"rendered":"Tragiczny wypadek pod Kielcami. Droga ca\u0142kowicie zablokowana, trwa akcja s\u0142u\u017cb Fot. fotoinformator pl\/pexelsDo tragicznego wypadku dosz\u0142o w \u015bwi\u0105teczny poranek w sobot\u0119 15 sierpnia. \n<a class=\"moretag\" href=\"https:\/\/lifevery.biz.ua\/?p=21750\"> [...]<\/a>","protected":false},"author":1,"featured_media":21751,"comment_status":"open","ping_status":"open","sticky":false,"template":"","format":"standard","meta":{"footnotes":""},"categories":[1],"tags":[],"class_list":["post-21750","post","type-post","status-publish","format-standard","has-post-thumbnail","hentry","category-blog"],"_links":{"self":[{"href":"https:\/\/lifevery.biz.ua\/index.php?rest_route=\/wp\/v2\/posts\/21750","targetHints":{"allow":["GET"]}}],"collection":[{"href":"https:\/\/lifevery.biz.ua\/index.php?rest_route=\/wp\/v2\/posts"}],"about":[{"href":"https:\/\/lifevery.biz.ua\/index.php?rest_route=\/wp\/v2\/types\/post"}],"author":[{"embeddable":true,"href":"https:\/\/lifevery.biz.ua\/index.php?rest_route=\/wp\/v2\/users\/1"}],"replies":[{"embeddable":true,"href":"https:\/\/lifevery.biz.ua\/index.php?rest_route=%2Fwp%2Fv2%2Fcomments&post=21750"}],"version-history":[{"count":1,"href":"https:\/\/lifevery.biz.ua\/index.php?rest_route=\/wp\/v2\/posts\/21750\/revisions"}],"predecessor-version":[{"id":21752,"href":"https:\/\/lifevery.biz.ua\/index.php?rest_route=\/wp\/v2\/posts\/21750\/revisions\/21752"}],"wp:featuredmedia":[{"embeddable":true,"href":"https:\/\/lifevery.biz.ua\/index.php?rest_route=\/wp\/v2\/media\/21751"}],"wp:attachment":[{"href":"https:\/\/lifevery.biz.ua\/index.php?rest_route=%2Fwp%2Fv2%2Fmedia&parent=21750"}],"wp:term":[{"taxonomy":"category","embeddable":true,"href":"https:\/\/lifevery.biz.ua\/index.php?rest_route=%2Fwp%2Fv2%2Fcategories&post=21750"},{"taxonomy":"post_tag","embeddable":true,"href":"https:\/\/lifevery.biz.ua\/index.php?rest_route=%2Fwp%2Fv2%2Ftags&post=21750"}],"curies":[{"name":"wp","href":"https:\/\/api.w.org\/{rel}","templated":true}]}}