{"id":21747,"date":"2026-08-31T20:39:30","date_gmt":"2026-08-31T20:39:30","guid":{"rendered":"https:\/\/lifevery.biz.ua\/?p=21747"},"modified":"2026-08-31T20:39:30","modified_gmt":"2026-08-31T20:39:30","slug":"poranny-wypadek-na-autostradzie-a1-bramownica-spadla-na-autokar-pelen-pasazerow-droga-zablokowana-2","status":"publish","type":"post","link":"https:\/\/lifevery.biz.ua\/?p=21747","title":{"rendered":"Poranny wypadek na autostradzie A1. Bramownica spad\u0142a na autokar pe\u0142en pasa\u017cer\u00f3w, droga zablokowana"},"content":{"rendered":"\n<p class=\"wp-block-paragraph\"><br>Autostrada A1 w kierunku \u0141odzi zosta\u0142a zablokowana po powa\u017cnym wypadku, do kt\u00f3rego dosz\u0142o w sobotni poranek. 53-letni kierowca zespo\u0142u pojazd\u00f3w prawdopodobnie zasn\u0105\u0142 za kierownic\u0105, zjecha\u0142 z jezdni i uderzy\u0142 w bramownic\u0119. Przewr\u00f3cona konstrukcja uszkodzi\u0142a przeje\u017cd\u017caj\u0105cy obok autobus w kt\u00f3rym podr\u00f3\u017cowa\u0142o wielu pasa\u017cer\u00f3w.<\/p>\n\n\n\n<p class=\"wp-block-paragraph\">Wypadek mia\u0142 miejsce na odcinku autostrady A1 w kierunku \u0141odzi. Na miejscu pracuj\u0105 s\u0142u\u017cby, kt\u00f3re zabezpieczaj\u0105 teren i usuwaj\u0105 skutki wypadku. Kierowcy musz\u0105 liczy\u0107 si\u0119 z powa\u017cnymi utrudnieniami w ruchu.<\/p>\n\n\n\n<p class=\"wp-block-paragraph\">Kierowca zasn\u0105\u0142 za kierownic\u0105. Bramownica spad\u0142a na autobus<br>Do zdarzenia dosz\u0142o w sobot\u0119 15 sierpnia oko\u0142o godziny 5 na autostradzie A1 w rejonie \u017bor, na jezdni w kierunku \u0141odzi. Jak przekaza\u0142 dy\u017curny Komisariatu Autostradowego Policji w Gliwicach, 53-letni kierowca zespo\u0142u pojazd\u00f3w zjecha\u0142 z drogi. Wszystko wskazuje na to, \u017ce m\u0119\u017cczyzna zasn\u0105\u0142 za kierownic\u0105.<\/p>\n\n\n\n<p class=\"wp-block-paragraph\">W wyniku uderzenia w przydro\u017cn\u0105 bramownic\u0119 konstrukcja przewr\u00f3ci\u0142a si\u0119 na jezdni\u0119. W tym samym momencie obok miejsca zdarzenia przeje\u017cd\u017ca\u0142 autobus, kt\u00f3ry zosta\u0142 uszkodzony przez spadaj\u0105c\u0105 konstrukcj\u0119. Na szcz\u0119\u015bcie \u017caden z jego pasa\u017cer\u00f3w nie odni\u00f3s\u0142 obra\u017ce\u0144.<\/p>\n\n\n\n<p class=\"wp-block-paragraph\">Uciek\u0142 natomiast kierowca zespo\u0142u pojazd\u00f3w. 53-latek by\u0142 przytomny, dozna\u0142 lekkich pot\u0142ucze\u0144 i zosta\u0142 przewieziony do szpitala na badania. Policjanci ustalili, \u017ce najbardziej prawdopodobn\u0105 przyczyn\u0105 zdarzenia by\u0142o za\u015bni\u0119cie za kierownic\u0105. M\u0119\u017cczyzna zosta\u0142 ukarany mandatem.<\/p>\n\n\n\n<p class=\"wp-block-paragraph\">Utrudnienia na A1 w kierunku \u0141odzi. Na miejscu pracuj\u0105 s\u0142u\u017cby<br>Skutki wypadku odczuli r\u00f3wnie\u017c inni kierowcy podr\u00f3\u017cuj\u0105cy autostrad\u0105 A1. Jezdnia w kierunku \u0141odzi, na odcinku oko\u0142o 8 kilometr\u00f3w, zosta\u0142a ca\u0142kowicie zablokowana. Na miejscu pracuj\u0105 s\u0142u\u017cby, kt\u00f3re zabezpieczaj\u0105 teren oraz usuwaj\u0105 uszkodzony pojazd i elementy przewr\u00f3conej bramownicy.<\/p>\n\n\n\n<p class=\"wp-block-paragraph\">Wed\u0142ug dy\u017curnego Komisariatu Autostradowego Policji w Gliwicach przejazd ma zosta\u0107 przywr\u00f3cony oko\u0142o godziny 12. Do tego czasu kierowcy musz\u0105 przygotowa\u0107 si\u0119 na powa\u017cne utrudnienia. Policja apeluje o ostro\u017cno\u015b\u0107 i stosowanie si\u0119 do polece\u0144 funkcjonariuszy oraz s\u0142u\u017cb kieruj\u0105cych ruchem.<br><\/p>\n\n\n\n<p class=\"wp-block-paragraph\">Policjanci zwracaj\u0105 przy tym uwag\u0119 na niebezpiecze\u0144stwo zwi\u0105zane ze zm\u0119czeniem podczas prowadzenia pojazdu. Za\u015bni\u0119cie za kierownic\u0105, szczeg\u00f3lnie na autostradzie, mo\u017ce w kilka sekund doprowadzi\u0107 do tragicznego w skutkach wypadku. Funkcjonariusze przypominaj\u0105, by nie ignorowa\u0107 pierwszych oznak senno\u015bci i w razie potrzeby zrobi\u0107 przerw\u0119 w podr\u00f3\u017cy.<\/p>\n\n\n\n<p class=\"wp-block-paragraph\"><\/p>\n","protected":false},"excerpt":{"rendered":"Autostrada A1 w kierunku \u0141odzi zosta\u0142a zablokowana po powa\u017cnym wypadku, do kt\u00f3rego dosz\u0142o w sobotni poranek. 53-letni kierowca zespo\u0142u pojazd\u00f3w prawdopodobnie zasn\u0105\u0142 za \n<a class=\"moretag\" href=\"https:\/\/lifevery.biz.ua\/?p=21747\"> [...]<\/a>","protected":false},"author":1,"featured_media":21748,"comment_status":"open","ping_status":"open","sticky":false,"template":"","format":"standard","meta":{"footnotes":""},"categories":[1],"tags":[],"class_list":["post-21747","post","type-post","status-publish","format-standard","has-post-thumbnail","hentry","category-blog"],"_links":{"self":[{"href":"https:\/\/lifevery.biz.ua\/index.php?rest_route=\/wp\/v2\/posts\/21747","targetHints":{"allow":["GET"]}}],"collection":[{"href":"https:\/\/lifevery.biz.ua\/index.php?rest_route=\/wp\/v2\/posts"}],"about":[{"href":"https:\/\/lifevery.biz.ua\/index.php?rest_route=\/wp\/v2\/types\/post"}],"author":[{"embeddable":true,"href":"https:\/\/lifevery.biz.ua\/index.php?rest_route=\/wp\/v2\/users\/1"}],"replies":[{"embeddable":true,"href":"https:\/\/lifevery.biz.ua\/index.php?rest_route=%2Fwp%2Fv2%2Fcomments&post=21747"}],"version-history":[{"count":1,"href":"https:\/\/lifevery.biz.ua\/index.php?rest_route=\/wp\/v2\/posts\/21747\/revisions"}],"predecessor-version":[{"id":21749,"href":"https:\/\/lifevery.biz.ua\/index.php?rest_route=\/wp\/v2\/posts\/21747\/revisions\/21749"}],"wp:featuredmedia":[{"embeddable":true,"href":"https:\/\/lifevery.biz.ua\/index.php?rest_route=\/wp\/v2\/media\/21748"}],"wp:attachment":[{"href":"https:\/\/lifevery.biz.ua\/index.php?rest_route=%2Fwp%2Fv2%2Fmedia&parent=21747"}],"wp:term":[{"taxonomy":"category","embeddable":true,"href":"https:\/\/lifevery.biz.ua\/index.php?rest_route=%2Fwp%2Fv2%2Fcategories&post=21747"},{"taxonomy":"post_tag","embeddable":true,"href":"https:\/\/lifevery.biz.ua\/index.php?rest_route=%2Fwp%2Fv2%2Ftags&post=21747"}],"curies":[{"name":"wp","href":"https:\/\/api.w.org\/{rel}","templated":true}]}}