{"id":21741,"date":"2026-08-31T20:33:21","date_gmt":"2026-08-31T20:33:21","guid":{"rendered":"https:\/\/lifevery.biz.ua\/?p=21741"},"modified":"2026-08-31T20:33:21","modified_gmt":"2026-08-31T20:33:21","slug":"czolowe-zderzenie-w-birczy-cztery-osoby-ranne-wsrod-nich-dziecko-2","status":"publish","type":"post","link":"https:\/\/lifevery.biz.ua\/?p=21741","title":{"rendered":"Czo\u0142owe zderzenie w Birczy. Cztery osoby ranne, w\u015br\u00f3d nich dziecko"},"content":{"rendered":"\n<p class=\"wp-block-paragraph\">Czo\u0142owe zderzenie w Birczy. Cztery osoby ranne, w\u015br\u00f3d nich dziecko<\/p>\n\n\n\n<p class=\"wp-block-paragraph\">Wypadek w Birczy, fot. OSP Bircza<br>W Birczy dosz\u0142o dzi\u015b przed po\u0142udniem do powa\u017cnego wypadku. Na ul. Granicznej zderzy\u0142y si\u0119 dwa samochody osobowe. Cztery osoby, w tym dziecko, trafi\u0142y do szpitala. Policja wyja\u015bnia przyczyny czo\u0142owego zderzenia suzuki z mercedesem.<\/p>\n\n\n\n<p class=\"wp-block-paragraph\">Do wypadku dosz\u0142o oko\u0142o godz. 10:30 w Birczy w powiecie przemyskim. Zderzenie mia\u0142o miejsce na ul. Granicznej. Ze wst\u0119pnych ustale\u0144 policjant\u00f3w wynika, \u017ce jeden z kierowc\u00f3w znalaz\u0142 si\u0119 na przeciwleg\u0142ym pasie ruchu.<\/p>\n\n\n\n<p class=\"wp-block-paragraph\">Wypadek w Birczy. Zderzy\u0142y si\u0119 suzuki i mercedes<br>S\u0142u\u017cby otrzyma\u0142y informacj\u0119 o wypadku, do kt\u00f3rego dosz\u0142o przed po\u0142udniem na ul. Granicznej w Birczy. W zdarzeniu uczestniczy\u0142y dwa samochody osobowe \u2013 suzuki oraz mercedes. Pojazdy zderzy\u0142y si\u0119 czo\u0142owo.<\/p>\n\n\n\n<p class=\"wp-block-paragraph\">Wypadek w Birczy, fot. OSP Bircza<br>Jak wynika ze wst\u0119pnych ustale\u0144 policji, kieruj\u0105cy suzuki z nieznanych dot\u0105d przyczyn zjecha\u0142 na przeciwleg\u0142y pas ruchu. Tam dosz\u0142o do zderzenia z mercedesem jad\u0105cym z przeciwnego kierunku.<\/p>\n\n\n\n<p class=\"wp-block-paragraph\">Policja nie wskaza\u0142a na tym etapie, dlaczego kierowca suzuki znalaz\u0142 si\u0119 na niew\u0142a\u015bciwej cz\u0119\u015bci jezdni. Dok\u0142adny przebieg i wszystkie okoliczno\u015bci zdarzenia s\u0105 nadal ustalane.<\/p>\n\n\n\n<p class=\"wp-block-paragraph\">Zobacz tak\u017ce: Po\u017car sk\u0142adowiska odpad\u00f3w na Pomorzu. Jest komunikat do mieszka\u0144c\u00f3w<\/p>\n\n\n\n<p class=\"wp-block-paragraph\">Cztery osoby poszkodowane. W\u015br\u00f3d nich dziecko<br>W wyniku czo\u0142owego zderzenia poszkodowane zosta\u0142y cztery osoby. W\u015br\u00f3d rannych jest dziecko. Wszystkie osoby wymagaj\u0105ce pomocy zosta\u0142y przewiezione do szpitala.<\/p>\n\n\n\n<p class=\"wp-block-paragraph\">Informacje o pierwszych ustaleniach funkcjonariuszy przekaza\u0142 TVP3 Rzesz\u00f3w podkomisarz Krystian K\u0142eczek z zespo\u0142u prasowego Komendy Wojew\u00f3dzkiej Policji w Rzeszowie.<\/p>\n\n\n\n<p class=\"wp-block-paragraph\">\u2013 Ze wst\u0119pnych ustale\u0144 policjant\u00f3w wynika, \u017ce kieruj\u0105cy suzuki z nieznanych przyczyn zjecha\u0142 na przeciwleg\u0142y pas ruchu i doprowadzi\u0142 do czo\u0142owego zderzenia z nadje\u017cd\u017caj\u0105cym mercedesem \u2013 przekaza\u0142 TVP3 Rzesz\u00f3w podkomisarz Krystian K\u0142eczek z zespo\u0142u prasowego KWP w Rzeszowie.<br><\/p>\n","protected":false},"excerpt":{"rendered":"Czo\u0142owe zderzenie w Birczy. Cztery osoby ranne, w\u015br\u00f3d nich dziecko Wypadek w Birczy, fot. OSP BirczaW Birczy dosz\u0142o dzi\u015b przed po\u0142udniem do powa\u017cnego \n<a class=\"moretag\" href=\"https:\/\/lifevery.biz.ua\/?p=21741\"> [...]<\/a>","protected":false},"author":1,"featured_media":21742,"comment_status":"open","ping_status":"open","sticky":false,"template":"","format":"standard","meta":{"footnotes":""},"categories":[1],"tags":[],"class_list":["post-21741","post","type-post","status-publish","format-standard","has-post-thumbnail","hentry","category-blog"],"_links":{"self":[{"href":"https:\/\/lifevery.biz.ua\/index.php?rest_route=\/wp\/v2\/posts\/21741","targetHints":{"allow":["GET"]}}],"collection":[{"href":"https:\/\/lifevery.biz.ua\/index.php?rest_route=\/wp\/v2\/posts"}],"about":[{"href":"https:\/\/lifevery.biz.ua\/index.php?rest_route=\/wp\/v2\/types\/post"}],"author":[{"embeddable":true,"href":"https:\/\/lifevery.biz.ua\/index.php?rest_route=\/wp\/v2\/users\/1"}],"replies":[{"embeddable":true,"href":"https:\/\/lifevery.biz.ua\/index.php?rest_route=%2Fwp%2Fv2%2Fcomments&post=21741"}],"version-history":[{"count":1,"href":"https:\/\/lifevery.biz.ua\/index.php?rest_route=\/wp\/v2\/posts\/21741\/revisions"}],"predecessor-version":[{"id":21743,"href":"https:\/\/lifevery.biz.ua\/index.php?rest_route=\/wp\/v2\/posts\/21741\/revisions\/21743"}],"wp:featuredmedia":[{"embeddable":true,"href":"https:\/\/lifevery.biz.ua\/index.php?rest_route=\/wp\/v2\/media\/21742"}],"wp:attachment":[{"href":"https:\/\/lifevery.biz.ua\/index.php?rest_route=%2Fwp%2Fv2%2Fmedia&parent=21741"}],"wp:term":[{"taxonomy":"category","embeddable":true,"href":"https:\/\/lifevery.biz.ua\/index.php?rest_route=%2Fwp%2Fv2%2Fcategories&post=21741"},{"taxonomy":"post_tag","embeddable":true,"href":"https:\/\/lifevery.biz.ua\/index.php?rest_route=%2Fwp%2Fv2%2Ftags&post=21741"}],"curies":[{"name":"wp","href":"https:\/\/api.w.org\/{rel}","templated":true}]}}