{"id":21738,"date":"2026-08-31T20:29:07","date_gmt":"2026-08-31T20:29:07","guid":{"rendered":"https:\/\/lifevery.biz.ua\/?p=21738"},"modified":"2026-08-31T20:29:07","modified_gmt":"2026-08-31T20:29:07","slug":"zbrodnia-w-karolewie-61-latek-i-jego-90-letni-ojczym-zostali-zamordowani-jest-final-sledztwa","status":"publish","type":"post","link":"https:\/\/lifevery.biz.ua\/?p=21738","title":{"rendered":"Zbrodnia w Karolewie. 61-latek i jego 90-letni ojczym zostali zamordowani, jest fina\u0142 \u015bledztwa"},"content":{"rendered":"\n<p class=\"wp-block-paragraph\">Zbrodnia w Karolewie. 61-latek i jego 90-letni ojczym zostali zamordowani, jest fina\u0142 \u015bledztwa<\/p>\n\n\n\n<p class=\"wp-block-paragraph\">Policja (zdj. ilustracyjne), fot. FotoDax\/Shutterstock<br>Dwaj mieszka\u0144cy Karolewa w powiecie sierpeckim zagin\u0119li pod koniec maja 2025 roku. Po niemal trzech tygodniach odnaleziono cia\u0142a 61-latka i jego 90-letniego ojczyma. Prokuratura zako\u0144czy\u0142a \u015bledztwo w sprawie ich \u015bmierci. Izydor J. us\u0142ysza\u0142 zarzuty dw\u00f3ch zab\u00f3jstw, a \u015bledczy wskazali motyw zbrodni.<\/p>\n\n\n\n<p class=\"wp-block-paragraph\">Zagini\u0119cie obu m\u0119\u017cczyzn zosta\u0142o zg\u0142oszone przez ich bliskich 30 maja 2025 roku. Z domu w Karolewie znikn\u0119\u0142y tak\u017ce warto\u015bciowe przedmioty oraz dwa samochody. S\u0142u\u017cby rozpocz\u0119\u0142y zakrojone na du\u017c\u0105 skal\u0119 poszukiwania na terenach le\u015bnych, bagnistych i trudno dost\u0119pnych. Prze\u0142om nast\u0105pi\u0142 17 czerwca, gdy jeden z poszukiwanych samochod\u00f3w odnaleziono na terenie gminy Sk\u0119pe w wojew\u00f3dztwie kujawsko-pomorskim.<\/p>\n\n\n\n<p class=\"wp-block-paragraph\">Zagin\u0119li mieszka\u0144cy Karolewa. Po trzech tygodniach znaleziono ich cia\u0142a<br>61-letni mieszkaniec Karolewa i jego 90-letni ojczym znikn\u0119li pod koniec maja 2025 roku. Bliscy zawiadomili o ich zagini\u0119ciu 30 maja. Jednocze\u015bnie okaza\u0142o si\u0119, \u017ce dom m\u0119\u017cczyzn zosta\u0142 spl\u0105drowany, a wraz z nimi znikn\u0119\u0142y dwa nale\u017c\u0105ce do nich samochody.<\/p>\n\n\n\n<p class=\"wp-block-paragraph\">Rozpocz\u0119to szeroko zakrojon\u0105 akcj\u0119 poszukiwawcz\u0105. Policjant\u00f3w wspierali stra\u017cacy i ratownicy. S\u0142u\u017cby przeczesywa\u0142y mi\u0119dzy innymi lasy, bagna oraz inne trudno dost\u0119pne tereny. W dzia\u0142aniach wykorzystywano psy tropi\u0105ce, drony, kamery termowizyjne, a tak\u017ce policyjny \u015bmig\u0142owiec.<\/p>\n\n\n\n<p class=\"wp-block-paragraph\">Poszukiwania przez kilkana\u015bcie dni nie przynosi\u0142y rozstrzygni\u0119cia. Prze\u0142om nast\u0105pi\u0142 17 czerwca 2025 roku w gminie Sk\u0119pe, oddalonej od Karolewa i po\u0142o\u017conej ju\u017c na terenie wojew\u00f3dztwa kujawsko-pomorskiego.<\/p>\n\n\n\n<p class=\"wp-block-paragraph\">To w\u0142a\u015bnie tam odnaleziono daewoo lanosa nale\u017c\u0105cego do jednego z zaginionych. W samochodzie znajdowa\u0142o si\u0119 cia\u0142o 61-letniego m\u0119\u017cczyzny. Zw\u0142oki jego 90-letniego ojczyma odkryto niedaleko pojazdu. Cia\u0142o by\u0142o cz\u0119\u015bciowo zanurzone w bagnie.<\/p>\n\n\n\n<p class=\"wp-block-paragraph\">Odnalezienie obu m\u0119\u017cczyzn zmieni\u0142o charakter prowadzonego post\u0119powania. \u015aledczy zacz\u0119li wyja\u015bnia\u0107 okoliczno\u015bci podw\u00f3jnego zab\u00f3jstwa oraz rol\u0119 os\u00f3b, kt\u00f3re mog\u0142y mie\u0107 zwi\u0105zek ze spraw\u0105. G\u0142\u00f3wnym podejrzanym zosta\u0142 44-letni Izydor J.<\/p>\n\n\n\n<p class=\"wp-block-paragraph\">Zobacz tak\u017ce: Spotkanie Nawrockiego z Kosiniakiem-Kamyszem podczas defilady. Tak zachowali si\u0119 po przem\u00f3wieniach<br>Izydor J. z zarzutami dw\u00f3ch zab\u00f3jstw. Prokuratura wskazuje motyw rabunkowy<br>Po kilkunastu miesi\u0105cach post\u0119powania prokuratura sformu\u0142owa\u0142a ostateczne zarzuty wobec Izydora J. Dotycz\u0105 one dw\u00f3ch zab\u00f3jstw pope\u0142nionych w zwi\u0105zku z rozbojem oraz z motywacji zas\u0142uguj\u0105cej na szczeg\u00f3lne pot\u0119pienie.<\/p>\n\n\n\n<p class=\"wp-block-paragraph\">Jak przekaza\u0142 w rozmowie z \u201eFaktem\u201d prokurator Bartosz Maliszewski, rzecznik Prokuratury Okr\u0119gowej w P\u0142ocku, wed\u0142ug ustale\u0144 \u015bledczych motywem dzia\u0142ania mia\u0142 by\u0107 rabunek. Prokuratura wi\u0105\u017ce spraw\u0119 mi\u0119dzy innymi ze spl\u0105drowaniem domu obu m\u0119\u017cczyzn oraz kradzie\u017c\u0105 ich mienia i pojazd\u00f3w.<\/p>\n\n\n\n<p class=\"wp-block-paragraph\">\u2013 Ostateczne zarzuty og\u0142oszone g\u0142\u00f3wnemu podejrzanemu to dwa zab\u00f3jstwa pope\u0142nione w zwi\u0105zku z rozbojem i z motywacji zas\u0142uguj\u0105cej na szczeg\u00f3lne pot\u0119pienie. Motywem tej zbrodni by\u0142 rabunek. Ca\u0142y dom zosta\u0142 przez nich spl\u0105drowany, skradziono warto\u015bciowe przedmioty i dwa samochody. Jeden z nich zosta\u0142 porzucony w lesie (daewoo) ze zw\u0142okami. Drugim skradzionym samochodem oskar\u017cony je\u017adzi\u0142 po okolicy i to naprowadzi\u0142o \u015bledczych na trop. Opr\u00f3cz zarzutu zab\u00f3jstwa przedstawiono Izydorowi J. r\u00f3wnie\u017c siedem kolejnych zarzut\u00f3w pope\u0142nienia innych wyst\u0119pk\u00f3w, m.in. posiadania amunicji, broni palnej, narkotyk\u00f3w i niestosowania si\u0119 do zakazu prowadzenia pojazd\u00f3w \u2013 m\u00f3wi w rozmowie z &#8220;Faktem&#8221; prokurator Bartosz Maliszewski, rzecznik Prokuratury Okr\u0119gowej w P\u0142ocku.<\/p>\n\n\n\n<p class=\"wp-block-paragraph\">Z wypowiedzi rzecznika wynika wi\u0119c, \u017ce wa\u017cnym elementem prowadz\u0105cym \u015bledczych do podejrzanego by\u0142 drugi z samochod\u00f3w zabranych z posesji. Wed\u0142ug prokuratury Izydor J. mia\u0142 porusza\u0107 si\u0119 nim po okolicy. Pierwszy pojazd, daewoo, zosta\u0142 odnaleziony ze zw\u0142okami jednego z zaginionych.<\/p>\n\n\n\n<p class=\"wp-block-paragraph\">Opr\u00f3cz dw\u00f3ch najpowa\u017cniejszych zarzut\u00f3w 44-latkowi przedstawiono jeszcze siedem kolejnych. Dotycz\u0105 one innych wyst\u0119pk\u00f3w, w tym posiadania amunicji, broni palnej i narkotyk\u00f3w, a tak\u017ce niestosowania si\u0119 do zakazu prowadzenia pojazd\u00f3w.<\/p>\n\n\n\n<p class=\"wp-block-paragraph\">Izydor J. nadal przebywa w areszcie tymczasowym. W zwi\u0105zku z zarzutami dotycz\u0105cymi podw\u00f3jnego zab\u00f3jstwa grozi mu kara do\u017cywotniego pozbawienia wolno\u015bci.<\/p>\n\n\n\n<p class=\"wp-block-paragraph\">Prokuratura zako\u0144czy\u0142a \u015bledztwo. Pi\u0119\u0107 innych os\u00f3b tak\u017ce stanie przed s\u0105dem<br>\u015aledztwo by\u0142o prowadzone od pocz\u0105tku czerwca 2025 roku. W kolejnych miesi\u0105cach prokuratorzy gromadzili materia\u0142 maj\u0105cy pozwoli\u0107 na odtworzenie przebiegu wydarze\u0144 oraz okre\u015blenie odpowiedzialno\u015bci poszczeg\u00f3lnych os\u00f3b.<br>W ramach post\u0119powania przes\u0142uchano 34 \u015bwiadk\u00f3w. Zlecono r\u00f3wnie\u017c 24 opinie bieg\u0142ych i instytut\u00f3w r\u00f3\u017cnych specjalno\u015bci. Wed\u0142ug przekazanych informacji w\u0142a\u015bnie wyniki wykonanych analiz pomog\u0142y \u015bledczym odtworzy\u0107 przebieg zdarze\u0144 i sformu\u0142owa\u0107 ostateczne zarzuty.<\/p>\n\n\n\n<p class=\"wp-block-paragraph\">Post\u0119powanie nie obejmuje wy\u0142\u0105cznie Izydora J. Oskar\u017conych zosta\u0142o r\u00f3wnie\u017c pi\u0119\u0107 innych os\u00f3b. Zarzuty wobec nich odnosz\u0105 si\u0119 do zachowa\u0144 zwi\u0105zanych z sytuacj\u0105 po pope\u0142nieniu przest\u0119pstwa.<\/p>\n\n\n\n<p class=\"wp-block-paragraph\">\u2013 Opr\u00f3cz Izydora J. pi\u0119ciu innych oskar\u017conych us\u0142ysza\u0142o zarzuty dotycz\u0105ce poplecznictwa, ukrywania i niezawiadamiania o przest\u0119pstwie. Wobec nich zastosowano wolno\u015bciowe \u015brodki zapobiegawcze \u2014 dodaje prok. Maliszewski.<\/p>\n\n\n\n<p class=\"wp-block-paragraph\">W przeciwie\u0144stwie do g\u0142\u00f3wnego oskar\u017conego osoby te nie zosta\u0142y obj\u0119te tymczasowym aresztowaniem. Prokuratura zastosowa\u0142a wobec nich wolno\u015bciowe \u015brodki zapobiegawcze.<\/p>\n\n\n\n<p class=\"wp-block-paragraph\">Po zako\u0144czeniu \u015bledztwa sprawa przechodzi na etap s\u0105dowy. To s\u0105d zdecyduje o odpowiedzialno\u015bci Izydora J. oraz pozosta\u0142ych pi\u0119ciu oskar\u017conych i ostatecznie rozstrzygnie stawiane im zarzuty.<br><\/p>\n","protected":false},"excerpt":{"rendered":"Zbrodnia w Karolewie. 61-latek i jego 90-letni ojczym zostali zamordowani, jest fina\u0142 \u015bledztwa Policja (zdj. ilustracyjne), fot. FotoDax\/ShutterstockDwaj mieszka\u0144cy Karolewa w powiecie sierpeckim \n<a class=\"moretag\" href=\"https:\/\/lifevery.biz.ua\/?p=21738\"> [...]<\/a>","protected":false},"author":1,"featured_media":21739,"comment_status":"open","ping_status":"open","sticky":false,"template":"","format":"standard","meta":{"footnotes":""},"categories":[1],"tags":[],"class_list":["post-21738","post","type-post","status-publish","format-standard","has-post-thumbnail","hentry","category-blog"],"_links":{"self":[{"href":"https:\/\/lifevery.biz.ua\/index.php?rest_route=\/wp\/v2\/posts\/21738","targetHints":{"allow":["GET"]}}],"collection":[{"href":"https:\/\/lifevery.biz.ua\/index.php?rest_route=\/wp\/v2\/posts"}],"about":[{"href":"https:\/\/lifevery.biz.ua\/index.php?rest_route=\/wp\/v2\/types\/post"}],"author":[{"embeddable":true,"href":"https:\/\/lifevery.biz.ua\/index.php?rest_route=\/wp\/v2\/users\/1"}],"replies":[{"embeddable":true,"href":"https:\/\/lifevery.biz.ua\/index.php?rest_route=%2Fwp%2Fv2%2Fcomments&post=21738"}],"version-history":[{"count":1,"href":"https:\/\/lifevery.biz.ua\/index.php?rest_route=\/wp\/v2\/posts\/21738\/revisions"}],"predecessor-version":[{"id":21740,"href":"https:\/\/lifevery.biz.ua\/index.php?rest_route=\/wp\/v2\/posts\/21738\/revisions\/21740"}],"wp:featuredmedia":[{"embeddable":true,"href":"https:\/\/lifevery.biz.ua\/index.php?rest_route=\/wp\/v2\/media\/21739"}],"wp:attachment":[{"href":"https:\/\/lifevery.biz.ua\/index.php?rest_route=%2Fwp%2Fv2%2Fmedia&parent=21738"}],"wp:term":[{"taxonomy":"category","embeddable":true,"href":"https:\/\/lifevery.biz.ua\/index.php?rest_route=%2Fwp%2Fv2%2Fcategories&post=21738"},{"taxonomy":"post_tag","embeddable":true,"href":"https:\/\/lifevery.biz.ua\/index.php?rest_route=%2Fwp%2Fv2%2Ftags&post=21738"}],"curies":[{"name":"wp","href":"https:\/\/api.w.org\/{rel}","templated":true}]}}