{"id":21735,"date":"2026-08-31T20:22:35","date_gmt":"2026-08-31T20:22:35","guid":{"rendered":"https:\/\/lifevery.biz.ua\/?p=21735"},"modified":"2026-08-31T20:22:35","modified_gmt":"2026-08-31T20:22:35","slug":"tragiczne-odkrycie-w-zatoce-puckiej-sluzby-wylowily-cialo-mezczyzny","status":"publish","type":"post","link":"https:\/\/lifevery.biz.ua\/?p=21735","title":{"rendered":"Tragiczne odkrycie w Zatoce Puckiej. S\u0142u\u017cby wy\u0142owi\u0142y cia\u0142o m\u0119\u017cczyzny"},"content":{"rendered":"\n<p class=\"wp-block-paragraph\">Tragiczne odkrycie w Zatoce Puckiej. S\u0142u\u017cby wy\u0142owi\u0142y cia\u0142o m\u0119\u017cczyzny<\/p>\n\n\n\n<p class=\"wp-block-paragraph\">Tragiczne odkrycie w Zatoce Puckiej, fot. Morska S\u0142u\u017cba Poszukiwania i Ratownictwa\/Facebook<br>W Zatoce Puckiej w pobli\u017cu Cha\u0142up dosz\u0142o w sobot\u0119 do tragicznego odkrycia. Ratownicy wy\u0142owili z wody cia\u0142o m\u0119\u017cczyzny. Na miejscu pracuj\u0105 policjanci pod nadzorem prokuratora. W mediach pojawi\u0142 si\u0119 te\u017c w\u0105tek zaginionego kilka dni wcze\u015bniej surfera.<\/p>\n\n\n\n<p class=\"wp-block-paragraph\">Morskie Ratownicze Centrum Koordynacyjne otrzyma\u0142o zg\u0142oszenie w sobot\u0119, 15 sierpnia, o godz. 10.13. Informacja dotyczy\u0142a cia\u0142a m\u0119\u017cczyzny dryfuj\u0105cego w wodzie w rejonie Cha\u0142up. Do akcji skierowano ratownik\u00f3w Brzegowej Stacji Ratowniczej we W\u0142adys\u0142awowie oraz \u0142\u00f3d\u017a ratownicz\u0105 R-43. Niespe\u0142na godzin\u0119 po zg\u0142oszeniu s\u0142u\u017cby potwierdzi\u0142y odnalezienie cia\u0142a.<\/p>\n\n\n\n<p class=\"wp-block-paragraph\">Tragiczne odkrycie w Zatoce Puckiej. Ratownicy ruszyli w rejon Cha\u0142up<br>Zg\u0142oszenie o ciele znajduj\u0105cym si\u0119 w wodach Zatoki Puckiej wp\u0142yn\u0119\u0142o do Morskiego Ratowniczego Centrum Koordynacyjnego o godz. 10.13. Z przekazanych informacji wynika\u0142o, \u017ce m\u0119\u017cczyzna dryfowa\u0142 w wodzie w pobli\u017cu Cha\u0142up.<\/p>\n\n\n\n<p class=\"wp-block-paragraph\">Po otrzymaniu zg\u0142oszenia rozpocz\u0119to akcj\u0119 ratownicz\u0105. Na wskazane miejsce wys\u0142ano ratownik\u00f3w z Brzegowej Stacji Ratowniczej we W\u0142adys\u0142awowie. Do dzia\u0142a\u0144 skierowano r\u00f3wnie\u017c \u0142\u00f3d\u017a ratownicz\u0105 R-43.<\/p>\n\n\n\n<p class=\"wp-block-paragraph\">O godz. 10.54 za\u0142oga potwierdzi\u0142a odnalezienie cia\u0142a m\u0119\u017cczyzny. Zosta\u0142o ono zabezpieczone, a nast\u0119pnie przetransportowane na brzeg. Tam dalsze czynno\u015bci przej\u0119\u0142a policja.<\/p>\n\n\n\n<p class=\"wp-block-paragraph\">Sprawa od pocz\u0105tku wymaga\u0142a przede wszystkim ustalenia to\u017csamo\u015bci odnalezionego m\u0119\u017cczyzny. Do dzia\u0142a\u0144 na miejscu w\u0142\u0105czy\u0142 si\u0119 r\u00f3wnie\u017c prokurator.<\/p>\n\n\n\n<p class=\"wp-block-paragraph\">Policja i prokurator prowadz\u0105 czynno\u015bci. Trwa ustalanie to\u017csamo\u015bci m\u0119\u017cczyzny<br>Komenda Powiatowa Policji w Pucku potwierdzi\u0142a w rozmowie z \u201eFaktem\u201d, \u017ce funkcjonariusze otrzymali informacj\u0119 o wy\u0142owieniu cia\u0142a oko\u0142o godz. 11.00. Policjanci rozpocz\u0119li czynno\u015bci pod nadzorem prokuratora.<\/p>\n\n\n\n<p class=\"wp-block-paragraph\">\u2013 Dzi\u015b oko\u0142o godziny 11.00 otrzymali\u015bmy informacj\u0119 o wy\u0142owieniu cia\u0142a m\u0119\u017cczyzny w wodach Zatoki Puckiej. Obecnie na miejscu policjanci prowadz\u0105 czynno\u015bci pod nadzorem prokuratora, mi\u0119dzy innymi zmierzaj\u0105ce do ustalenia to\u017csamo\u015bci m\u0119\u017cczyzny \u2013 przekaza\u0142a Komenda Powiatowa Policji w Pucku w rozmowie z \u201eFaktem\u201d.<\/p>\n\n\n\n<p class=\"wp-block-paragraph\">Jednym z najwa\u017cniejszych zada\u0144 s\u0142u\u017cb jest wi\u0119c ustalenie, kim by\u0142 odnaleziony m\u0119\u017cczyzna. Na tym etapie policja nie przekaza\u0142a informacji pozwalaj\u0105cych jednoznacznie powi\u0105za\u0107 go z konkretn\u0105 osob\u0105.<\/p>\n\n\n\n<p class=\"wp-block-paragraph\">Czynno\u015bci prowadzone s\u0105 na miejscu pod nadzorem prokuratora. Policja nie poda\u0142a w przekazanych informacjach dalszych szczeg\u00f3\u0142\u00f3w dotycz\u0105cych to\u017csamo\u015bci m\u0119\u017cczyzny.<br><\/p>\n\n\n\n<p class=\"wp-block-paragraph\">Zaginiony surfer z Zatoki Puckiej. Policja nie potwierdza medialnych informacji<br>Po odnalezieniu cia\u0142a w przestrzeni medialnej pojawi\u0142y si\u0119 informacje, \u017ce mo\u017ce chodzi\u0107 o surfera poszukiwanego od kilku dni. M\u0119\u017cczyzna zagin\u0105\u0142 w poniedzia\u0142ek, 11 sierpnia, na wodach Zatoki Puckiej w rejonie Cha\u0142up.<br><\/p>\n\n\n\n<p class=\"wp-block-paragraph\">To w\u0142a\u015bnie zbie\u017cno\u015b\u0107 miejsca odnalezienia cia\u0142a z rejonem wcze\u015bniejszych poszukiwa\u0144 wywo\u0142a\u0142a medialne spekulacje. Policja podkre\u015bla jednak, \u017ce na obecnym etapie nie ma podstaw do potwierdzenia tej wersji.<\/p>\n\n\n\n<p class=\"wp-block-paragraph\">\u2013 Na tym etapie nie mo\u017cna potwierdzi\u0107, czy jest to osoba, kt\u00f3rej poszukiwania s\u0105 prowadzone \u2013 podkre\u015bli\u0142a Komenda Powiatowa Policji w Pucku.<br><\/p>\n\n\n\n<p class=\"wp-block-paragraph\">Ostateczne ustalenie to\u017csamo\u015bci odnalezionego m\u0119\u017cczyzny pozostaje wi\u0119c przedmiotem czynno\u015bci prowadzonych przez policj\u0119 pod nadzorem prokuratora. Dopiero ich wyniki pozwol\u0105 stwierdzi\u0107, czy cia\u0142o wy\u0142owione 15 sierpnia z Zatoki Puckiej ma zwi\u0105zek z prowadzonymi od 11 sierpnia poszukiwaniami surfera.<\/p>\n\n\n\n<p class=\"wp-block-paragraph\"><\/p>\n","protected":false},"excerpt":{"rendered":"Tragiczne odkrycie w Zatoce Puckiej. S\u0142u\u017cby wy\u0142owi\u0142y cia\u0142o m\u0119\u017cczyzny Tragiczne odkrycie w Zatoce Puckiej, fot. Morska S\u0142u\u017cba Poszukiwania i Ratownictwa\/FacebookW Zatoce Puckiej w \n<a class=\"moretag\" href=\"https:\/\/lifevery.biz.ua\/?p=21735\"> [...]<\/a>","protected":false},"author":1,"featured_media":21736,"comment_status":"open","ping_status":"open","sticky":false,"template":"","format":"standard","meta":{"footnotes":""},"categories":[1],"tags":[],"class_list":["post-21735","post","type-post","status-publish","format-standard","has-post-thumbnail","hentry","category-blog"],"_links":{"self":[{"href":"https:\/\/lifevery.biz.ua\/index.php?rest_route=\/wp\/v2\/posts\/21735","targetHints":{"allow":["GET"]}}],"collection":[{"href":"https:\/\/lifevery.biz.ua\/index.php?rest_route=\/wp\/v2\/posts"}],"about":[{"href":"https:\/\/lifevery.biz.ua\/index.php?rest_route=\/wp\/v2\/types\/post"}],"author":[{"embeddable":true,"href":"https:\/\/lifevery.biz.ua\/index.php?rest_route=\/wp\/v2\/users\/1"}],"replies":[{"embeddable":true,"href":"https:\/\/lifevery.biz.ua\/index.php?rest_route=%2Fwp%2Fv2%2Fcomments&post=21735"}],"version-history":[{"count":1,"href":"https:\/\/lifevery.biz.ua\/index.php?rest_route=\/wp\/v2\/posts\/21735\/revisions"}],"predecessor-version":[{"id":21737,"href":"https:\/\/lifevery.biz.ua\/index.php?rest_route=\/wp\/v2\/posts\/21735\/revisions\/21737"}],"wp:featuredmedia":[{"embeddable":true,"href":"https:\/\/lifevery.biz.ua\/index.php?rest_route=\/wp\/v2\/media\/21736"}],"wp:attachment":[{"href":"https:\/\/lifevery.biz.ua\/index.php?rest_route=%2Fwp%2Fv2%2Fmedia&parent=21735"}],"wp:term":[{"taxonomy":"category","embeddable":true,"href":"https:\/\/lifevery.biz.ua\/index.php?rest_route=%2Fwp%2Fv2%2Fcategories&post=21735"},{"taxonomy":"post_tag","embeddable":true,"href":"https:\/\/lifevery.biz.ua\/index.php?rest_route=%2Fwp%2Fv2%2Ftags&post=21735"}],"curies":[{"name":"wp","href":"https:\/\/api.w.org\/{rel}","templated":true}]}}