{"id":21732,"date":"2026-08-31T20:17:37","date_gmt":"2026-08-31T20:17:37","guid":{"rendered":"https:\/\/lifevery.biz.ua\/?p=21732"},"modified":"2026-08-31T20:17:37","modified_gmt":"2026-08-31T20:17:37","slug":"wypadek-na-s7-pod-krakowem-zderzenie-busa-z-samochodem-osobowym-ladowal-smiglowiec-lpr","status":"publish","type":"post","link":"https:\/\/lifevery.biz.ua\/?p=21732","title":{"rendered":"Wypadek na S7 pod Krakowem. Zderzenie busa z samochodem osobowym, l\u0105dowa\u0142 \u015bmig\u0142owiec LPR"},"content":{"rendered":"\n<p class=\"wp-block-paragraph\">Wypadek na S7 pod Krakowem. Zderzenie busa z samochodem osobowym, l\u0105dowa\u0142 \u015bmig\u0142owiec LPR<\/p>\n\n\n\n<p class=\"wp-block-paragraph\">Wypadek na S7, fot. Patrol998-Ma\u0142opolska\/OSP Poskwit\u00f3w<br>W sobotni wiecz\u00f3r na drodze S7 w rejonie MOP Widoma dosz\u0142o do gro\u017anego zderzenia. Bus zderzy\u0142 si\u0119 tam z samochodem osobowym. Ruch w kierunku Krakowa odbywa si\u0119 obecnie tylko jednym pasem. W akcji ratunkowej uczestniczy\u0142 tak\u017ce helikopter LPR.<\/p>\n\n\n\n<p class=\"wp-block-paragraph\">Do zdarzenia dosz\u0142o w sobot\u0119, 15 sierpnia, na pasie prowadz\u0105cym w stron\u0119 Krakowa. Na miejscu rozpocz\u0119\u0142y dzia\u0142ania s\u0142u\u017cby ratunkowe. Ze wzgl\u0119du na prowadzon\u0105 akcj\u0119 oraz l\u0105dowanie \u015bmig\u0142owca LPR konieczne by\u0142o pocz\u0105tkowo ca\u0142kowite zamkni\u0119cie drogi. Sytuacja na trasie stopniowo si\u0119 zmienia, ale kierowcy nadal musz\u0105 liczy\u0107 si\u0119 z powa\u017cnymi utrudnieniami.<\/p>\n\n\n\n<p class=\"wp-block-paragraph\">Zderzenie busa z samochodem osobowym na S7<br>Gro\u017ane zdarzenie mia\u0142o miejsce w sobotni wiecz\u00f3r na drodze ekspresowej S7, w okolicach MOP Widoma. Z przekazanych informacji wynika, \u017ce bus zderzy\u0142 si\u0119 tam z samochodem osobowym. Do kolizji dosz\u0142o na jezdni prowadz\u0105cej w kierunku Krakowa.<\/p>\n\n\n\n<p class=\"wp-block-paragraph\">Po zdarzeniu na miejsce skierowano s\u0142u\u017cby ratunkowe. Ich dzia\u0142ania wymaga\u0142y ograniczenia ruchu na trasie. Pocz\u0105tkowo kierowcy nie mogli przejecha\u0107 tym odcinkiem S7 w kierunku Krakowa, poniewa\u017c droga zosta\u0142a ca\u0142kowicie zablokowana.<\/p>\n\n\n\n<p class=\"wp-block-paragraph\">Wypadek na S7, fot. Patrol998-Ma\u0142opolska\/OSP Poskwit\u00f3w<br>Sytuacja powodowa\u0142a powa\u017cne utrudnienia na jednym z pas\u00f3w prowadz\u0105cych w stron\u0119 miasta. Zamkni\u0119cie by\u0142o zwi\u0105zane zar\u00f3wno z samym zdarzeniem, jak i prowadzon\u0105 na miejscu akcj\u0105 ratunkow\u0105.<\/p>\n\n\n\n<p class=\"wp-block-paragraph\">Obecnie przejazd jest ju\u017c mo\u017cliwy, jednak ruch odbywa si\u0119 tylko jednym pasem. Oznacza to, \u017ce utrudnienia na S7 w rejonie MOP Widoma nadal trwaj\u0105.<br><\/p>\n\n\n\n<p class=\"wp-block-paragraph\">\u015amig\u0142owiec LPR l\u0105dowa\u0142 na miejscu zdarzenia<br>W dzia\u0142ania s\u0142u\u017cb ratunkowych zaanga\u017cowany zosta\u0142 r\u00f3wnie\u017c \u015bmig\u0142owiec Lotniczego Pogotowia Ratunkowego. Jego l\u0105dowanie by\u0142o jednym z powod\u00f3w ca\u0142kowitego wstrzymania ruchu na jezdni w kierunku Krakowa.<\/p>\n\n\n\n<p class=\"wp-block-paragraph\">Na czas prowadzenia akcji przejazd tym odcinkiem S7 nie by\u0142 mo\u017cliwy. Dopiero p\u00f3\u017aniej droga zosta\u0142a cz\u0119\u015bciowo udro\u017cniona i samochody mog\u0142y ponownie ruszy\u0107 w kierunku Krakowa jednym pasem.<\/p>\n\n\n\n<p class=\"wp-block-paragraph\">Na razie nie przekazano dok\u0142adnych informacji dotycz\u0105cych stanu zdrowia os\u00f3b poszkodowanych. Nie podano r\u00f3wnie\u017c dalszych szczeg\u00f3\u0142\u00f3w dotycz\u0105cych ich obra\u017ce\u0144.<\/p>\n\n\n\n<p class=\"wp-block-paragraph\">Wypadek na S7, fot. Patrol998-Ma\u0142opolska\/OSP Poskwit\u00f3w<br>Z dost\u0119pnych informacji wynika wi\u0119c jedynie, \u017ce na miejscu pracuj\u0105 s\u0142u\u017cby ratunkowe i \u017ce w prowadzonej akcji uczestniczy\u0142 helikopter LPR. Brakuje natomiast dok\u0142adniejszych danych pozwalaj\u0105cych okre\u015bli\u0107 stan os\u00f3b uczestnicz\u0105cych w zdarzeniu.<br><\/p>\n","protected":false},"excerpt":{"rendered":"Wypadek na S7 pod Krakowem. Zderzenie busa z samochodem osobowym, l\u0105dowa\u0142 \u015bmig\u0142owiec LPR Wypadek na S7, fot. Patrol998-Ma\u0142opolska\/OSP Poskwit\u00f3wW sobotni wiecz\u00f3r na drodze \n<a class=\"moretag\" href=\"https:\/\/lifevery.biz.ua\/?p=21732\"> [...]<\/a>","protected":false},"author":1,"featured_media":21733,"comment_status":"open","ping_status":"open","sticky":false,"template":"","format":"standard","meta":{"footnotes":""},"categories":[1],"tags":[],"class_list":["post-21732","post","type-post","status-publish","format-standard","has-post-thumbnail","hentry","category-blog"],"_links":{"self":[{"href":"https:\/\/lifevery.biz.ua\/index.php?rest_route=\/wp\/v2\/posts\/21732","targetHints":{"allow":["GET"]}}],"collection":[{"href":"https:\/\/lifevery.biz.ua\/index.php?rest_route=\/wp\/v2\/posts"}],"about":[{"href":"https:\/\/lifevery.biz.ua\/index.php?rest_route=\/wp\/v2\/types\/post"}],"author":[{"embeddable":true,"href":"https:\/\/lifevery.biz.ua\/index.php?rest_route=\/wp\/v2\/users\/1"}],"replies":[{"embeddable":true,"href":"https:\/\/lifevery.biz.ua\/index.php?rest_route=%2Fwp%2Fv2%2Fcomments&post=21732"}],"version-history":[{"count":1,"href":"https:\/\/lifevery.biz.ua\/index.php?rest_route=\/wp\/v2\/posts\/21732\/revisions"}],"predecessor-version":[{"id":21734,"href":"https:\/\/lifevery.biz.ua\/index.php?rest_route=\/wp\/v2\/posts\/21732\/revisions\/21734"}],"wp:featuredmedia":[{"embeddable":true,"href":"https:\/\/lifevery.biz.ua\/index.php?rest_route=\/wp\/v2\/media\/21733"}],"wp:attachment":[{"href":"https:\/\/lifevery.biz.ua\/index.php?rest_route=%2Fwp%2Fv2%2Fmedia&parent=21732"}],"wp:term":[{"taxonomy":"category","embeddable":true,"href":"https:\/\/lifevery.biz.ua\/index.php?rest_route=%2Fwp%2Fv2%2Fcategories&post=21732"},{"taxonomy":"post_tag","embeddable":true,"href":"https:\/\/lifevery.biz.ua\/index.php?rest_route=%2Fwp%2Fv2%2Ftags&post=21732"}],"curies":[{"name":"wp","href":"https:\/\/api.w.org\/{rel}","templated":true}]}}