{"id":21723,"date":"2026-08-31T20:03:19","date_gmt":"2026-08-31T20:03:19","guid":{"rendered":"https:\/\/lifevery.biz.ua\/?p=21723"},"modified":"2026-08-31T20:03:19","modified_gmt":"2026-08-31T20:03:19","slug":"wypadek-autokaru-na-wegrzech-relacja-poszkodowanej-pasazerki-wszyscy-krzyczeli","status":"publish","type":"post","link":"https:\/\/lifevery.biz.ua\/?p=21723","title":{"rendered":"Wypadek autokaru na W\u0119grzech. Relacja poszkodowanej pasa\u017cerki: &#8220;Wszyscy krzyczeli&#8221;"},"content":{"rendered":"\n<p class=\"wp-block-paragraph\">Wypadek autokaru na W\u0119grzech. Relacja poszkodowanej pasa\u017cerki: &#8220;Wszyscy krzyczeli&#8221;<\/p>\n\n\n\n<p class=\"wp-block-paragraph\">Wypadek polskiego autokaru na W\u0119grzech, fot. DAVID DOJCSAK\/AFP\/East News<br>Pani Helena prze\u017cy\u0142a tragiczny wypadek polskiego autokaru na W\u0119grzech. Pojazd z pielgrzymami rozbi\u0142 si\u0119 w nocy na autostradzie M3. W katastrofie zgin\u0119\u0142o 12 os\u00f3b. Poszkodowana opowiedzia\u0142a o dramatycznej walce o wydostanie si\u0119 z wraku.<\/p>\n\n\n\n<p class=\"wp-block-paragraph\">Do wypadku dosz\u0142o w nocy z soboty na niedziel\u0119 oko\u0142o godz. 1 na wschodzie W\u0119gier. Autokarem podr\u00f3\u017cowa\u0142o \u0142\u0105cznie 59 os\u00f3b, g\u0142\u00f3wnie mieszka\u0144c\u00f3w Podkarpacia. Pielgrzymi wracali przez W\u0119gry z Miediugorie w Bo\u015bni i Hercegowinie. Jedn\u0105 z os\u00f3b, kt\u00f3re prze\u017cy\u0142y katastrof\u0119, by\u0142a pani Helena.<\/p>\n\n\n\n<p class=\"wp-block-paragraph\">Wypadek polskiego autokaru na W\u0119grzech. Pani Helena wydosta\u0142a si\u0119 z wraku<br>Pani Helena w rozmowie z agencj\u0105 Reutera okre\u015bli\u0142a katastrof\u0119 jako \u201eogromn\u0105 tragedi\u0119\u201d. Jak relacjonowa\u0142a, w pierwszych chwilach po wypadku pr\u00f3bowa\u0142a samodzielnie wydosta\u0107 si\u0119 z rozbitego pojazdu. Sytuacja by\u0142a bardzo trudna, a wn\u0119trze autokaru zosta\u0142o powa\u017cnie zniszczone.<\/p>\n\n\n\n<p class=\"wp-block-paragraph\">\u2013 R\u0119kami rwa\u0142am ziemi\u0119, \u017ceby si\u0119 wydosta\u0107, ale tylko kawa\u0142ek. Potem pomogli stra\u017cacy \u2013 m\u00f3wi\u0142a pani Helena w rozmowie z agencj\u0105 Reutera.<\/p>\n\n\n\n<p class=\"wp-block-paragraph\">Kobieta opisywa\u0142a r\u00f3wnie\u017c moment, w kt\u00f3rym zdo\u0142a\u0142a wydosta\u0107 si\u0119 z wn\u0119trza autokaru. Wok\u00f3\u0142 niej znajdowa\u0142y si\u0119 elementy zniszczonego wyposa\u017cenia pojazdu.<\/p>\n\n\n\n<p class=\"wp-block-paragraph\">\u2013 Wyczo\u0142ga\u0142am si\u0119. By\u0142o tam oderwane siedzenie, wybite szyby i r\u0119kami si\u0119 wydrapa\u0142am z tego samochodu \u2013 relacjonowa\u0142a pasa\u017cerka w rozmowie z agencj\u0105 Reutera.<\/p>\n\n\n\n<p class=\"wp-block-paragraph\">W chwili katastrofy pani Helena rozmawia\u0142a z kole\u017cank\u0105 przebywaj\u0105c\u0105 w Polsce. Jak wynika z jej relacji, wszystko wydarzy\u0142o si\u0119 nagle. Autokar przewr\u00f3ci\u0142 si\u0119, a kobieta uderzy\u0142a g\u0142ow\u0105. Mimo tego nie straci\u0142a \u015bwiadomo\u015bci i obserwowa\u0142a sytuacj\u0119 wewn\u0105trz pojazdu.<\/p>\n\n\n\n<p class=\"wp-block-paragraph\">\u2013 Rozmawia\u0142am z Polsk\u0105, z kole\u017cank\u0105, nagle bum, przewr\u00f3ci\u0142 si\u0119 autobus \u2013 relacjonowa\u0142a pani Helena.<\/p>\n\n\n\n<p class=\"wp-block-paragraph\">Pasa\u017cerka przekaza\u0142a nast\u0119pnie wi\u0119cej szczeg\u00f3\u0142\u00f3w dotycz\u0105cych samego momentu wypadku i tego, co zobaczy\u0142a chwil\u0119 p\u00f3\u017aniej.<\/p>\n\n\n\n<p class=\"wp-block-paragraph\">\u2013 Nagle bum, przewr\u00f3ci\u0142 si\u0119 autobus, przekozio\u0142kowa\u0142, uderzy\u0142am g\u0142ow\u0105, ale by\u0142am na tyle przytomna, \u017ce widzia\u0142am, co si\u0119 dzieje. Wszystkie siedzenia by\u0142y powyrywane, ludzie byli pod siedzeniami. Wszyscy krzyczeli: ratunku \u2013 m\u00f3wi\u0142a kobieta w rozmowie z agencj\u0105 Reutera.<\/p>\n\n\n\n<p class=\"wp-block-paragraph\">\u201eLudzie byli przygnieceni siedzeniami\u201d. Poszkodowana pomaga\u0142a innym pasa\u017cerom<br>Pani Helena sama zosta\u0142a ranna w katastrofie. Jak powiedzia\u0142a, dozna\u0142a mi\u0119dzy innymi z\u0142ama\u0144 \u017ceber oraz uszkodzenia kr\u0119gos\u0142upa. Mimo odniesionych obra\u017ce\u0144 pr\u00f3bowa\u0142a pomaga\u0107 innym osobom znajduj\u0105cym si\u0119 w rozbitym autokarze.<\/p>\n\n\n\n<p class=\"wp-block-paragraph\">Kobieta opisywa\u0142a chaos panuj\u0105cy bezpo\u015brednio po wypadku. Cz\u0119\u015b\u0107 pasa\u017cer\u00f3w zosta\u0142a przygnieciona wyrwanymi siedzeniami. Pani Helena pomog\u0142a wydosta\u0107 si\u0119 swojej siostrze, a p\u00f3\u017aniej tak\u017ce jednemu z m\u0119\u017cczyzn.<\/p>\n\n\n\n<p class=\"wp-block-paragraph\">\u2013 By\u0142 jeden pisk, jeden j\u0119k. Ludzie byli przygnieceni siedzeniami. Ja wyci\u0105gn\u0119\u0142am moj\u0105 siostr\u0119 za nogi. M\u00f3wi\u0142am jej: ratuj si\u0119 r\u0119kami, a ja ci\u0119 b\u0119d\u0119 za nogi rwa\u0107. Z\u0142apa\u0142am te\u017c za pasek jednego m\u0119\u017cczyzn\u0119, kt\u00f3ry by\u0142 przywalony i tak go wyci\u0105gn\u0119\u0142am. Wtedy upad\u0142am \u2013 opisywa\u0142a pani Helena w rozmowie z agencj\u0105 Reutera.<\/p>\n\n\n\n<p class=\"wp-block-paragraph\">Z jej relacji wynika, \u017ce autokar podczas wypadku przekozio\u0142kowa\u0142 co najmniej dwa razy. Pasa\u017cerka pr\u00f3bowa\u0142a utrzyma\u0107 si\u0119 wewn\u0105trz pojazdu, chwytaj\u0105c element siedzenia. Ten jednak zosta\u0142 p\u00f3\u017aniej wyrwany.<\/p>\n\n\n\n<p class=\"wp-block-paragraph\">\u2013 Zd\u0105\u017cy\u0142am si\u0119 przytrzyma\u0107 ramy siedzenia, kt\u00f3re potem wyrwa\u0142o. Ciemno by\u0142o w autobusie, nic nie by\u0142o wida\u0107 \u2013 m\u00f3wi\u0142a poszkodowana w rozmowie z agencj\u0105 Reutera.<\/p>\n\n\n\n<p class=\"wp-block-paragraph\">Dopiero p\u00f3\u017aniej kobieta zobaczy\u0142a pe\u0142n\u0105 skal\u0119 zniszcze\u0144 wewn\u0105trz autokaru. Jak podkre\u015bla\u0142a, przez ca\u0142y czas by\u0142a \u015bwiadoma i widzia\u0142a sytuacj\u0119 innych pasa\u017cer\u00f3w.<\/p>\n\n\n\n<p class=\"wp-block-paragraph\">\u2013 Gdy si\u0119 obr\u00f3ci\u0142am do ty\u0142u, to jest nie do wyobra\u017cenia, jak ten autobus wygl\u0105da\u0142. Ja by\u0142am \u015bwiadoma, widzia\u0142am to wszystko. Nie mog\u0119 poj\u0105\u0107, \u017ce ci ludzie jeszcze \u017cyli. To jest okropne \u2013 doda\u0142a pani Helena w rozmowie z agencj\u0105 Reutera.<br><\/p>\n","protected":false},"excerpt":{"rendered":"Wypadek autokaru na W\u0119grzech. Relacja poszkodowanej pasa\u017cerki: &#8220;Wszyscy krzyczeli&#8221; Wypadek polskiego autokaru na W\u0119grzech, fot. DAVID DOJCSAK\/AFP\/East NewsPani Helena prze\u017cy\u0142a tragiczny wypadek polskiego \n<a class=\"moretag\" href=\"https:\/\/lifevery.biz.ua\/?p=21723\"> [...]<\/a>","protected":false},"author":1,"featured_media":21724,"comment_status":"open","ping_status":"open","sticky":false,"template":"","format":"standard","meta":{"footnotes":""},"categories":[1],"tags":[],"class_list":["post-21723","post","type-post","status-publish","format-standard","has-post-thumbnail","hentry","category-blog"],"_links":{"self":[{"href":"https:\/\/lifevery.biz.ua\/index.php?rest_route=\/wp\/v2\/posts\/21723","targetHints":{"allow":["GET"]}}],"collection":[{"href":"https:\/\/lifevery.biz.ua\/index.php?rest_route=\/wp\/v2\/posts"}],"about":[{"href":"https:\/\/lifevery.biz.ua\/index.php?rest_route=\/wp\/v2\/types\/post"}],"author":[{"embeddable":true,"href":"https:\/\/lifevery.biz.ua\/index.php?rest_route=\/wp\/v2\/users\/1"}],"replies":[{"embeddable":true,"href":"https:\/\/lifevery.biz.ua\/index.php?rest_route=%2Fwp%2Fv2%2Fcomments&post=21723"}],"version-history":[{"count":1,"href":"https:\/\/lifevery.biz.ua\/index.php?rest_route=\/wp\/v2\/posts\/21723\/revisions"}],"predecessor-version":[{"id":21725,"href":"https:\/\/lifevery.biz.ua\/index.php?rest_route=\/wp\/v2\/posts\/21723\/revisions\/21725"}],"wp:featuredmedia":[{"embeddable":true,"href":"https:\/\/lifevery.biz.ua\/index.php?rest_route=\/wp\/v2\/media\/21724"}],"wp:attachment":[{"href":"https:\/\/lifevery.biz.ua\/index.php?rest_route=%2Fwp%2Fv2%2Fmedia&parent=21723"}],"wp:term":[{"taxonomy":"category","embeddable":true,"href":"https:\/\/lifevery.biz.ua\/index.php?rest_route=%2Fwp%2Fv2%2Fcategories&post=21723"},{"taxonomy":"post_tag","embeddable":true,"href":"https:\/\/lifevery.biz.ua\/index.php?rest_route=%2Fwp%2Fv2%2Ftags&post=21723"}],"curies":[{"name":"wp","href":"https:\/\/api.w.org\/{rel}","templated":true}]}}