{"id":21720,"date":"2026-08-31T19:56:59","date_gmt":"2026-08-31T19:56:59","guid":{"rendered":"https:\/\/lifevery.biz.ua\/?p=21720"},"modified":"2026-08-31T19:56:59","modified_gmt":"2026-08-31T19:56:59","slug":"17-letni-polak-utonal-w-baltyku-dramat-w-litewskim-kurorcie","status":"publish","type":"post","link":"https:\/\/lifevery.biz.ua\/?p=21720","title":{"rendered":"17-letni Polak uton\u0105\u0142 w Ba\u0142tyku. Dramat w litewskim kurorcie"},"content":{"rendered":"\n<p class=\"wp-block-paragraph\">17-letni Polak uton\u0105\u0142 w Ba\u0142tyku. Dramat w litewskim kurorcie<\/p>\n\n\n\n<p class=\"wp-block-paragraph\">Ambulans na Litwie (zdj. ilustracyjne), fot. Karolis Kavolelis\/Shutterstock<br>W litewskiej Po\u0142\u0105dze dosz\u0142o do tragedii z udzia\u0142em nastolatka z Polski. W Morzu Ba\u0142tyckim uton\u0105\u0142 17-letni obywatel naszego kraju. Ratownicy wydobyli ch\u0142opca z wody i rozpocz\u0119li reanimacj\u0119. S\u0142u\u017cby wyja\u015bniaj\u0105 teraz dok\u0142adne okoliczno\u015bci zdarzenia.<\/p>\n\n\n\n<p class=\"wp-block-paragraph\">Do tragedii dosz\u0142o w sobot\u0119 po godz. 20 w nadmorskim kurorcie Po\u0142\u0105ga na Litwie. S\u0142u\u017cby otrzyma\u0142y wtedy zg\u0142oszenie dotycz\u0105ce dw\u00f3ch ton\u0105cych nastolatk\u00f3w. Ratownicy ruszyli na miejsce i rozpocz\u0119li akcj\u0119 w wodzie. W przypadku jednego z poszkodowanych pomoc nie przynios\u0142a jednak rezultatu.<\/p>\n\n\n\n<p class=\"wp-block-paragraph\">Tragedia w Po\u0142\u0105dze. 17-latek znajdowa\u0142 si\u0119 oko\u0142o 50 metr\u00f3w od brzegu<br>Z przekazanych informacji wynika, \u017ce jeden z nastolatk\u00f3w znajdowa\u0142 si\u0119 oko\u0142o 50 metr\u00f3w od brzegu. Gdy ratownicy dotarli w rejon zdarzenia, cia\u0142o 17-latka znajdowa\u0142o si\u0119 ju\u017c pod powierzchni\u0105 wody.<\/p>\n\n\n\n<p class=\"wp-block-paragraph\">Ch\u0142opiec by\u0142 na g\u0142\u0119boko\u015bci oko\u0142o trzech metr\u00f3w. Litewscy ratownicy wydobyli go z morza, a nast\u0119pnie przetransportowali na brzeg przy u\u017cyciu skutera wodnego.<\/p>\n\n\n\n<p class=\"wp-block-paragraph\">Po wyci\u0105gni\u0119ciu nastolatka rozpocz\u0119to reanimacj\u0119. Mimo podj\u0119tych dzia\u0142a\u0144 \u017cycia 17-latka nie uda\u0142o si\u0119 uratowa\u0107.<\/p>\n\n\n\n<p class=\"wp-block-paragraph\">W tym samym zdarzeniu ratownicy wyci\u0105gn\u0119li z wody tak\u017ce drug\u0105 osob\u0119. W jej przypadku akcja zako\u0144czy\u0142a si\u0119 inaczej. Poszkodowany odzyska\u0142 funkcje \u017cyciowe.<\/p>\n\n\n\n<p class=\"wp-block-paragraph\">Zobacz tak\u017ce: Dodatkowe 21 dni p\u0142atnego urlopu i 2295 z\u0142 z PFRON. Te osoby mog\u0105 skorzysta\u0107 z przywilej\u00f3w<\/p>\n\n\n\n<p class=\"wp-block-paragraph\">Policja potwierdzi\u0142a, \u017ce zmar\u0142y nastolatek by\u0142 Polakiem<br>Informacj\u0119 dotycz\u0105c\u0105 obywatelstwa zmar\u0142ego potwierdzi\u0142a policja. 17-latek by\u0142 obywatelem Polski.<\/p>\n\n\n\n<p class=\"wp-block-paragraph\">S\u0142u\u017cby prowadz\u0105 teraz dzia\u0142ania maj\u0105ce wyja\u015bni\u0107 dok\u0142adne okoliczno\u015bci utoni\u0119cia. W przekazanych informacjach nie wskazano, co doprowadzi\u0142o do tragedii ani w jakich dok\u0142adnie okoliczno\u015bciach obaj nastolatkowie znale\u017ali si\u0119 w niebezpiecze\u0144stwie.<\/p>\n\n\n\n<p class=\"wp-block-paragraph\">Wiadomo natomiast, \u017ce zg\u0142oszenie o dw\u00f3ch ton\u0105cych osobach wp\u0142yn\u0119\u0142o w sobot\u0119 po godz. 20. Akcja ratunkowa obj\u0119\u0142a obie osoby znajduj\u0105ce si\u0119 w wodzie, jednak w przypadku polskiego nastolatka reanimacja nie pozwoli\u0142a przywr\u00f3ci\u0107 funkcji \u017cyciowych.<br>Policja potwierdzi\u0142a, \u017ce zmar\u0142y nastolatek by\u0142 Polakiem<br>Informacj\u0119 dotycz\u0105c\u0105 obywatelstwa zmar\u0142ego potwierdzi\u0142a policja. 17-latek by\u0142 obywatelem Polski.<\/p>\n\n\n\n<p class=\"wp-block-paragraph\">S\u0142u\u017cby prowadz\u0105 teraz dzia\u0142ania maj\u0105ce wyja\u015bni\u0107 dok\u0142adne okoliczno\u015bci utoni\u0119cia. W przekazanych informacjach nie wskazano, co doprowadzi\u0142o do tragedii ani w jakich dok\u0142adnie okoliczno\u015bciach obaj nastolatkowie znale\u017ali si\u0119 w niebezpiecze\u0144stwie.<\/p>\n\n\n\n<p class=\"wp-block-paragraph\">Wiadomo natomiast, \u017ce zg\u0142oszenie o dw\u00f3ch ton\u0105cych osobach wp\u0142yn\u0119\u0142o w sobot\u0119 po godz. 20. Akcja ratunkowa obj\u0119\u0142a obie osoby znajduj\u0105ce si\u0119 w wodzie, jednak w przypadku polskiego nastolatka reanimacja nie pozwoli\u0142a przywr\u00f3ci\u0107 funkcji \u017cyciowych.<br><\/p>\n\n\n\n<p class=\"wp-block-paragraph\">\u2013 Chro\u0144cie swoje dzieci. Nie zostawiajcie ich samych nad morzem i nie pozwalajcie im p\u0142ywa\u0107 bez opieki osoby doros\u0142ej. Morze bywa bezlitosne, nawet gdy wydaje si\u0119 spokojne. B\u0105d\u017acie odpowiedzialni. Bezpiecze\u0144stwo waszych dzieci jest w waszych r\u0119kach \u2013 podkre\u015bli\u0142 ratownik Kajus Piroznikas w mediach spo\u0142eczno\u015bciowych.<\/p>\n\n\n\n<p class=\"wp-block-paragraph\">Jego apel pojawi\u0142 si\u0119 po tragicznej akcji, podczas kt\u00f3rej ratownicy pr\u00f3bowali pom\u00f3c dw\u00f3m nastolatkom. Jedn\u0105 osob\u0119 uda\u0142o si\u0119 uratowa\u0107, natomiast \u017cycia 17-letniego obywatela Polski nie uda\u0142o si\u0119 ocali\u0107.<\/p>\n\n\n\n<p class=\"wp-block-paragraph\">Dok\u0142adny przebieg zdarzenia pozostaje przedmiotem ustale\u0144 s\u0142u\u017cb. To one maj\u0105 wyja\u015bni\u0107, w jakich okoliczno\u015bciach dosz\u0142o do utoni\u0119cia polskiego nastolatka.<br><\/p>\n","protected":false},"excerpt":{"rendered":"17-letni Polak uton\u0105\u0142 w Ba\u0142tyku. Dramat w litewskim kurorcie Ambulans na Litwie (zdj. ilustracyjne), fot. Karolis Kavolelis\/ShutterstockW litewskiej Po\u0142\u0105dze dosz\u0142o do tragedii z \n<a class=\"moretag\" href=\"https:\/\/lifevery.biz.ua\/?p=21720\"> [...]<\/a>","protected":false},"author":1,"featured_media":21721,"comment_status":"open","ping_status":"open","sticky":false,"template":"","format":"standard","meta":{"footnotes":""},"categories":[1],"tags":[],"class_list":["post-21720","post","type-post","status-publish","format-standard","has-post-thumbnail","hentry","category-blog"],"_links":{"self":[{"href":"https:\/\/lifevery.biz.ua\/index.php?rest_route=\/wp\/v2\/posts\/21720","targetHints":{"allow":["GET"]}}],"collection":[{"href":"https:\/\/lifevery.biz.ua\/index.php?rest_route=\/wp\/v2\/posts"}],"about":[{"href":"https:\/\/lifevery.biz.ua\/index.php?rest_route=\/wp\/v2\/types\/post"}],"author":[{"embeddable":true,"href":"https:\/\/lifevery.biz.ua\/index.php?rest_route=\/wp\/v2\/users\/1"}],"replies":[{"embeddable":true,"href":"https:\/\/lifevery.biz.ua\/index.php?rest_route=%2Fwp%2Fv2%2Fcomments&post=21720"}],"version-history":[{"count":1,"href":"https:\/\/lifevery.biz.ua\/index.php?rest_route=\/wp\/v2\/posts\/21720\/revisions"}],"predecessor-version":[{"id":21722,"href":"https:\/\/lifevery.biz.ua\/index.php?rest_route=\/wp\/v2\/posts\/21720\/revisions\/21722"}],"wp:featuredmedia":[{"embeddable":true,"href":"https:\/\/lifevery.biz.ua\/index.php?rest_route=\/wp\/v2\/media\/21721"}],"wp:attachment":[{"href":"https:\/\/lifevery.biz.ua\/index.php?rest_route=%2Fwp%2Fv2%2Fmedia&parent=21720"}],"wp:term":[{"taxonomy":"category","embeddable":true,"href":"https:\/\/lifevery.biz.ua\/index.php?rest_route=%2Fwp%2Fv2%2Fcategories&post=21720"},{"taxonomy":"post_tag","embeddable":true,"href":"https:\/\/lifevery.biz.ua\/index.php?rest_route=%2Fwp%2Fv2%2Ftags&post=21720"}],"curies":[{"name":"wp","href":"https:\/\/api.w.org\/{rel}","templated":true}]}}