{"id":21717,"date":"2026-08-31T19:51:31","date_gmt":"2026-08-31T19:51:31","guid":{"rendered":"https:\/\/lifevery.biz.ua\/?p=21717"},"modified":"2026-08-31T19:51:31","modified_gmt":"2026-08-31T19:51:31","slug":"ocalali-z-wypadku-polskiego-autokaru-na-wegrzech-opowiadaja-o-tragedii-ludzie-wypadli-z-autobusu","status":"publish","type":"post","link":"https:\/\/lifevery.biz.ua\/?p=21717","title":{"rendered":"Ocalali z wypadku polskiego autokaru na W\u0119grzech opowiadaj\u0105 o tragedii. \u201eLudzie wypadli z autobusu&#8221;"},"content":{"rendered":"\n<p class=\"wp-block-paragraph\">Fot. ZOLTAN MATHE\/AFP\/East News<br>Tragiczny wypadek polskiego autokaru na W\u0119grzech wstrz\u0105sn\u0105\u0142 uczestnikami pielgrzymki wracaj\u0105cymi z Medjugorie. Cz\u0119\u015b\u0107 os\u00f3b, kt\u00f3re prze\u017cy\u0142y katastrof\u0119, zdecydowa\u0142a si\u0119 opowiedzie\u0107 o dramatycznych chwilach. W ich relacjach pojawiaj\u0105 si\u0119 obrazy zniszczonego pojazdu, rannych pasa\u017cer\u00f3w i desperackiej walki o wydostanie si\u0119 z autokaru.<\/p>\n\n\n\n<p class=\"wp-block-paragraph\">W poje\u017adzie znajdowa\u0142o si\u0119 59 polskich obywateli. W wyniku zdarzenia zgin\u0119\u0142o 12 os\u00f3b, a 10 zosta\u0142o ci\u0119\u017cko rannych. Pozostali pasa\u017cerowie odnie\u015bli l\u017cejsze obra\u017cenia. Ocalali w rozmowach z mediami wspominaj\u0105 moment wypadku i chwile, kt\u00f3re nast\u0105pi\u0142y bezpo\u015brednio po nim.<\/p>\n\n\n\n<p class=\"wp-block-paragraph\">Ocalali opowiadaj\u0105 o chwili wypadku<br>Jedna z poszkodowanych kobiet powiedzia\u0142a w rozmowie z TVN24, \u017ce tu\u017c przed tragedi\u0105 le\u017ca\u0142a na pod\u0142odze autokaru z powodu b\u00f3lu nogi. Nagle us\u0142ysza\u0142a niepokoj\u0105cy d\u017awi\u0119k.<\/p>\n\n\n\n<p class=\"wp-block-paragraph\">Zamkn\u0119\u0142am oczy i nagle us\u0142ysza\u0142am taki dziwny szum \u2014 relacjonowa\u0142a.<\/p>\n\n\n\n<p class=\"wp-block-paragraph\">Chwil\u0119 p\u00f3\u017aniej znalaz\u0142a si\u0119 w\u015br\u00f3d rozbitego szk\u0142a i innych element\u00f3w pojazdu.<\/p>\n\n\n\n<p class=\"wp-block-paragraph\">Posypa\u0142o si\u0119 co\u015b na mnie, piasek, czy szk\u0142o. Co\u015b ostrego \u2014 m\u00f3wi\u0142a.<\/p>\n\n\n\n<p class=\"wp-block-paragraph\">Jak wspomina\u0142a, pasa\u017cerowie natychmiast zacz\u0119li pomaga\u0107 sobie nawzajem. Jeden z m\u0142odych uczestnik\u00f3w mia\u0142 wybi\u0107 luk, przez kt\u00f3ry rozpocz\u0119to wyci\u0105ganie poszkodowanych.<br><\/p>\n\n\n\n<p class=\"wp-block-paragraph\">\u201eWidok by\u0142 makabryczny\u201d. Ludzie wypadli z autokaru<br>Kolejny uczestnik pielgrzymki przyzna\u0142, \u017ce on i jego \u017cona zdo\u0142ali opu\u015bci\u0107 pojazd o w\u0142asnych si\u0142ach. To, co zobaczyli na miejscu, na d\u0142ugo pozostanie w ich pami\u0119ci.<\/p>\n\n\n\n<p class=\"wp-block-paragraph\">Widok by\u0142 makabryczny. Ludzie byli pod spodem, wypadli z autobusu \u2014 powiedzia\u0142 w rozmowie z telewizj\u0105.<\/p>\n\n\n\n<p class=\"wp-block-paragraph\">Inny z poszkodowanych podkre\u015bla\u0142, \u017ce jego obra\u017cenia nie by\u0142y powa\u017cne. Przyzna\u0142 r\u00f3wnie\u017c, \u017ce by\u0142a to jego pierwsza pielgrzymka do Medjugorie.<\/p>\n\n\n\n<p class=\"wp-block-paragraph\">Mam ma\u0142o obra\u017ce\u0144 \u2014 m\u00f3wi\u0142.<\/p>\n\n\n\n<p class=\"wp-block-paragraph\">Wspomina\u0142 te\u017c emocje towarzysz\u0105ce wyjazdowi.<\/p>\n\n\n\n<p class=\"wp-block-paragraph\">By\u0142o tak pi\u0119knie \u2014 powiedzia\u0142, maj\u0105c \u0142zy w oczach.<br><\/p>\n\n\n\n<p class=\"wp-block-paragraph\">12 os\u00f3b zgin\u0119\u0142o. \u015aledczy badaj\u0105 przyczyny tragedii<br>Do wypadku dosz\u0142o w nocy z soboty na niedziel\u0119 na autostradzie M3 we wschodniej cz\u0119\u015bci W\u0119gier. Autokar przewo\u017c\u0105cy pielgrzym\u00f3w wracaj\u0105cych z Bo\u015bni i Hercegowiny mia\u0142 zjecha\u0107 z pasa ruchu, nast\u0119pnie wpa\u015b\u0107 do rowu i dachowa\u0107.<br><\/p>\n\n\n\n<p class=\"wp-block-paragraph\">Wed\u0142ug wst\u0119pnych ustale\u0144 \u015bledczych kierowca m\u00f3g\u0142 zasn\u0105\u0107 za kierownic\u0105. Spraw\u0119 bada prokuratura w Kro\u015bnie, kt\u00f3ra wsp\u00f3\u0142pracuje z w\u0119gierskimi s\u0142u\u017cbami.<\/p>\n\n\n\n<p class=\"wp-block-paragraph\">Pozostajemy w \u015bcis\u0142ej wsp\u00f3\u0142pracy z organami w\u0119gierskimi oraz w pe\u0142nej koordynacji ze s\u0142u\u017cbami konsularnymi MSZ \u2014 przekaza\u0142 prokurator generalny Waldemar \u017burek.<\/p>\n\n\n\n<p class=\"wp-block-paragraph\"><\/p>\n","protected":false},"excerpt":{"rendered":"Fot. ZOLTAN MATHE\/AFP\/East NewsTragiczny wypadek polskiego autokaru na W\u0119grzech wstrz\u0105sn\u0105\u0142 uczestnikami pielgrzymki wracaj\u0105cymi z Medjugorie. Cz\u0119\u015b\u0107 os\u00f3b, kt\u00f3re prze\u017cy\u0142y katastrof\u0119, zdecydowa\u0142a si\u0119 opowiedzie\u0107 \n<a class=\"moretag\" href=\"https:\/\/lifevery.biz.ua\/?p=21717\"> [...]<\/a>","protected":false},"author":1,"featured_media":21718,"comment_status":"open","ping_status":"open","sticky":false,"template":"","format":"standard","meta":{"footnotes":""},"categories":[1],"tags":[],"class_list":["post-21717","post","type-post","status-publish","format-standard","has-post-thumbnail","hentry","category-blog"],"_links":{"self":[{"href":"https:\/\/lifevery.biz.ua\/index.php?rest_route=\/wp\/v2\/posts\/21717","targetHints":{"allow":["GET"]}}],"collection":[{"href":"https:\/\/lifevery.biz.ua\/index.php?rest_route=\/wp\/v2\/posts"}],"about":[{"href":"https:\/\/lifevery.biz.ua\/index.php?rest_route=\/wp\/v2\/types\/post"}],"author":[{"embeddable":true,"href":"https:\/\/lifevery.biz.ua\/index.php?rest_route=\/wp\/v2\/users\/1"}],"replies":[{"embeddable":true,"href":"https:\/\/lifevery.biz.ua\/index.php?rest_route=%2Fwp%2Fv2%2Fcomments&post=21717"}],"version-history":[{"count":1,"href":"https:\/\/lifevery.biz.ua\/index.php?rest_route=\/wp\/v2\/posts\/21717\/revisions"}],"predecessor-version":[{"id":21719,"href":"https:\/\/lifevery.biz.ua\/index.php?rest_route=\/wp\/v2\/posts\/21717\/revisions\/21719"}],"wp:featuredmedia":[{"embeddable":true,"href":"https:\/\/lifevery.biz.ua\/index.php?rest_route=\/wp\/v2\/media\/21718"}],"wp:attachment":[{"href":"https:\/\/lifevery.biz.ua\/index.php?rest_route=%2Fwp%2Fv2%2Fmedia&parent=21717"}],"wp:term":[{"taxonomy":"category","embeddable":true,"href":"https:\/\/lifevery.biz.ua\/index.php?rest_route=%2Fwp%2Fv2%2Fcategories&post=21717"},{"taxonomy":"post_tag","embeddable":true,"href":"https:\/\/lifevery.biz.ua\/index.php?rest_route=%2Fwp%2Fv2%2Ftags&post=21717"}],"curies":[{"name":"wp","href":"https:\/\/api.w.org\/{rel}","templated":true}]}}