{"id":21714,"date":"2026-08-31T19:46:59","date_gmt":"2026-08-31T19:46:59","guid":{"rendered":"https:\/\/lifevery.biz.ua\/?p=21714"},"modified":"2026-08-31T19:46:59","modified_gmt":"2026-08-31T19:46:59","slug":"wypadek-polskiego-autokaru-na-wegrzech-posel-marek-sawicki-zabral-glos-padly-mocne-slowa","status":"publish","type":"post","link":"https:\/\/lifevery.biz.ua\/?p=21714","title":{"rendered":"Wypadek polskiego autokaru na W\u0119grzech. Pose\u0142 Marek Sawicki zabra\u0142 g\u0142os. Pad\u0142y mocne s\u0142owa"},"content":{"rendered":"\n<p class=\"wp-block-paragraph\">Wypadek polskiego autokaru na W\u0119grzech. Pose\u0142 Marek Sawicki zabra\u0142 g\u0142os. Pad\u0142y mocne s\u0142owa<\/p>\n\n\n\n<p class=\"wp-block-paragraph\">fot. ZOLTAN MATHE\/AFP\/East News, Kapif<br>Tragiczny wypadek polskiego autokaru na W\u0119grzech sta\u0142 si\u0119 tematem rozmowy Marka Sawickiego w programie &#8220;Go\u015b\u0107 Wydarze\u0144\u201d. Pose\u0142 PSL m\u00f3wi\u0142 m.in. o dzia\u0142aniach s\u0142u\u017cb, konieczno\u015bci wyja\u015bnienia przyczyn tragedii oraz przestrzeganiu obowi\u0105zuj\u0105cych procedur.<\/p>\n\n\n\n<p class=\"wp-block-paragraph\">Do tragedii dosz\u0142o w nocy z soboty na niedziel\u0119 na autostradzie M3 w pobli\u017cu miejscowo\u015bci Mezokeresztes, oko\u0142o 140 kilometr\u00f3w od Budapesztu. Autokarem wracali do Polski uczestnicy pielgrzymki z Medziugoria w Bo\u015bni i Hercegowinie. Wi\u0119kszo\u015b\u0107 podr\u00f3\u017cnych pochodzi\u0142a z Podkarpacia.<\/p>\n\n\n\n<p class=\"wp-block-paragraph\">Tragiczny wypadek na W\u0119grzech. Zgin\u0119\u0142o 12 os\u00f3b<br>Autokarem podr\u00f3\u017cowa\u0142o 57 pasa\u017cer\u00f3w oraz dw\u00f3ch kierowc\u00f3w. Do wypadku dosz\u0142o oko\u0142o godziny 1 w nocy. Wed\u0142ug informacji przekazanych przez w\u0119giersk\u0105 policj\u0119 pojazd jecha\u0142 w kierunku miasta Nyiregyhaza na wschodzie kraju, a do zdarzenia dosz\u0142o w rejonie Mezokeresztes.<\/p>\n\n\n\n<p class=\"wp-block-paragraph\">Bilans tragedii jest tragiczny. Zgin\u0119\u0142o 12 os\u00f3b, a 10 pasa\u017cer\u00f3w zosta\u0142o ci\u0119\u017cko rannych. Pi\u0119\u0107 z nich mia\u0142o znajdowa\u0107 si\u0119 w stanie zagro\u017cenia \u017cycia. Pozosta\u0142e osoby podr\u00f3\u017cuj\u0105ce autokarem odnios\u0142y l\u017cejsze obra\u017cenia.<\/p>\n\n\n\n<p class=\"wp-block-paragraph\">Wst\u0119pne informacje w\u0119gierskich s\u0142u\u017cb wskazywa\u0142y, \u017ce kierowca m\u00f3g\u0142 zasn\u0105\u0107 za kierownic\u0105. Osoba prowadz\u0105ca autokar zosta\u0142a zatrzymana przez policj\u0119. Przyczyny i dok\u0142adny przebieg zdarzenia pozostaj\u0105 jednak przedmiotem post\u0119powania. To w\u0142a\u015bnie do konieczno\u015bci szczeg\u00f3\u0142owego wyja\u015bnienia tragedii odni\u00f3s\u0142 si\u0119 Marek Sawicki podczas rozmowy w Polsat News.<br><\/p>\n\n\n\n<p class=\"wp-block-paragraph\">Marek Sawicki o przyczynach tragedii. &#8220;Trzeba ka\u017cdy taki przypadek dok\u0142adnie zbada\u0107\u201d<br>Marek Sawicki z\u0142o\u017cy\u0142 na antenie antenie kondolencje rodzinom zmar\u0142ych w tragicznym wypadku.<\/p>\n\n\n\n<p class=\"wp-block-paragraph\">Sk\u0142adam wszystkim rodzinom tych, co zgin\u0119li i tych, co le\u017c\u0105 w szpitalach, wyrazy wsp\u00f3\u0142czucia i s\u0142owa troski \u2013 powiedzia\u0142 w \u201cGo\u015bciu Wydarze\u0144\u201d<\/p>\n\n\n\n<p class=\"wp-block-paragraph\">Pose\u0142 PSL podkre\u015bli\u0142, \u017ce w sprawie tak powa\u017cnego wypadku nie powinno si\u0119 poprzestawa\u0107 na wst\u0119pnych ustaleniach. Jego zdaniem konieczne jest dok\u0142adne zbadanie tego, co doprowadzi\u0142o do katastrofy. Sawicki wskaza\u0142 przy tym na rol\u0119 polskiej prokuratury i policji, kt\u00f3re powinny w\u0142\u0105czy\u0107 si\u0119 w wyja\u015bnianie przyczyn zdarzenia.<\/p>\n\n\n\n<p class=\"wp-block-paragraph\">Niezale\u017cnie od tego, jak cz\u0119sto czy jak rzadko zdarzaj\u0105 si\u0119 te katastrofy, to trzeba ka\u017cdy taki przypadek dok\u0142adnie zbada\u0107, co by\u0142o przyczyn\u0105 \u2013 powiedzia\u0142 Marek Sawicki na antenie Polsat News.<\/p>\n\n\n\n<p class=\"wp-block-paragraph\">Polityk zwr\u00f3ci\u0142 r\u00f3wnie\u017c uwag\u0119 na kwesti\u0119 przestrzegania przepis\u00f3w. W jego ocenie w Polsce istniej\u0105 regulaminy, procedury i przepisy, jednak problemem mo\u017ce by\u0107 ich niepe\u0142ne przestrzeganie.<\/p>\n\n\n\n<p class=\"wp-block-paragraph\">Bo to cz\u0119sto jest te\u017c w naszej polskiej mentalno\u015bci, \u017ce my mamy regulaminy, mamy procedury, mamy prawo, tylko te\u017c mamy tak\u0105 sk\u0142onno\u015b\u0107 do przestrzegania procedur nie do ko\u0144ca. A to ich nieprzestrzeganie doprowadza do tragedii \u2013 stwierdzi\u0142 pose\u0142 PSL.<\/p>\n\n\n\n<p class=\"wp-block-paragraph\">Sawicki zaznaczy\u0142 jednocze\u015bnie, \u017ce dopiero ustalenia \u015bledczych mog\u0105 odpowiedzie\u0107 na pytanie, co faktycznie wydarzy\u0142o si\u0119 przed wypadkiem. Jego wypowied\u017a nie przes\u0105dza o przyczynie tragedii.<br><\/p>\n\n\n\n<p class=\"wp-block-paragraph\">Marek Sawicki odni\u00f3s\u0142 si\u0119 tak\u017ce do dzia\u0142a\u0144 podejmowanych po wypadku. Polityk zaznaczy\u0142, \u017ce nie ka\u017cd\u0105 tragedi\u0119 nale\u017cy wykorzystywa\u0107 do oceniania dzia\u0142a\u0144 rz\u0105du. Wskaza\u0142, \u017ce poszczeg\u00f3lne zadania w takich sytuacjach nale\u017c\u0105 do konkretnych s\u0142u\u017cb i instytucji.<\/p>\n\n\n\n<p class=\"wp-block-paragraph\"><\/p>\n","protected":false},"excerpt":{"rendered":"Wypadek polskiego autokaru na W\u0119grzech. Pose\u0142 Marek Sawicki zabra\u0142 g\u0142os. Pad\u0142y mocne s\u0142owa fot. ZOLTAN MATHE\/AFP\/East News, KapifTragiczny wypadek polskiego autokaru na W\u0119grzech \n<a class=\"moretag\" href=\"https:\/\/lifevery.biz.ua\/?p=21714\"> [...]<\/a>","protected":false},"author":1,"featured_media":21715,"comment_status":"open","ping_status":"open","sticky":false,"template":"","format":"standard","meta":{"footnotes":""},"categories":[1],"tags":[],"class_list":["post-21714","post","type-post","status-publish","format-standard","has-post-thumbnail","hentry","category-blog"],"_links":{"self":[{"href":"https:\/\/lifevery.biz.ua\/index.php?rest_route=\/wp\/v2\/posts\/21714","targetHints":{"allow":["GET"]}}],"collection":[{"href":"https:\/\/lifevery.biz.ua\/index.php?rest_route=\/wp\/v2\/posts"}],"about":[{"href":"https:\/\/lifevery.biz.ua\/index.php?rest_route=\/wp\/v2\/types\/post"}],"author":[{"embeddable":true,"href":"https:\/\/lifevery.biz.ua\/index.php?rest_route=\/wp\/v2\/users\/1"}],"replies":[{"embeddable":true,"href":"https:\/\/lifevery.biz.ua\/index.php?rest_route=%2Fwp%2Fv2%2Fcomments&post=21714"}],"version-history":[{"count":1,"href":"https:\/\/lifevery.biz.ua\/index.php?rest_route=\/wp\/v2\/posts\/21714\/revisions"}],"predecessor-version":[{"id":21716,"href":"https:\/\/lifevery.biz.ua\/index.php?rest_route=\/wp\/v2\/posts\/21714\/revisions\/21716"}],"wp:featuredmedia":[{"embeddable":true,"href":"https:\/\/lifevery.biz.ua\/index.php?rest_route=\/wp\/v2\/media\/21715"}],"wp:attachment":[{"href":"https:\/\/lifevery.biz.ua\/index.php?rest_route=%2Fwp%2Fv2%2Fmedia&parent=21714"}],"wp:term":[{"taxonomy":"category","embeddable":true,"href":"https:\/\/lifevery.biz.ua\/index.php?rest_route=%2Fwp%2Fv2%2Fcategories&post=21714"},{"taxonomy":"post_tag","embeddable":true,"href":"https:\/\/lifevery.biz.ua\/index.php?rest_route=%2Fwp%2Fv2%2Ftags&post=21714"}],"curies":[{"name":"wp","href":"https:\/\/api.w.org\/{rel}","templated":true}]}}