{"id":21708,"date":"2026-08-31T19:36:32","date_gmt":"2026-08-31T19:36:32","guid":{"rendered":"https:\/\/lifevery.biz.ua\/?p=21708"},"modified":"2026-08-31T19:36:32","modified_gmt":"2026-08-31T19:36:32","slug":"tragedia-podczas-dni-sulejowa-25-latek-spadl-z-karuzeli-nie-zyje","status":"publish","type":"post","link":"https:\/\/lifevery.biz.ua\/?p=21708","title":{"rendered":"Tragedia podczas Dni Sulejowa. 25-latek spad\u0142 z karuzeli, nie \u017cyje"},"content":{"rendered":"\n<p class=\"wp-block-paragraph\">Tragedia podczas Dni Sulejowa. 25-latek spad\u0142 z karuzeli, nie \u017cyje<\/p>\n\n\n\n<p class=\"wp-block-paragraph\">Ambulans (zdj. ilustracyjne), fot. CinemaPhoto\/Shutterstock<br>Tragiczny wypadek wydarzy\u0142 si\u0119 w weso\u0142ym miasteczku w Sulejowie w wojew\u00f3dztwie \u0142\u00f3dzkim. 25-letni pracownik lunaparku spad\u0142 z karuzeli z wysoko\u015bci oko\u0142o pi\u0119ciu metr\u00f3w. M\u0119\u017cczyzna trafi\u0142 nieprzytomny do szpitala w \u0141odzi. Policja przekaza\u0142a nowe informacje o okoliczno\u015bciach zdarzenia.<\/p>\n\n\n\n<p class=\"wp-block-paragraph\">Do wypadku dosz\u0142o w niedziel\u0119, 16 sierpnia, oko\u0142o godz. 15. W Sulejowie trwa\u0142y w\u00f3wczas Dni Sulejowa, a jedn\u0105 z atrakcji by\u0142 rozstawiony w mie\u015bcie lunapark. Wed\u0142ug lokalnych medi\u00f3w weso\u0142e miasteczko przyjecha\u0142o ze Zgierza. Poszkodowany by\u0142 jednym z jego pracownik\u00f3w.<\/p>\n\n\n\n<p class=\"wp-block-paragraph\">Wypadek w lunaparku w Sulejowie. 25-latek spad\u0142 z karuzeli<br>Z informacji przekazanych przez policj\u0119 w Piotrkowie Trybunalskim wynika, \u017ce do wypadku dosz\u0142o podczas prac wykonywanych przy jednej z karuzel. 25-letni m\u0119\u017cczyzna znajdowa\u0142 si\u0119 na wysoko\u015bci, gdy dosz\u0142o do upadku.<\/p>\n\n\n\n<p class=\"wp-block-paragraph\">\u2013 25-letni m\u0119\u017cczyzna w trakcie konserwacji karuzeli spad\u0142 z wysoko\u015bci. Nieprzytomny zosta\u0142 zabrany do szpitala w \u0141odzi \u2013 m\u00f3wi m\u0142. asp. Edyta Doroch z policji w Piotrkowie Trybunalskim.<\/p>\n\n\n\n<p class=\"wp-block-paragraph\">M\u0119\u017cczyzna spad\u0142 z wysoko\u015bci oko\u0142o pi\u0119ciu metr\u00f3w. Po zdarzeniu by\u0142 nieprzytomny. Na miejsce wezwano s\u0142u\u017cby ratunkowe, a ze wzgl\u0119du na stan poszkodowanego zdecydowano o przetransportowaniu go do szpitala \u015bmig\u0142owcem Lotniczego Pogotowia Ratunkowego.<\/p>\n\n\n\n<p class=\"wp-block-paragraph\">25-latek trafi\u0142 do plac\u00f3wki w \u0141odzi. Policjanci rozpocz\u0119li jednocze\u015bnie ustalanie dok\u0142adnego przebiegu oraz okoliczno\u015bci wypadku, do kt\u00f3rego dosz\u0142o podczas trwaj\u0105cych w mie\u015bcie wydarze\u0144.<\/p>\n\n\n\n<p class=\"wp-block-paragraph\">Zobacz tak\u017ce: Prezydent podpisa\u0142 ustaw\u0119 OKI. Zmiany odczuj\u0105 miliony Polak\u00f3w. Podano kluczowy termin<\/p>\n\n\n\n<p class=\"wp-block-paragraph\">Policja bada okoliczno\u015bci upadku. Pojawi\u0142a si\u0119 nieoficjalna informacja<br>\u015aledczy wyja\u015bniaj\u0105, w jaki spos\u00f3b dosz\u0142o do upadku pracownika lunaparku. Jednym z element\u00f3w post\u0119powania jest odtworzenie okoliczno\u015bci, w kt\u00f3rych 25-latek wykonywa\u0142 prace zwi\u0105zane z konserwacj\u0105 karuzeli.<\/p>\n\n\n\n<p class=\"wp-block-paragraph\">Rzeczniczka policji przekaza\u0142a r\u00f3wnie\u017c informacj\u0119 dotycz\u0105c\u0105 badania trze\u017awo\u015bci poszkodowanego. Nie zosta\u0142o ono przeprowadzone bezpo\u015brednio po wypadku. M\u0119\u017cczyzna by\u0142 nieprzytomny, dlatego w tamtym momencie nie mo\u017cna by\u0142o sprawdzi\u0107 jego trze\u017awo\u015bci.<\/p>\n\n\n\n<p class=\"wp-block-paragraph\">Pojawi\u0142y si\u0119 r\u00f3wnie\u017c nieoficjalne informacje dotycz\u0105ce zabezpieczenia 25-latka podczas pracy. Wed\u0142ug tych doniesie\u0144 m\u0119\u017cczyzna podczas wykonywania prac na wysoko\u015bci nie mia\u0142 \u017cadnych zabezpiecze\u0144. Informacja ta nie zosta\u0142a jednak przedstawiona jako oficjalne ustalenie policji.<\/p>\n\n\n\n<p class=\"wp-block-paragraph\">Funkcjonariusze nadal zajmuj\u0105 si\u0119 wyja\u015bnianiem okoliczno\u015bci zdarzenia.<br><\/p>\n\n\n\n<p class=\"wp-block-paragraph\">25-letni pracownik lunaparku nie \u017cyje. Policja potwierdzi\u0142a \u015bmier\u0107<br>Po upadku z wysoko\u015bci 25-latek zosta\u0142 przetransportowany \u015bmig\u0142owcem Lotniczego Pogotowia Ratunkowego do szpitala w \u0141odzi. Jego stan od pocz\u0105tku by\u0142 powa\u017cny, a po wypadku m\u0119\u017cczyzna pozostawa\u0142 nieprzytomny.<br><\/p>\n","protected":false},"excerpt":{"rendered":"Tragedia podczas Dni Sulejowa. 25-latek spad\u0142 z karuzeli, nie \u017cyje Ambulans (zdj. ilustracyjne), fot. CinemaPhoto\/ShutterstockTragiczny wypadek wydarzy\u0142 si\u0119 w weso\u0142ym miasteczku w Sulejowie \n<a class=\"moretag\" href=\"https:\/\/lifevery.biz.ua\/?p=21708\"> [...]<\/a>","protected":false},"author":1,"featured_media":21709,"comment_status":"open","ping_status":"open","sticky":false,"template":"","format":"standard","meta":{"footnotes":""},"categories":[1],"tags":[],"class_list":["post-21708","post","type-post","status-publish","format-standard","has-post-thumbnail","hentry","category-blog"],"_links":{"self":[{"href":"https:\/\/lifevery.biz.ua\/index.php?rest_route=\/wp\/v2\/posts\/21708","targetHints":{"allow":["GET"]}}],"collection":[{"href":"https:\/\/lifevery.biz.ua\/index.php?rest_route=\/wp\/v2\/posts"}],"about":[{"href":"https:\/\/lifevery.biz.ua\/index.php?rest_route=\/wp\/v2\/types\/post"}],"author":[{"embeddable":true,"href":"https:\/\/lifevery.biz.ua\/index.php?rest_route=\/wp\/v2\/users\/1"}],"replies":[{"embeddable":true,"href":"https:\/\/lifevery.biz.ua\/index.php?rest_route=%2Fwp%2Fv2%2Fcomments&post=21708"}],"version-history":[{"count":1,"href":"https:\/\/lifevery.biz.ua\/index.php?rest_route=\/wp\/v2\/posts\/21708\/revisions"}],"predecessor-version":[{"id":21710,"href":"https:\/\/lifevery.biz.ua\/index.php?rest_route=\/wp\/v2\/posts\/21708\/revisions\/21710"}],"wp:featuredmedia":[{"embeddable":true,"href":"https:\/\/lifevery.biz.ua\/index.php?rest_route=\/wp\/v2\/media\/21709"}],"wp:attachment":[{"href":"https:\/\/lifevery.biz.ua\/index.php?rest_route=%2Fwp%2Fv2%2Fmedia&parent=21708"}],"wp:term":[{"taxonomy":"category","embeddable":true,"href":"https:\/\/lifevery.biz.ua\/index.php?rest_route=%2Fwp%2Fv2%2Fcategories&post=21708"},{"taxonomy":"post_tag","embeddable":true,"href":"https:\/\/lifevery.biz.ua\/index.php?rest_route=%2Fwp%2Fv2%2Ftags&post=21708"}],"curies":[{"name":"wp","href":"https:\/\/api.w.org\/{rel}","templated":true}]}}