{"id":21705,"date":"2026-08-31T19:31:52","date_gmt":"2026-08-31T19:31:52","guid":{"rendered":"https:\/\/lifevery.biz.ua\/?p=21705"},"modified":"2026-08-31T19:31:52","modified_gmt":"2026-08-31T19:31:52","slug":"wypadek-w-bockach-ojciec-potracil-4-letniego-syna-wczesniej-zginal-10-miesieczny-syn","status":"publish","type":"post","link":"https:\/\/lifevery.biz.ua\/?p=21705","title":{"rendered":"Wypadek w Bo\u0107kach. Ojciec potr\u0105ci\u0142 4-letniego syna, wcze\u015bniej zgin\u0105\u0142 10-miesi\u0119czny syn"},"content":{"rendered":"\n<p class=\"wp-block-paragraph\">Wypadek w Bo\u0107kach. Ojciec potr\u0105ci\u0142 4-letniego syna, wcze\u015bniej zgin\u0105\u0142 10-miesi\u0119czny syn<\/p>\n\n\n\n<p class=\"wp-block-paragraph\">Policja (zdj. ilustracyjne), fot. fotoreporter_112\/Shutterstock<br>W Bo\u0107kach na Podlasiu ojciec potr\u0105ci\u0142 swojego czteroletniego syna. Ch\u0142opiec trafi\u0142 \u015bmig\u0142owcem do szpitala. 47-letni m\u0119\u017cczyzna us\u0142ysza\u0142 zarzut zagro\u017cony kar\u0105 do pi\u0119ciu lat wi\u0119zienia. Sprawa ma dramatyczny kontekst sprzed trzech lat.<\/p>\n\n\n\n<p class=\"wp-block-paragraph\">Do zdarzenia dosz\u0142o w niedziel\u0119, 16 sierpnia, oko\u0142o godz. 9 na jednej z posesji w Bo\u0107kach. Policja otrzyma\u0142a zg\u0142oszenie o potr\u0105ceniu ma\u0142ego dziecka podczas cofania samochodem. Czterolatek znalaz\u0142 si\u0119 pod ko\u0142ami lekkiej przyczepki podczepionej do auta. Za kierownic\u0105 samochodu siedzia\u0142 ojciec ch\u0142opca.<\/p>\n\n\n\n<p class=\"wp-block-paragraph\">Czterolatek potr\u0105cony w Bo\u0107kach. Ch\u0142opiec trafi\u0142 do szpitala<br>Po wypadku 47-latek wezwa\u0142 pomoc. Czteroletni ch\u0142opiec zosta\u0142 przetransportowany \u015bmig\u0142owcem do szpitala, gdzie trafi\u0142 pod opiek\u0119 lekarzy. Z przekazanych informacji wynika, \u017ce jego stan jest dobry.<\/p>\n\n\n\n<p class=\"wp-block-paragraph\">O stanie dziecka przed kamer\u0105 TVN24 m\u00f3wi\u0142a prof. dr hab. Ewa Matuszczak z Kliniki Chirurgii i Urologii Dzieci\u0119cej Uniwersytetu Medycznego w Bia\u0142ymstoku. Ch\u0142opiec jest leczony z powodu obra\u017ce\u0144 p\u0142uc.<\/p>\n\n\n\n<p class=\"wp-block-paragraph\">\u2013 Dziecko pozostaje pod opiek\u0105 naszej kliniki. Na razie jest leczone z powodu st\u0142uczenia p\u0142uc. My\u015bl\u0119, \u017ce nie b\u0119dzie wymaga\u0142o interwencji chirurgicznej \u2013 powiedzia\u0142a przed kamer\u0105 TVN24 prof. dr hab. Ewa Matuszczak z Kliniki Chirurgii i Urologii Dzieci\u0119cej Uniwersytetu Medycznego w Bia\u0142ymstoku.<\/p>\n\n\n\n<p class=\"wp-block-paragraph\">Wed\u0142ug przekazanych informacji mo\u017cliwe jest, \u017ce czterolatek w ci\u0105gu tygodnia zostanie wypisany do domu. Po zdarzeniu jego ojciec zosta\u0142 natomiast zatrzymany przez policj\u0119.<\/p>\n\n\n\n<p class=\"wp-block-paragraph\">Funkcjonariusze ustalali okoliczno\u015bci wypadku. Jak przekaza\u0142a nadkomisarz Agnieszka D\u0105browska z Komendy Powiatowej Policji w Bielsku Podlaskim, m\u0119\u017cczyzna wykonywa\u0142 w tym czasie prace na swojej posesji.<br><\/p>\n\n\n\n<p class=\"wp-block-paragraph\">Policja o wypadku w Bo\u0107kach. 47-latek us\u0142ysza\u0142 zarzut<br>Wed\u0142ug relacji przekazanej policjantom 47-latek chcia\u0142 przestawi\u0107 samoch\u00f3d. M\u0119\u017cczyzna twierdzi\u0142, \u017ce by\u0142 przekonany, i\u017c jego czteroletni syn znajduje si\u0119 w domu. Kilka minut wcze\u015bniej ch\u0142opiec mia\u0142 p\u00f3j\u015b\u0107 po wod\u0119.<\/p>\n\n\n\n<p class=\"wp-block-paragraph\">\u2013 47-latek m\u00f3wi\u0142, \u017ce wykonywa\u0142 prace na swojej posesji, chcia\u0142 przestawi\u0107 samoch\u00f3d i nie wie, jak dziecko dosta\u0142o si\u0119 pod ko\u0142a przyczepki. By\u0142 przekonany, \u017ce ch\u0142opczyk jest w domu, poniewa\u017c kilka minut wcze\u015bniej poszed\u0142 po wod\u0119 \u2013 m\u00f3wi nadkomisarz Agnieszka D\u0105browska z Komendy Powiatowej Policji w Bielsku Podlaskim.<\/p>\n\n\n\n<p class=\"wp-block-paragraph\">M\u0119\u017cczyzna przyzna\u0142 si\u0119 do winy. Us\u0142ysza\u0142 zarzut nara\u017cenia dziecka, nad kt\u00f3rym sprawowa\u0142 opiek\u0119, na bezpo\u015brednie niebezpiecze\u0144stwo utraty \u017cycia lub zdrowia. Za ten czyn grozi mu do pi\u0119ciu lat pozbawienia wolno\u015bci.<\/p>\n\n\n\n<p class=\"wp-block-paragraph\">Sprawa nabiera szczeg\u00f3lnego znaczenia w zwi\u0105zku z wydarzeniem, do kt\u00f3rego dosz\u0142o na tej samej posesji niemal trzy lata wcze\u015bniej. Reporter TVN24 Mateusz Grzymkowski ustali\u0142, \u017ce ten sam m\u0119\u017cczyzna potr\u0105ci\u0142 wtedy inne swoje dziecko. Informacj\u0119 potwierdzi\u0142 Adam Naumczuk, szef Prokuratury Rejonowej w Bielsku Podlaskim.<\/p>\n\n\n\n<p class=\"wp-block-paragraph\">Prokurator zwr\u00f3ci\u0142 uwag\u0119 na podobie\u0144stwa mi\u0119dzy oboma zdarzeniami. Pierwsze mia\u0142o miejsce 26 sierpnia, a obecne 16 sierpnia. W obu przypadkach u\u017cywany by\u0142 ten sam samoch\u00f3d terenowy.<\/p>\n\n\n\n<p class=\"wp-block-paragraph\">\u2013 Odk\u0105d tu pracuj\u0119, spotka\u0142em si\u0119 pierwszy raz z czym\u015b podobnym. Tamto zdarzenie mia\u0142o miejsce trzy lata temu &#8211; 26 sierpnia, a to 16 sierpnia. By\u0142 to ten sam samoch\u00f3d terenowy. Z tym, \u017ce teraz dziecko zosta\u0142o przejechane przez przyczepk\u0119 lekk\u0105 podczepion\u0105, a w\u00f3wczas &#8211; bezpo\u015brednio przez sam samoch\u00f3d. Z poczynionych ustale\u0144 wynika, \u017ce by\u0142y to dwa nieszcz\u0119\u015bliwe zdarzenia, do kt\u00f3rych dosz\u0142o na skutek niezachowania przez ojca ostro\u017cno\u015bci \u2013 m\u00f3wi prokurator Adam Naumczuk, szef Prokuratury Rejonowej w Bielsku Podlaskim.<br><\/p>\n","protected":false},"excerpt":{"rendered":"Wypadek w Bo\u0107kach. Ojciec potr\u0105ci\u0142 4-letniego syna, wcze\u015bniej zgin\u0105\u0142 10-miesi\u0119czny syn Policja (zdj. ilustracyjne), fot. fotoreporter_112\/ShutterstockW Bo\u0107kach na Podlasiu ojciec potr\u0105ci\u0142 swojego czteroletniego \n<a class=\"moretag\" href=\"https:\/\/lifevery.biz.ua\/?p=21705\"> [...]<\/a>","protected":false},"author":1,"featured_media":21706,"comment_status":"open","ping_status":"open","sticky":false,"template":"","format":"standard","meta":{"footnotes":""},"categories":[1],"tags":[],"class_list":["post-21705","post","type-post","status-publish","format-standard","has-post-thumbnail","hentry","category-blog"],"_links":{"self":[{"href":"https:\/\/lifevery.biz.ua\/index.php?rest_route=\/wp\/v2\/posts\/21705","targetHints":{"allow":["GET"]}}],"collection":[{"href":"https:\/\/lifevery.biz.ua\/index.php?rest_route=\/wp\/v2\/posts"}],"about":[{"href":"https:\/\/lifevery.biz.ua\/index.php?rest_route=\/wp\/v2\/types\/post"}],"author":[{"embeddable":true,"href":"https:\/\/lifevery.biz.ua\/index.php?rest_route=\/wp\/v2\/users\/1"}],"replies":[{"embeddable":true,"href":"https:\/\/lifevery.biz.ua\/index.php?rest_route=%2Fwp%2Fv2%2Fcomments&post=21705"}],"version-history":[{"count":1,"href":"https:\/\/lifevery.biz.ua\/index.php?rest_route=\/wp\/v2\/posts\/21705\/revisions"}],"predecessor-version":[{"id":21707,"href":"https:\/\/lifevery.biz.ua\/index.php?rest_route=\/wp\/v2\/posts\/21705\/revisions\/21707"}],"wp:featuredmedia":[{"embeddable":true,"href":"https:\/\/lifevery.biz.ua\/index.php?rest_route=\/wp\/v2\/media\/21706"}],"wp:attachment":[{"href":"https:\/\/lifevery.biz.ua\/index.php?rest_route=%2Fwp%2Fv2%2Fmedia&parent=21705"}],"wp:term":[{"taxonomy":"category","embeddable":true,"href":"https:\/\/lifevery.biz.ua\/index.php?rest_route=%2Fwp%2Fv2%2Fcategories&post=21705"},{"taxonomy":"post_tag","embeddable":true,"href":"https:\/\/lifevery.biz.ua\/index.php?rest_route=%2Fwp%2Fv2%2Ftags&post=21705"}],"curies":[{"name":"wp","href":"https:\/\/api.w.org\/{rel}","templated":true}]}}