{"id":21696,"date":"2026-08-31T19:18:01","date_gmt":"2026-08-31T19:18:01","guid":{"rendered":"https:\/\/lifevery.biz.ua\/?p=21696"},"modified":"2026-08-31T19:18:01","modified_gmt":"2026-08-31T19:18:01","slug":"rosyjski-opozycjonista-z-azylem-w-polsce-nie-zyje-sa-pierwsze-ustalenia-sledczych","status":"publish","type":"post","link":"https:\/\/lifevery.biz.ua\/?p=21696","title":{"rendered":"Rosyjski opozycjonista z azylem w Polsce nie \u017cyje. S\u0105 pierwsze ustalenia \u015bledczych"},"content":{"rendered":"\n<p class=\"wp-block-paragraph\">Rosyjski opozycjonista z azylem w Polsce nie \u017cyje. S\u0105 pierwsze ustalenia \u015bledczych<\/p>\n\n\n\n<p class=\"wp-block-paragraph\">Policja (zdj. ilustracyjne), fot. FotoDax\/Shutterstock<br>Rosyjski opozycjonista Siergiej W\u0142asenko nie \u017cyje. 71-latek zosta\u0142 znaleziony martwy w mieszkaniu na warszawskim Mokotowie. Spraw\u0119 jego \u015bmierci bada prokuratura. Na \u015brod\u0119 zaplanowano sekcj\u0119 zw\u0142ok i inne badania.<\/p>\n\n\n\n<p class=\"wp-block-paragraph\">W\u0142asenko by\u0142 wcze\u015bniej deputowanym lokalnego szczebla na rosyjskim Dalekim Wschodzie. Po rozpocz\u0119ciu pe\u0142noskalowej inwazji Rosji na Ukrain\u0119 opu\u015bci\u0142 kraj i uzyska\u0142 azyl polityczny w Polsce. W Warszawie dzia\u0142a\u0142 w \u015brodowisku rosyjskiej opozycji na emigracji. Jego cia\u0142o odnalaz\u0142 w poniedzia\u0142ek p\u00f3\u017anym wieczorem znajomy, kt\u00f3ry wr\u00f3ci\u0142 do Polski z zagranicy.<\/p>\n\n\n\n<p class=\"wp-block-paragraph\">Siergiej W\u0142asenko znaleziony martwy na warszawskim Mokotowie<br>71-letni Siergiej W\u0142asenko zosta\u0142 znaleziony martwy w swoim mieszkaniu na Mokotowie w poniedzia\u0142ek p\u00f3\u017anym wieczorem. Lokal by\u0142 zamkni\u0119ty od \u015brodka. Przy zw\u0142okach zabezpieczono r\u00f3wnie\u017c aktualn\u0105 dokumentacj\u0119 medyczn\u0105 rosyjskiego opozycjonisty.<\/p>\n\n\n\n<p class=\"wp-block-paragraph\">Cia\u0142o odnalaz\u0142 znajomy W\u0142asenki, kt\u00f3ry wr\u00f3ci\u0142 do Polski z zagranicy. Poniewa\u017c mieszkanie by\u0142o zamkni\u0119te, m\u0119\u017cczyzna dosta\u0142 si\u0119 do \u015brodka przez balkon. Po odnalezieniu zw\u0142ok spraw\u0105 zaj\u0119\u0142y si\u0119 s\u0142u\u017cby.<\/p>\n\n\n\n<p class=\"wp-block-paragraph\">Post\u0119powanie prowadzi Wydzia\u0142 do walki z Terrorem Kryminalnym i Zab\u00f3jstw Komendy Sto\u0142ecznej Policji. Cia\u0142o W\u0142asenki zosta\u0142o nast\u0119pnie przewiezione do Zak\u0142adu Medycyny S\u0105dowej, gdzie maj\u0105 zosta\u0107 przeprowadzone dalsze badania.<\/p>\n\n\n\n<p class=\"wp-block-paragraph\">Jak nieoficjalnie ustali\u0142a Wirtualna Polska, podczas pierwszych czynno\u015bci \u015bledczy nie znale\u017ali \u015blad\u00f3w wskazuj\u0105cych na udzia\u0142 innych os\u00f3b w \u015bmierci 71-latka. We wtorek po po\u0142udniu te ustalenia potwierdzi\u0142 rzecznik Prokuratury Okr\u0119gowej w Warszawie prok. Piotr Antoni Skiba. Zaznaczy\u0142, \u017ce na obecnym etapie post\u0119powania prokuratura nie ma przes\u0142anek do podejrzewania udzia\u0142u os\u00f3b trzecich.<br><\/p>\n\n\n\n<p class=\"wp-block-paragraph\">Prokuratura wszczyna \u015bledztwo. Sekcja zw\u0142ok zaplanowana na \u015brod\u0119<br>Prokuratura zdecydowa\u0142a o wszcz\u0119ciu \u015bledztwa dotycz\u0105cego \u015bmierci rosyjskiego opozycjonisty. Post\u0119powanie ma by\u0107 prowadzone w kierunku art. 155 Kodeksu karnego, czyli nieumy\u015blnego spowodowania \u015bmierci.<\/p>\n\n\n\n<p class=\"wp-block-paragraph\">\u2013 Wst\u0119pne ustalenia nie wskazuj\u0105, by do \u015bmierci tego m\u0119\u017cczyzny dosz\u0142o w wyniku dzia\u0142ania b\u0105d\u017a zaniechania innych os\u00f3b. Jeszcze dzi\u015b zostanie wszcz\u0119te \u015bledztwo w kierunku art. 155 Kk, tj. nieumy\u015blne spowodowanie \u015bmierci \u2013 powiedzia\u0142 rzecznik Prokuratury Okr\u0119gowej w Warszawie prok. Piotr Antoni Skiba, cytowany przez Informacyjn\u0105 Agencj\u0119 Radiow\u0105.<\/p>\n\n\n\n<p class=\"wp-block-paragraph\">Wypowied\u017a rzecznika potwierdza, \u017ce na tym etapie \u015bledczy nie dysponuj\u0105 informacjami wskazuj\u0105cymi na dzia\u0142anie os\u00f3b trzecich. Jednocze\u015bnie post\u0119powanie ma pozwoli\u0107 na dok\u0142adne ustalenie okoliczno\u015bci \u015bmierci 71-latka.<\/p>\n\n\n\n<p class=\"wp-block-paragraph\">Na \u015brod\u0119 zaplanowano sekcj\u0119 zw\u0142ok oraz inne badania. Ich przeprowadzenie b\u0119dzie kolejnym etapem czynno\u015bci prowadzonych po odnalezieniu cia\u0142a W\u0142asenki. W przekazanych dotychczas informacjach nie podano przyczyny jego \u015bmierci.<br>Siergiej W\u0142asenko dzia\u0142a\u0142 w rosyjskiej opozycji na emigracji<br>Siergiej W\u0142asenko przed opuszczeniem Rosji pe\u0142ni\u0142 funkcj\u0119 deputowanego lokalnego szczebla na rosyjskim Dalekim Wschodzie. Po rozpocz\u0119ciu pe\u0142noskalowej inwazji Rosji na Ukrain\u0119 wyjecha\u0142 z kraju. Nast\u0119pnie otrzyma\u0142 azyl polityczny w Polsce.<br>Po przyje\u017adzie do Warszawy zaanga\u017cowa\u0142 si\u0119 w dzia\u0142alno\u015b\u0107 Kongresu Deputowanych Ludowych. Jest to organizacja rosyjskiej opozycji dzia\u0142aj\u0105ca na emigracji. Jej tw\u00f3rc\u0105 i przewodnicz\u0105cym jest Ilja Ponomariow, by\u0142y deputowany Dumy Pa\u0144stwowej.<\/p>\n\n\n\n<p class=\"wp-block-paragraph\">Rosja uzna\u0142a Kongres Deputowanych Ludowych za organizacj\u0119 niepo\u017c\u0105dan\u0105. W\u0142asenko pozostawa\u0142 jednak aktywny w rosyjskich \u015brodowiskach opozycyjnych poza granicami kraju. By\u0142 r\u00f3wnie\u017c uczestnikiem Forum Rosyjskiej Opozycji na Rzecz Ukrainy.<\/p>\n\n\n\n<p class=\"wp-block-paragraph\">Obecnie wyja\u015bnianiem okoliczno\u015bci jego \u015bmierci zajmuj\u0105 si\u0119 policja i prokuratura. Na tym etapie \u015bledczy nie wskazuj\u0105 na udzia\u0142 os\u00f3b trzecich, a dalszych informacji maj\u0105 dostarczy\u0107 zaplanowane badania, w tym \u015brodowa sekcja zw\u0142ok.<br><\/p>\n","protected":false},"excerpt":{"rendered":"Rosyjski opozycjonista z azylem w Polsce nie \u017cyje. S\u0105 pierwsze ustalenia \u015bledczych Policja (zdj. ilustracyjne), fot. FotoDax\/ShutterstockRosyjski opozycjonista Siergiej W\u0142asenko nie \u017cyje. 71-latek \n<a class=\"moretag\" href=\"https:\/\/lifevery.biz.ua\/?p=21696\"> [...]<\/a>","protected":false},"author":1,"featured_media":21697,"comment_status":"open","ping_status":"open","sticky":false,"template":"","format":"standard","meta":{"footnotes":""},"categories":[1],"tags":[],"class_list":["post-21696","post","type-post","status-publish","format-standard","has-post-thumbnail","hentry","category-blog"],"_links":{"self":[{"href":"https:\/\/lifevery.biz.ua\/index.php?rest_route=\/wp\/v2\/posts\/21696","targetHints":{"allow":["GET"]}}],"collection":[{"href":"https:\/\/lifevery.biz.ua\/index.php?rest_route=\/wp\/v2\/posts"}],"about":[{"href":"https:\/\/lifevery.biz.ua\/index.php?rest_route=\/wp\/v2\/types\/post"}],"author":[{"embeddable":true,"href":"https:\/\/lifevery.biz.ua\/index.php?rest_route=\/wp\/v2\/users\/1"}],"replies":[{"embeddable":true,"href":"https:\/\/lifevery.biz.ua\/index.php?rest_route=%2Fwp%2Fv2%2Fcomments&post=21696"}],"version-history":[{"count":1,"href":"https:\/\/lifevery.biz.ua\/index.php?rest_route=\/wp\/v2\/posts\/21696\/revisions"}],"predecessor-version":[{"id":21698,"href":"https:\/\/lifevery.biz.ua\/index.php?rest_route=\/wp\/v2\/posts\/21696\/revisions\/21698"}],"wp:featuredmedia":[{"embeddable":true,"href":"https:\/\/lifevery.biz.ua\/index.php?rest_route=\/wp\/v2\/media\/21697"}],"wp:attachment":[{"href":"https:\/\/lifevery.biz.ua\/index.php?rest_route=%2Fwp%2Fv2%2Fmedia&parent=21696"}],"wp:term":[{"taxonomy":"category","embeddable":true,"href":"https:\/\/lifevery.biz.ua\/index.php?rest_route=%2Fwp%2Fv2%2Fcategories&post=21696"},{"taxonomy":"post_tag","embeddable":true,"href":"https:\/\/lifevery.biz.ua\/index.php?rest_route=%2Fwp%2Fv2%2Ftags&post=21696"}],"curies":[{"name":"wp","href":"https:\/\/api.w.org\/{rel}","templated":true}]}}