{"id":21693,"date":"2026-08-31T19:12:51","date_gmt":"2026-08-31T19:12:51","guid":{"rendered":"https:\/\/lifevery.biz.ua\/?p=21693"},"modified":"2026-08-31T19:12:51","modified_gmt":"2026-08-31T19:12:51","slug":"wyznanie-partnerki-lukasza-litewki-padly-slowa-o-zachowaniu-kierowcy","status":"publish","type":"post","link":"https:\/\/lifevery.biz.ua\/?p=21693","title":{"rendered":"Wyznanie partnerki \u0141ukasza Litewki. Pad\u0142y s\u0142owa o zachowaniu kierowcy"},"content":{"rendered":"\n<p class=\"wp-block-paragraph\">Fotografia \u0141ukasza Litewki, fot. Adam Burakowski\/East News<br>Partnerka zmar\u0142ego pos\u0142a Lewicy \u0141ukasza Litewki zabra\u0142a g\u0142os po jego tragicznym wypadku. Natalia Bac\u0142awska opowiedzia\u0142a o chwili dotarcia na miejsce tragedii. Wspomnia\u0142a tak\u017ce o pierwszych dniach po \u015bmierci polityka. W rozmowie odnios\u0142a si\u0119 r\u00f3wnie\u017c do zachowania kierowcy podejrzanego o spowodowanie wypadku.<\/p>\n\n\n\n<p class=\"wp-block-paragraph\">Bac\u0142awska wr\u00f3ci\u0142a do wydarze\u0144 z 23 kwietnia podczas wywiadu dla \u017burnalisty. Tego dnia 57-letni S\u0142awomir K. mia\u0142 z niewyja\u015bnionych przyczyn zjecha\u0107 samochodem na przeciwleg\u0142y pas ruchu. Dosz\u0142o wtedy do czo\u0142owego zderzenia z jad\u0105cym prawid\u0142owo na rowerze \u0141ukaszem Litewk\u0105. Mimo godzinnej reanimacji \u017cycia pos\u0142a Lewicy nie uda\u0142o si\u0119 uratowa\u0107.<\/p>\n\n\n\n<p class=\"wp-block-paragraph\">Natalia Bac\u0142awska dotar\u0142a na miejsce wypadku. \u201eNigdy nie zapomn\u0119 ich twarzy\u201d<br>Natalia Bac\u0142awska opisa\u0142a w rozmowie z \u017burnalist\u0105 moment, w kt\u00f3rym przyjecha\u0142a na miejsce tragicznego wypadku. Jak relacjonowa\u0142a, jeszcze przed dotarciem w bezpo\u015brednie s\u0105siedztwo miejsca zdarzenia zauwa\u017cy\u0142a stoj\u0105cych tam funkcjonariuszy.<\/p>\n\n\n\n<p class=\"wp-block-paragraph\">\u2013 Ju\u017c jak zje\u017cd\u017ca\u0142y\u015bmy na t\u0119 przekl\u0119t\u0105 Kazimierzowsk\u0105, z daleka widzia\u0142am tylko buty, bo sta\u0142a policjantka i policjant. Nigdy nie zapomn\u0119 ich twarzy \u2013 m\u00f3wi\u0142a Natalia Bac\u0142awska w wywiadzie dla \u017burnalisty.<\/p>\n\n\n\n<p class=\"wp-block-paragraph\">Na miejscu policjanci zacz\u0119li pyta\u0107 j\u0105 o to, kim jest. Bac\u0142awska us\u0142ysza\u0142a, \u017ce funkcjonariusze nie mog\u0105 przekaza\u0107 jej informacji. Jak wynika z jej relacji, znaczenie mia\u0142 fakt, \u017ce ona i \u0141ukasz Litewka nie byli ma\u0142\u017ce\u0144stwem.<\/p>\n\n\n\n<p class=\"wp-block-paragraph\">\u2013 Nie mo\u017cemy nic pani powiedzie\u0107 \u2013 us\u0142ysza\u0142a od policji, jak opowiedzia\u0142a w rozmowie z \u017burnalist\u0105.<\/p>\n\n\n\n<p class=\"wp-block-paragraph\">Relacja partnerki zmar\u0142ego pos\u0142a pokazuje r\u00f3wnie\u017c, jak wygl\u0105da\u0142y dla niej pierwsze chwile po dotarciu na miejsce tragedii. Bac\u0142awska w wywiadzie wr\u00f3ci\u0142a nie tylko do samego wypadku, ale te\u017c do okresu bezpo\u015brednio po \u015bmierci \u0141ukasza Litewki.<br><\/p>\n\n\n\n<p class=\"wp-block-paragraph\">Partnerka \u0141ukasza Litewki o dniach po jego \u015bmierci<br>Natalia Bac\u0142awska opowiedzia\u0142a r\u00f3wnie\u017c, jak wygl\u0105da\u0142y kolejne dni po \u015bmierci jej partnera. Jak przyzna\u0142a, w tym czasie pozostawa\u0142a przede wszystkim w domu.<\/p>\n\n\n\n<p class=\"wp-block-paragraph\">\u2013 Przez wi\u0119kszo\u015b\u0107 czasu siedzia\u0142am w domu z zas\u0142oni\u0119tymi roletami \u2013 m\u00f3wi\u0142a Natalia Bac\u0142awska w rozmowie z \u017burnalist\u0105.<\/p>\n\n\n\n<p class=\"wp-block-paragraph\">W wywiadzie pojawi\u0142 si\u0119 tak\u017ce w\u0105tek m\u0119\u017cczyzny, kt\u00f3ry wed\u0142ug ustale\u0144 prokuratury doprowadzi\u0142 do \u015bmiertelnego wypadku. Bac\u0142awska odnios\u0142a si\u0119 do jego p\u00f3\u017aniejszej postawy i bardzo krytycznie oceni\u0142a jego zachowanie.<\/p>\n\n\n\n<p class=\"wp-block-paragraph\">\u2013 Gdybym by\u0142a na miejscu osoby, kt\u00f3ra zabi\u0142a drug\u0105 osob\u0119, pierwsze, co bym zrobi\u0142a, to na kolanach posz\u0142a do rodzic\u00f3w, natomiast ten cz\u0142owiek zaczyna robi\u0107 z siebie ofiar\u0119 \u2013 powiedzia\u0142a Natalia Bac\u0142awska w wywiadzie dla \u017burnalisty.<\/p>\n\n\n\n<p class=\"wp-block-paragraph\">Jej s\u0142owa odnosz\u0105 si\u0119 do sytuacji 57-letniego S\u0142awomira K., wobec kt\u00f3rego prowadzone jest post\u0119powanie dotycz\u0105ce \u015bmiertelnego wypadku. Z ustale\u0144 prokuratury wynika, \u017ce m\u0119\u017cczyzna przyzna\u0142 si\u0119 do winy, cho\u0107 nie potrafi wyja\u015bni\u0107, jak dosz\u0142o do tragedii.<br><\/p>\n\n\n\n<p class=\"wp-block-paragraph\">\u015amier\u0107 \u0141ukasza Litewki. 57-letni kierowca czeka na proces<br>Wed\u0142ug ustale\u0144 prokuratury do tragicznego zdarzenia dosz\u0142o 23 kwietnia. 57-letni S\u0142awomir K. kierowa\u0142 samochodem marki Mitsubishi. Z niewyja\u015bnionych przyczyn zjecha\u0142 na przeciwleg\u0142y pas ruchu.<br><\/p>\n\n\n\n<p class=\"wp-block-paragraph\">W tym samym czasie prawid\u0142owo porusza\u0142 si\u0119 tam na rowerze pose\u0142 Lewicy \u0141ukasz Litewka. Dosz\u0142o do czo\u0142owego zderzenia samochodu z rowerzyst\u0105. Na miejscu podj\u0119to reanimacj\u0119 polityka.<\/p>\n\n\n\n<p class=\"wp-block-paragraph\">Akcja ratunkowa trwa\u0142a godzin\u0119. Mimo podj\u0119tych dzia\u0142a\u0144 \u017cycia \u0141ukasza Litewki nie uda\u0142o si\u0119 uratowa\u0107.<\/p>\n\n\n\n<p class=\"wp-block-paragraph\">57-letni kierowca przyzna\u0142 si\u0119 do winy. Nie potrafi jednak wyja\u015bni\u0107, dlaczego dosz\u0142o do wypadku i w jaki spos\u00f3b jego samoch\u00f3d znalaz\u0142 si\u0119 na przeciwleg\u0142ym pasie ruchu. M\u0119\u017cczyzna czeka na proces.<\/p>\n\n\n\n<p class=\"wp-block-paragraph\">Za zarzucany mu czyn grozi do o\u015bmiu lat pozbawienia wolno\u015bci. Sprawa \u015bmiertelnego wypadku pozostaje wi\u0119c przedmiotem post\u0119powania, a okoliczno\u015bci zjechania Mitsubishi na przeciwleg\u0142y pas nadal nie zosta\u0142y wyja\u015bnione.<\/p>\n\n\n\n<p class=\"wp-block-paragraph\"><\/p>\n","protected":false},"excerpt":{"rendered":"Fotografia \u0141ukasza Litewki, fot. Adam Burakowski\/East NewsPartnerka zmar\u0142ego pos\u0142a Lewicy \u0141ukasza Litewki zabra\u0142a g\u0142os po jego tragicznym wypadku. Natalia Bac\u0142awska opowiedzia\u0142a o chwili \n<a class=\"moretag\" href=\"https:\/\/lifevery.biz.ua\/?p=21693\"> [...]<\/a>","protected":false},"author":1,"featured_media":21694,"comment_status":"open","ping_status":"open","sticky":false,"template":"","format":"standard","meta":{"footnotes":""},"categories":[1],"tags":[],"class_list":["post-21693","post","type-post","status-publish","format-standard","has-post-thumbnail","hentry","category-blog"],"_links":{"self":[{"href":"https:\/\/lifevery.biz.ua\/index.php?rest_route=\/wp\/v2\/posts\/21693","targetHints":{"allow":["GET"]}}],"collection":[{"href":"https:\/\/lifevery.biz.ua\/index.php?rest_route=\/wp\/v2\/posts"}],"about":[{"href":"https:\/\/lifevery.biz.ua\/index.php?rest_route=\/wp\/v2\/types\/post"}],"author":[{"embeddable":true,"href":"https:\/\/lifevery.biz.ua\/index.php?rest_route=\/wp\/v2\/users\/1"}],"replies":[{"embeddable":true,"href":"https:\/\/lifevery.biz.ua\/index.php?rest_route=%2Fwp%2Fv2%2Fcomments&post=21693"}],"version-history":[{"count":1,"href":"https:\/\/lifevery.biz.ua\/index.php?rest_route=\/wp\/v2\/posts\/21693\/revisions"}],"predecessor-version":[{"id":21695,"href":"https:\/\/lifevery.biz.ua\/index.php?rest_route=\/wp\/v2\/posts\/21693\/revisions\/21695"}],"wp:featuredmedia":[{"embeddable":true,"href":"https:\/\/lifevery.biz.ua\/index.php?rest_route=\/wp\/v2\/media\/21694"}],"wp:attachment":[{"href":"https:\/\/lifevery.biz.ua\/index.php?rest_route=%2Fwp%2Fv2%2Fmedia&parent=21693"}],"wp:term":[{"taxonomy":"category","embeddable":true,"href":"https:\/\/lifevery.biz.ua\/index.php?rest_route=%2Fwp%2Fv2%2Fcategories&post=21693"},{"taxonomy":"post_tag","embeddable":true,"href":"https:\/\/lifevery.biz.ua\/index.php?rest_route=%2Fwp%2Fv2%2Ftags&post=21693"}],"curies":[{"name":"wp","href":"https:\/\/api.w.org\/{rel}","templated":true}]}}