{"id":21690,"date":"2026-08-31T18:54:56","date_gmt":"2026-08-31T18:54:56","guid":{"rendered":"https:\/\/lifevery.biz.ua\/?p=21690"},"modified":"2026-08-31T18:54:56","modified_gmt":"2026-08-31T18:54:56","slug":"tragedia-w-darlowku-nie-zyje-proboszcz-z-leborka","status":"publish","type":"post","link":"https:\/\/lifevery.biz.ua\/?p=21690","title":{"rendered":"Tragedia w Dar\u0142\u00f3wku. Nie \u017cyje proboszcz z L\u0119borka"},"content":{"rendered":"\n<p class=\"wp-block-paragraph\">Tragedia w Dar\u0142\u00f3wku. Nie \u017cyje proboszcz z L\u0119borka<\/p>\n\n\n\n<p class=\"wp-block-paragraph\">Fot. PeopleImages\/Shutterstock<br>Ks. Rafa\u0142 Cieszy\u0144ski, proboszcz parafii pw. Mi\u0142osierdzia Bo\u017cego w L\u0119borku, zgin\u0105\u0142 w Dar\u0142\u00f3wku. 53-letni duchowny nie prze\u017cy\u0142 tragicznego zdarzenia w wodzie. Druga poszkodowana, 46-letnia kobieta, trafi\u0142a do szpitala. Po \u015bmierci kap\u0142ana w sieci pojawi\u0142o si\u0119 wiele osobistych po\u017cegna\u0144.<\/p>\n\n\n\n<p class=\"wp-block-paragraph\">Do tragedii dosz\u0142o w poniedzia\u0142ek, 17 sierpnia, na pla\u017cy w Dar\u0142\u00f3wku w wojew\u00f3dztwie zachodniopomorskim. Dwoje pla\u017cowicz\u00f3w zosta\u0142o podczas k\u0105pieli porwanych przez pr\u0105d. Ratownicy odnale\u017ali obie osoby i wydobyli je z wody. W przypadku m\u0119\u017cczyzny konieczne by\u0142o rozpocz\u0119cie resuscytacji kr\u0105\u017ceniowo-oddechowej.<\/p>\n\n\n\n<p class=\"wp-block-paragraph\">Tragedia w Dar\u0142\u00f3wku. Nie \u017cyje ks. Rafa\u0142 Cieszy\u0144ski z L\u0119borka<br>Informacje o przebiegu akcji ratunkowej przekaza\u0142a w mediach spo\u0142eczno\u015bciowych Morska S\u0142u\u017cba Poszukiwania i Ratownictwa. Z komunikatu wynika, \u017ce ratownikom uda\u0142o si\u0119 odnale\u017a\u0107 zar\u00f3wno m\u0119\u017cczyzn\u0119, jak i kobiet\u0119. Po wydobyciu jednej z os\u00f3b z wody rozpocz\u0119\u0142a si\u0119 walka o jej \u017cycie.<\/p>\n\n\n\n<p class=\"wp-block-paragraph\">\u2013 Obie osoby zosta\u0142y odnalezione i wydobyte z wody. U jednej z nich nasi ratownicy rozpocz\u0119li resuscytacj\u0119 kr\u0105\u017ceniowo-oddechow\u0105. Niestety, pomimo prowadzonej resuscytacji, o godz. 20.04 lekarz LPR stwierdzi\u0142 zgon poszkodowanego \u2013 napisano w mediach spo\u0142eczno\u015bciowych Morskiej S\u0142u\u017cby Poszukiwania i Ratownictwa.<\/p>\n\n\n\n<p class=\"wp-block-paragraph\">Zmar\u0142y m\u0119\u017cczyzna mia\u0142 53 lata. Druga osoba poszkodowana w tym samym zdarzeniu to 46-letnia kobieta. Zosta\u0142a przetransportowana do szpitala.<\/p>\n\n\n\n<p class=\"wp-block-paragraph\">Dzie\u0144 po tragedii pojawi\u0142a si\u0119 informacja, \u017ce ofiar\u0105 jest ks. Rafa\u0142 Cieszy\u0144ski, proboszcz parafii pw. Mi\u0142osierdzia Bo\u017cego w L\u0119borku. Wiadomo\u015b\u0107 o \u015bmierci duchownego przekaza\u0142a Kuria Diecezjalna Pelpli\u0144ska.<\/p>\n\n\n\n<p class=\"wp-block-paragraph\">\u2013 Kuria Diecezjalna Pelpli\u0144ska informuje, \u017ce dnia 17 sierpnia 2026 r., zmar\u0142 w wieku 53 lat, \u015bp. ks. Rafa\u0142 Cieszy\u0144ski, proboszcz parafii pw. Mi\u0142osierdzia Bo\u017cego w L\u0119borku \u2013 poda\u0142 ks. Adam Ka\u0142du\u0144ski, kanclerz diecezji.<\/p>\n\n\n\n<p class=\"wp-block-paragraph\">Potwierdzenie to\u017csamo\u015bci zmar\u0142ego wywo\u0142a\u0142o liczne reakcje os\u00f3b zwi\u0105zanych z parafi\u0105. Duchownego \u017cegnaj\u0105 zar\u00f3wno obecni parafianie, jak i osoby znaj\u0105ce go z wcze\u015bniejszych parafii. W mediach spo\u0142eczno\u015bciowych pojawi\u0142y si\u0119 kondolencje, wspomnienia oraz osobiste wpisy po\u015bwi\u0119cone zmar\u0142emu proboszczowi.<\/p>\n\n\n\n<p class=\"wp-block-paragraph\">Zobacz tak\u017ce: Seniorzy nie musz\u0105 p\u0142aci\u0107 za \u015bmieci. Specjalny zasi\u0142ek pokryje op\u0142at\u0119<\/p>\n\n\n\n<p class=\"wp-block-paragraph\">Parafianie \u017cegnaj\u0105 ks. Rafa\u0142a Cieszy\u0144skiego. \u201eZapami\u0119tamy Ci\u0119 na zawsze\u201d<br>Wiadomo\u015b\u0107 o \u015bmierci proboszcza wywo\u0142a\u0142a ogromny smutek w\u015br\u00f3d os\u00f3b, kt\u00f3re zna\u0142y ks. Rafa\u0142a Cieszy\u0144skiego. Cz\u0119\u015b\u0107 parafian pozostawi\u0142a komentarze pod informacjami o tragedii. Inni zdecydowali si\u0119 na opublikowanie w\u0142asnych po\u017cegna\u0144 w mediach spo\u0142eczno\u015bciowych.<\/p>\n\n\n\n<p class=\"wp-block-paragraph\">Jedn\u0105 z os\u00f3b, kt\u00f3re wspomnia\u0142y zmar\u0142ego duchownego, by\u0142a pani Sandra. W swoim wpisie zwr\u00f3ci\u0142a uwag\u0119 na nag\u0142o\u015b\u0107 tragedii i na to, jak niewiele czasu min\u0119\u0142o od ostatniego spotkania z ksi\u0119dzem.<\/p>\n\n\n\n<p class=\"wp-block-paragraph\">\u2013 W niedziel\u0119 widzisz cz\u0142owieka, a dwa dni p\u00f3\u017aniej ju\u017c go na tym \u015bwiecie nie ma&#8230; &gt;&gt;Strze\u017ccie si\u0119, bo nie znacie dnia ani godziny&#8230;&lt;&lt; \u2013 napisa\u0142a pani Sandra w mediach spo\u0142eczno\u015bciowych.<\/p>\n\n\n\n<p class=\"wp-block-paragraph\">O nastrojach panuj\u0105cych po \u015bmierci proboszcza napisa\u0142 r\u00f3wnie\u017c samorz\u0105dowiec Zbigniew Rudyk. W jego wpisie pojawi\u0142o si\u0119 odniesienie do smutku, jaki wiadomo\u015b\u0107 o tragedii wywo\u0142a\u0142a w L\u0119borku.<\/p>\n\n\n\n<p class=\"wp-block-paragraph\">\u2013 L\u0119bork w grobowym nastroju, smutku i zadumie nad \u017cyciem i \u015bmierci\u0105. Ksi\u0105dz Rafa\u0142 Cieszy\u0144ski, proboszcz parafii pw. Mi\u0142osierdzia Bo\u017cego w L\u0119borku, zgin\u0105\u0142 tragicznie i dzisiaj m\u00f3wi si\u0119 tylko o tym. Niech odpoczywa w pokoju \u2013 napisa\u0142 samorz\u0105dowiec Zbigniew Rudyk.<\/p>\n\n\n\n<p class=\"wp-block-paragraph\">Wspomnienia publikuj\u0105 r\u00f3wnie\u017c osoby, kt\u00f3re zapami\u0119ta\u0142y ks. Rafa\u0142a Cieszy\u0144skiego nie tylko jako duchownego, ale tak\u017ce jako cz\u0142owieka. Pan Piotr podkre\u015bli\u0142 wyj\u0105tkowo\u015b\u0107 spotkania z proboszczem i podzi\u0119kowa\u0142 mu za wsp\u00f3ln\u0105 drog\u0119.<\/p>\n\n\n\n<p class=\"wp-block-paragraph\">\u2013 Rzadko si\u0119 spotyka na swojej drodze takich ludzi jak ksi\u0105dz proboszcz Rafa\u0142 Cieszy\u0144ski. Dzi\u0119kuj\u0119, Ksi\u0119\u017ce Rafale, za to, \u017ce spotkali\u015bmy si\u0119 na wsp\u00f3lnej drodze. By\u0142e\u015b wspania\u0142ym cz\u0142owiekiem, zapami\u0119tamy Ci\u0119 na zawsze \u2013 doda\u0142 pan Piotr w mediach spo\u0142eczno\u015bciowych.<\/p>\n\n\n\n<p class=\"wp-block-paragraph\">Po\u017cegnania nap\u0142ywaj\u0105 nie tylko od os\u00f3b zwi\u0105zanych z obecn\u0105 parafi\u0105 ks. Rafa\u0142a Cieszy\u0144skiego. Wspominaj\u0105 go r\u00f3wnie\u017c parafianie z miejsc, w kt\u00f3rych wcze\u015bniej pe\u0142ni\u0142 pos\u0142ug\u0119. Wpisy publikowane po informacji o jego \u015bmierci pokazuj\u0105 skal\u0119 poruszenia, jakie wywo\u0142a\u0142a tragedia w Dar\u0142\u00f3wku.<br><\/p>\n","protected":false},"excerpt":{"rendered":"Tragedia w Dar\u0142\u00f3wku. Nie \u017cyje proboszcz z L\u0119borka Fot. PeopleImages\/ShutterstockKs. Rafa\u0142 Cieszy\u0144ski, proboszcz parafii pw. Mi\u0142osierdzia Bo\u017cego w L\u0119borku, zgin\u0105\u0142 w Dar\u0142\u00f3wku. 53-letni \n<a class=\"moretag\" href=\"https:\/\/lifevery.biz.ua\/?p=21690\"> [...]<\/a>","protected":false},"author":1,"featured_media":21691,"comment_status":"open","ping_status":"open","sticky":false,"template":"","format":"standard","meta":{"footnotes":""},"categories":[1],"tags":[],"class_list":["post-21690","post","type-post","status-publish","format-standard","has-post-thumbnail","hentry","category-blog"],"_links":{"self":[{"href":"https:\/\/lifevery.biz.ua\/index.php?rest_route=\/wp\/v2\/posts\/21690","targetHints":{"allow":["GET"]}}],"collection":[{"href":"https:\/\/lifevery.biz.ua\/index.php?rest_route=\/wp\/v2\/posts"}],"about":[{"href":"https:\/\/lifevery.biz.ua\/index.php?rest_route=\/wp\/v2\/types\/post"}],"author":[{"embeddable":true,"href":"https:\/\/lifevery.biz.ua\/index.php?rest_route=\/wp\/v2\/users\/1"}],"replies":[{"embeddable":true,"href":"https:\/\/lifevery.biz.ua\/index.php?rest_route=%2Fwp%2Fv2%2Fcomments&post=21690"}],"version-history":[{"count":1,"href":"https:\/\/lifevery.biz.ua\/index.php?rest_route=\/wp\/v2\/posts\/21690\/revisions"}],"predecessor-version":[{"id":21692,"href":"https:\/\/lifevery.biz.ua\/index.php?rest_route=\/wp\/v2\/posts\/21690\/revisions\/21692"}],"wp:featuredmedia":[{"embeddable":true,"href":"https:\/\/lifevery.biz.ua\/index.php?rest_route=\/wp\/v2\/media\/21691"}],"wp:attachment":[{"href":"https:\/\/lifevery.biz.ua\/index.php?rest_route=%2Fwp%2Fv2%2Fmedia&parent=21690"}],"wp:term":[{"taxonomy":"category","embeddable":true,"href":"https:\/\/lifevery.biz.ua\/index.php?rest_route=%2Fwp%2Fv2%2Fcategories&post=21690"},{"taxonomy":"post_tag","embeddable":true,"href":"https:\/\/lifevery.biz.ua\/index.php?rest_route=%2Fwp%2Fv2%2Ftags&post=21690"}],"curies":[{"name":"wp","href":"https:\/\/api.w.org\/{rel}","templated":true}]}}