{"id":21683,"date":"2026-08-31T04:47:56","date_gmt":"2026-08-31T04:47:56","guid":{"rendered":"https:\/\/lifevery.biz.ua\/?p=21683"},"modified":"2026-08-31T04:47:56","modified_gmt":"2026-08-31T04:47:56","slug":"wypadek-polskiego-autokaru-na-wegrzech-kluczowy-ruch-prokuratury-jest-oficjalny-wniosek","status":"publish","type":"post","link":"https:\/\/lifevery.biz.ua\/?p=21683","title":{"rendered":"Wypadek polskiego autokaru na W\u0119grzech. Kluczowy ruch prokuratury, jest oficjalny wniosek"},"content":{"rendered":"\n<p class=\"wp-block-paragraph\">Wypadek polskiego autokaru na W\u0119grzech. Kluczowy ruch prokuratury, jest oficjalny wniosek<\/p>\n\n\n\n<p class=\"wp-block-paragraph\">fot. FERENC ISZA\/AFP\/East News<br>Tragiczny wypadek polskiego autokaru na W\u0119grzech mo\u017ce by\u0107 badany przez polskie organy \u015bcigania. Prokuratura Rejonowa w Kro\u015bnie poinformowa\u0142a o decyzji dotycz\u0105cej dalszego prowadzenia post\u0119powania.<\/p>\n\n\n\n<p class=\"wp-block-paragraph\">Sprawa jest obecnie prowadzona zar\u00f3wno w zwi\u0105zku z czynno\u015bciami podejmowanymi przez w\u0119gierskie organy, jak i dzia\u0142aniami polskiej prokuratury. Polska strona zwr\u00f3ci\u0142a si\u0119 ju\u017c o przekazanie materia\u0142\u00f3w potrzebnych do prowadzenia w\u0142asnego post\u0119powania.<\/p>\n\n\n\n<p class=\"wp-block-paragraph\">Polska prokuratura chce przej\u0105\u0107 \u015bciganie od W\u0119gier<br>Prok. Marta Kolendowska-Matejczuk z Prokuratury Rejonowej w Kro\u015bnie poinformowa\u0142a w \u015brod\u0119 o decyzji dotycz\u0105cej dalszego prowadzenia sprawy. Jak przekaza\u0142a, podj\u0119to decyzj\u0119 o skierowaniu do polskiego ministra sprawiedliwo\u015bci i Prokuratora Generalnego wniosku o przej\u0119cie \u015bcigania od strony w\u0119gierskiej. Wniosek ma by\u0107 uzasadniony interesem polskiego wymiaru sprawiedliwo\u015bci.<\/p>\n\n\n\n<p class=\"wp-block-paragraph\">Z uwagi na przedmiot post\u0119powania, w szczeg\u00f3lno\u015bci maj\u0105c na wzgl\u0119dzie okoliczno\u015bci, \u017ce podejrzanym, a tak\u017ce pokrzywdzonymi w sprawie s\u0105 wy\u0142\u0105cznie obywatele Polski, w tutejszej jednostce podj\u0119to decyzj\u0119 o skierowanie do polskiego ministra sprawiedliwo\u015bci i Prokuratora Generalnego wniosku o przej\u0119cie \u015bcigania od strony w\u0119gierskiej, co jest uzasadnione interesem polskiego wymiaru sprawiedliwo\u015bci \u2013 powiedzia\u0142a prok. Marta Kolendowska-Matejczuk.<\/p>\n\n\n\n<p class=\"wp-block-paragraph\">Decyzja zosta\u0142a podj\u0119ta w zwi\u0105zku z charakterem sprawy oraz faktem, \u017ce zar\u00f3wno osoba podejrzana, jak i osoby pokrzywdzone s\u0105 obywatelami Polski. Prokuratura Rejonowa w Kro\u015bnie prowadzi w\u0142asne czynno\u015bci dotycz\u0105ce wypadku, a polski prokurator nadzoruje post\u0119powanie od strony polskiej.<br><\/p>\n\n\n\n<p class=\"wp-block-paragraph\">Kierowca zosta\u0142 zatrzymany. W\u0119gierski s\u0105d zdecydowa\u0142 o areszcie<br>Prokurator nadzoruj\u0105cy polskie \u015bledztwo otrzyma\u0142 w \u015brod\u0119 informacje od prokuratora prokuratury rejonowej w Miszkolcu. Potwierdzono w nich zatrzymanie kierowcy autokaru oraz przedstawienie mu zarzutu dotycz\u0105cego nieumy\u015blnego spowodowania wypadku drogowego, kt\u00f3rego skutkiem by\u0142a \u015bmier\u0107 wielu os\u00f3b. W\u0119gierski s\u0105d rejonowy w Miszkolcu zdecydowa\u0142 r\u00f3wnie\u017c o zastosowaniu wobec m\u0119\u017cczyzny \u015brodka zapobiegawczego w postaci aresztowania.<\/p>\n\n\n\n<p class=\"wp-block-paragraph\">Prokurator nadzoruj\u0105cy \u015bledztwo w sprawie katastrofy polskiego autokaru na W\u0119grzech otrzyma\u0142 dzi\u015b od prokuratora prokuratury rejonowej w Miszkolcu informacje potwierdzaj\u0105ce fakt zatrzymania i postawienia zarzutu kierowcy autokaru polegaj\u0105cego na nieumy\u015blnym spowodowaniu wypadku drogowego skutkuj\u0105cego \u015bmierci\u0105 wielu os\u00f3b. Ponadto na mocy postanowienia s\u0105du rejonowego w Miszkolcu zastosowany zosta\u0142 wobec kierowcy \u015brodek zapobiegawczy w postaci aresztowania na okres jednego miesi\u0105ca &#8211; powiedzia\u0142a podczas \u015brodowej konferencji prasowej prok. Marta Kolendowska-Matejczuk.<\/p>\n\n\n\n<p class=\"wp-block-paragraph\">Areszt wobec kierowcy zosta\u0142 zastosowany na okres 30 dni, czyli do 18 wrze\u015bnia. Jednocze\u015bnie w polskim \u015bledztwie rozpocz\u0119\u0142y si\u0119 pierwsze przes\u0142uchania. Prokurator przekaza\u0142a, \u017ce czynno\u015bci te ruszy\u0142y we wtorek.<\/p>\n\n\n\n<p class=\"wp-block-paragraph\">Polska prokuratura nadal oczekuje jednak na przekazanie dokumentacji dotycz\u0105cej wypadku. Chodzi mi\u0119dzy innymi o materia\u0142y, o kt\u00f3re wyst\u0105piono w ramach Europejskiego Nakazu Dochodzeniowego. Bez przekazania tych dokument\u00f3w polska strona nie ma jeszcze kompletu materia\u0142\u00f3w zwi\u0105zanych ze spraw\u0105.<br><\/p>\n","protected":false},"excerpt":{"rendered":"Wypadek polskiego autokaru na W\u0119grzech. Kluczowy ruch prokuratury, jest oficjalny wniosek fot. FERENC ISZA\/AFP\/East NewsTragiczny wypadek polskiego autokaru na W\u0119grzech mo\u017ce by\u0107 badany \n<a class=\"moretag\" href=\"https:\/\/lifevery.biz.ua\/?p=21683\"> [...]<\/a>","protected":false},"author":1,"featured_media":21684,"comment_status":"open","ping_status":"open","sticky":false,"template":"","format":"standard","meta":{"footnotes":""},"categories":[1],"tags":[],"class_list":["post-21683","post","type-post","status-publish","format-standard","has-post-thumbnail","hentry","category-blog"],"_links":{"self":[{"href":"https:\/\/lifevery.biz.ua\/index.php?rest_route=\/wp\/v2\/posts\/21683","targetHints":{"allow":["GET"]}}],"collection":[{"href":"https:\/\/lifevery.biz.ua\/index.php?rest_route=\/wp\/v2\/posts"}],"about":[{"href":"https:\/\/lifevery.biz.ua\/index.php?rest_route=\/wp\/v2\/types\/post"}],"author":[{"embeddable":true,"href":"https:\/\/lifevery.biz.ua\/index.php?rest_route=\/wp\/v2\/users\/1"}],"replies":[{"embeddable":true,"href":"https:\/\/lifevery.biz.ua\/index.php?rest_route=%2Fwp%2Fv2%2Fcomments&post=21683"}],"version-history":[{"count":1,"href":"https:\/\/lifevery.biz.ua\/index.php?rest_route=\/wp\/v2\/posts\/21683\/revisions"}],"predecessor-version":[{"id":21685,"href":"https:\/\/lifevery.biz.ua\/index.php?rest_route=\/wp\/v2\/posts\/21683\/revisions\/21685"}],"wp:featuredmedia":[{"embeddable":true,"href":"https:\/\/lifevery.biz.ua\/index.php?rest_route=\/wp\/v2\/media\/21684"}],"wp:attachment":[{"href":"https:\/\/lifevery.biz.ua\/index.php?rest_route=%2Fwp%2Fv2%2Fmedia&parent=21683"}],"wp:term":[{"taxonomy":"category","embeddable":true,"href":"https:\/\/lifevery.biz.ua\/index.php?rest_route=%2Fwp%2Fv2%2Fcategories&post=21683"},{"taxonomy":"post_tag","embeddable":true,"href":"https:\/\/lifevery.biz.ua\/index.php?rest_route=%2Fwp%2Fv2%2Ftags&post=21683"}],"curies":[{"name":"wp","href":"https:\/\/api.w.org\/{rel}","templated":true}]}}