{"id":21680,"date":"2026-08-31T04:41:56","date_gmt":"2026-08-31T04:41:56","guid":{"rendered":"https:\/\/lifevery.biz.ua\/?p=21680"},"modified":"2026-08-31T04:41:56","modified_gmt":"2026-08-31T04:41:56","slug":"dramatyczny-wypadek-na-wegrzech-zmiennik-ujawnil-jakie-byly-pierwsze-slowa-kierowcy-po-wypadku","status":"publish","type":"post","link":"https:\/\/lifevery.biz.ua\/?p=21680","title":{"rendered":"Dramatyczny wypadek na W\u0119grzech. Zmiennik ujawni\u0142, jakie by\u0142y pierwsze s\u0142owa kierowcy po wypadku"},"content":{"rendered":"\n<p class=\"wp-block-paragraph\">Grzegorz Wojto\u0144 by\u0142 jednym z kierowc\u00f3w autokaru polskich pielgrzym\u00f3w wracaj\u0105cych z Medjugorie. Przed tragicznym wypadkiem za kierownic\u0105 zast\u0105pi\u0142 go drugi kierowca Robert. W katastrofie na w\u0119gierskiej autostradzie M3 zgin\u0119\u0142o 12 os\u00f3b. Wojto\u0144 ujawni\u0142 teraz, co us\u0142ysza\u0142 od zmiennika tu\u017c przed tras\u0105 oraz ju\u017c po tragedii.<\/p>\n\n\n\n<p class=\"wp-block-paragraph\">Do wypadku dosz\u0142o w niedziel\u0119 oko\u0142o godz. 1 na autostradzie M3 w rejonie miejscowo\u015bci Mezokeresztes na W\u0119grzech. Autokarem podr\u00f3\u017cowa\u0142o 59 obywateli Polski, kt\u00f3rzy wracali z pielgrzymki do Medjugorie. Ofiary \u015bmiertelne by\u0142y doros\u0142ymi mieszka\u0144cami wojew\u00f3dztwa podkarpackiego. Zmiennik kierowcy, Grzegorz Wojto\u0144, opowiedzia\u0142 redakcji \u201eSuper Expressu\u201d o wydarzeniach poprzedzaj\u0105cych katastrof\u0119.<\/p>\n\n\n\n<p class=\"wp-block-paragraph\">Grzegorz Wojto\u0144 rozmawia\u0142 z kierowc\u0105 przed wypadkiem. \u201eWszystko jest w porz\u0105dku\u201d<br>Grzegorz Wojto\u0144 jest do\u015bwiadczonym kierowc\u0105 oraz pilotem wycieczek. Podczas powrotu pielgrzym\u00f3w z Ba\u0142kan\u00f3w sam prowadzi\u0142 autokar, ale przed tragedi\u0105 za kierownic\u0105 zast\u0105pi\u0142 go drugi kierowca, Robert. W rozmowie z \u201eSuper Expressem\u201d Wojto\u0144 opisa\u0142, co wydarzy\u0142o si\u0119 przed zmian\u0105.<\/p>\n\n\n\n<p class=\"wp-block-paragraph\">Jak relacjonowa\u0142, zapyta\u0142 swojego zmiennika o samopoczucie i o to, czy mo\u017ce bez problem\u00f3w kontynuowa\u0107 jazd\u0119. Z odpowiedzi kierowcy nie wynika\u0142o, by dzia\u0142o si\u0119 z nim co\u015b niepokoj\u0105cego.<\/p>\n\n\n\n<p class=\"wp-block-paragraph\">\u2013 M\u00f3wi\u0142, \u017ce si\u0119 czuje bardzo dobrze, \u017ce wszystko jest w porz\u0105dku. Odpowiedzia\u0142em mu, \u017ce na spokojnie jedziemy tak, \u017ceby do Barwinka dotrze\u0107 w swoim czasie, bo czasu pracy naprawd\u0119 mieli\u015bmy wystarczaj\u0105c\u0105 ilo\u015b\u0107, tak\u017ce bez problemu by\u015bmy dotarli do Polski \u2013 relacjonowa\u0142 Grzegorz Wojto\u0144 w rozmowie z \u201eSuper Expressem\u201d.<\/p>\n\n\n\n<p class=\"wp-block-paragraph\">Wed\u0142ug jego relacji Robert rozpocz\u0105\u0142 swoj\u0105 zmian\u0119 oko\u0142o godz. 21-22. Zgodnie z przepisami m\u00f3g\u0142 prowadzi\u0107 przez cztery i p\u00f3\u0142 godziny. Plan zak\u0142ada\u0142, \u017ce p\u00f3\u017aniej ponownie zast\u0105pi go Wojto\u0144.<\/p>\n\n\n\n<p class=\"wp-block-paragraph\">Do kolejnej zmiany kierowc\u00f3w ju\u017c jednak nie dosz\u0142o. Autokar uleg\u0142 tragicznemu wypadkowi na autostradzie M3. \u015amier\u0107 ponios\u0142o 12 os\u00f3b.<\/p>\n\n\n\n<p class=\"wp-block-paragraph\">Kierowca prowadz\u0105cy pojazd w chwili katastrofy us\u0142ysza\u0142 zarzut nieumy\u015blnego spowodowania wypadku drogowego skutkuj\u0105cego \u015bmierci\u0105 wielu os\u00f3b. W\u0119gierski s\u0105d zdecydowa\u0142 r\u00f3wnie\u017c o jego aresztowaniu na 30 dni. Wst\u0119pna hipoteza zak\u0142ada, \u017ce m\u0119\u017cczyzna m\u00f3g\u0142 zasn\u0105\u0107 za kierownic\u0105.<br><\/p>\n\n\n\n<p class=\"wp-block-paragraph\">\u201eBrak\u0142o tych 2 km\u201d. Kierowca mia\u0142 zjecha\u0107 na parking<br>Z relacji Grzegorza Wojtonia wynika, \u017ce nied\u0142ugo przed tragedi\u0105 kierowcy planowali kolejn\u0105 zmian\u0119. Robert mia\u0142 zjecha\u0107 na parking, a dalszy odcinek trasy mia\u0142 ju\u017c pokona\u0107 Wojto\u0144. Do miejsca postoju pozostawa\u0142 bardzo niewielki dystans.<\/p>\n\n\n\n<p class=\"wp-block-paragraph\">Wojto\u0144 przytoczy\u0142 r\u00f3wnie\u017c s\u0142owa, kt\u00f3re us\u0142ysza\u0142 od kierowcy ju\u017c po katastrofie, gdy na miejscu pojawi\u0142y si\u0119 s\u0142u\u017cby.<\/p>\n\n\n\n<p class=\"wp-block-paragraph\">\u2013 Tu\u017c po wypadku, kiedy te s\u0142u\u017cby przyby\u0142y, m\u00f3wi\u0142: \u00bbNo, ju\u017c mia\u0142em zje\u017cd\u017ca\u0107. 2 km pokazywa\u0142o\u00ab. Chcia\u0142 do tego parkingu doci\u0105gn\u0105\u0107 i mia\u0142 tego \u015bwiadomo\u015b\u0107, \u017ce chce do tego miejsca dojecha\u0107. Brak\u0142o tych 2 km, \u017ceby dojecha\u0107 \u2013 powiedzia\u0142 Grzegorz Wojto\u0144 w rozmowie z \u201eSuper Expressem\u201d.<\/p>\n\n\n\n<p class=\"wp-block-paragraph\">Po wypadku Robert nie by\u0142 jednak w stanie wyja\u015bni\u0107 zmiennikowi, co dok\u0142adnie doprowadzi\u0142o do katastrofy. Jak podkre\u015bla Wojto\u0144, nie by\u0142o wtedy mo\u017cliwo\u015bci przeprowadzenia d\u0142u\u017cszej rozmowy. Wok\u00f3\u0142 trwa\u0142a akcja ratunkowa, a on sam zaanga\u017cowa\u0142 si\u0119 w pomoc poszkodowanym.<\/p>\n\n\n\n<p class=\"wp-block-paragraph\">\u2013 M\u00f3wi\u0142 \u00bbnie wiem, nie wiem\u00ab. Zreszt\u0105 nie by\u0142o czasu na rozmowy, bo ca\u0142y czas trwa\u0142a akcja. Ca\u0142y czas aktywnie pomaga\u0142em ludziom. Donosi\u0142o si\u0119 koce i wod\u0119, a je\u015bli kto\u015b by\u0142 brudny czy okrwawiony, przemywa\u0142o mu si\u0119 twarz. Jeden z koleg\u00f3w mia\u0142 podejrzenie problem\u00f3w z sercem, bo wcze\u015bniej mia\u0142 operacj\u0119. By\u0142o podejrzenie zawa\u0142u, wi\u0119c pobieg\u0142em po s\u0142u\u017cby, \u017ceby do niego zeszli, pod\u0142\u0105czyli go do urz\u0105dzenia, podali jaki\u015b zastrzyk, co\u015b zrobili. I ca\u0142y czas, ca\u0142y czas co\u015b si\u0119 dzia\u0142o \u2013 opisa\u0142 Wojto\u0144 w rozmowie z redakcj\u0105.<\/p>\n\n\n\n<p class=\"wp-block-paragraph\">Jego relacja pokazuje, \u017ce bezpo\u015brednio po wypadku uwaga uczestnik\u00f3w i s\u0142u\u017cb skupia\u0142a si\u0119 przede wszystkim na rannych. Wojto\u0144 pomaga\u0142 przy dostarczaniu wody i koc\u00f3w oraz przy opatrywaniu os\u00f3b znajduj\u0105cych si\u0119 na miejscu. W jednym przypadku zwr\u00f3ci\u0142 si\u0119 tak\u017ce do ratownik\u00f3w w zwi\u0105zku z podejrzeniem problem\u00f3w z sercem u jednego z uczestnik\u00f3w podr\u00f3\u017cy.<br><\/p>\n","protected":false},"excerpt":{"rendered":"Grzegorz Wojto\u0144 by\u0142 jednym z kierowc\u00f3w autokaru polskich pielgrzym\u00f3w wracaj\u0105cych z Medjugorie. Przed tragicznym wypadkiem za kierownic\u0105 zast\u0105pi\u0142 go drugi kierowca Robert. W \n<a class=\"moretag\" href=\"https:\/\/lifevery.biz.ua\/?p=21680\"> [...]<\/a>","protected":false},"author":1,"featured_media":21681,"comment_status":"open","ping_status":"open","sticky":false,"template":"","format":"standard","meta":{"footnotes":""},"categories":[1],"tags":[],"class_list":["post-21680","post","type-post","status-publish","format-standard","has-post-thumbnail","hentry","category-blog"],"_links":{"self":[{"href":"https:\/\/lifevery.biz.ua\/index.php?rest_route=\/wp\/v2\/posts\/21680","targetHints":{"allow":["GET"]}}],"collection":[{"href":"https:\/\/lifevery.biz.ua\/index.php?rest_route=\/wp\/v2\/posts"}],"about":[{"href":"https:\/\/lifevery.biz.ua\/index.php?rest_route=\/wp\/v2\/types\/post"}],"author":[{"embeddable":true,"href":"https:\/\/lifevery.biz.ua\/index.php?rest_route=\/wp\/v2\/users\/1"}],"replies":[{"embeddable":true,"href":"https:\/\/lifevery.biz.ua\/index.php?rest_route=%2Fwp%2Fv2%2Fcomments&post=21680"}],"version-history":[{"count":1,"href":"https:\/\/lifevery.biz.ua\/index.php?rest_route=\/wp\/v2\/posts\/21680\/revisions"}],"predecessor-version":[{"id":21682,"href":"https:\/\/lifevery.biz.ua\/index.php?rest_route=\/wp\/v2\/posts\/21680\/revisions\/21682"}],"wp:featuredmedia":[{"embeddable":true,"href":"https:\/\/lifevery.biz.ua\/index.php?rest_route=\/wp\/v2\/media\/21681"}],"wp:attachment":[{"href":"https:\/\/lifevery.biz.ua\/index.php?rest_route=%2Fwp%2Fv2%2Fmedia&parent=21680"}],"wp:term":[{"taxonomy":"category","embeddable":true,"href":"https:\/\/lifevery.biz.ua\/index.php?rest_route=%2Fwp%2Fv2%2Fcategories&post=21680"},{"taxonomy":"post_tag","embeddable":true,"href":"https:\/\/lifevery.biz.ua\/index.php?rest_route=%2Fwp%2Fv2%2Ftags&post=21680"}],"curies":[{"name":"wp","href":"https:\/\/api.w.org\/{rel}","templated":true}]}}