{"id":21677,"date":"2026-08-31T04:34:37","date_gmt":"2026-08-31T04:34:37","guid":{"rendered":"https:\/\/lifevery.biz.ua\/?p=21677"},"modified":"2026-08-31T04:34:37","modified_gmt":"2026-08-31T04:34:37","slug":"potezny-karambol-na-s8-zderzylo-sie-piec-samochodow-w-srodku-byly-dzieci","status":"publish","type":"post","link":"https:\/\/lifevery.biz.ua\/?p=21677","title":{"rendered":"Pot\u0119\u017cny karambol na S8. Zderzy\u0142o si\u0119 pi\u0119\u0107 samochod\u00f3w, w \u015brodku by\u0142y dzieci"},"content":{"rendered":"\n<p class=\"wp-block-paragraph\"><br>We wtorek wieczorem na trasie S8 w G\u0142uchach dosz\u0142o do powa\u017cnego wypadku. Zderzy\u0142o si\u0119 tam pi\u0119\u0107 samochod\u00f3w. Dwie doros\u0142e osoby trafi\u0142y do szpitala. Jednego z rannych stra\u017cacy musieli wydosta\u0107 przy u\u017cyciu narz\u0119dzi hydraulicznych.<\/p>\n\n\n\n<p class=\"wp-block-paragraph\">Zg\u0142oszenie o zdarzeniu wp\u0142yn\u0119\u0142o do s\u0142u\u017cb o godz. 21.37. Do wypadku dosz\u0142o na trasie S8 w kierunku Bia\u0142egostoku. Pi\u0119cioma pojazdami podr\u00f3\u017cowa\u0142o \u0142\u0105cznie 10 os\u00f3b, w tym dwoje dzieci. Na miejsce skierowano stra\u017c po\u017carn\u0105, cztery zespo\u0142y ratownictwa medycznego, policj\u0119 oraz s\u0142u\u017cb\u0119 drogow\u0105.<\/p>\n\n\n\n<p class=\"wp-block-paragraph\">Wypadek na S8 w G\u0142uchach. Zderzy\u0142o si\u0119 pi\u0119\u0107 samochod\u00f3w<br>Do powa\u017cnego zdarzenia dosz\u0142o we wtorek wieczorem na wysoko\u015bci miejscowo\u015bci G\u0142uchy w wojew\u00f3dztwie mazowieckim. Szczeg\u00f3\u0142y akcji przekaza\u0142 oficer prasowy wyszkowskiej stra\u017cy po\u017carnej starszy kapitan Daniel Wachowski.<\/p>\n\n\n\n<p class=\"wp-block-paragraph\">\u2013 Zg\u0142oszenie mieli\u015bmy o godzinie 21.37. Dotyczy\u0142o zdarzenia drogowego z udzia\u0142em pi\u0119ciu pojazd\u00f3w na trasie S8 w kierunku Bia\u0142egostoku. Podr\u00f3\u017cowa\u0142o nimi \u0142\u0105cznie 10 os\u00f3b, w tym dwoje dzieci. Na skutek tego zdarzenia dwie osoby doros\u0142e zosta\u0142y poszkodowane i zabrane do szpitala \u2013 przekaza\u0142 starszy kapitan Daniel Wachowski, oficer prasowy wyszkowskiej stra\u017cy po\u017carnej.<\/p>\n\n\n\n<p class=\"wp-block-paragraph\">W samochodach znajdowa\u0142o si\u0119 wi\u0119c w sumie 10 os\u00f3b. W\u015br\u00f3d podr\u00f3\u017cuj\u0105cych by\u0142o dwoje dzieci. Poszkodowane zosta\u0142y dwie osoby doros\u0142e i obie wymaga\u0142y przewiezienia do szpitala.<\/p>\n\n\n\n<p class=\"wp-block-paragraph\">Karambol na S8, fot. OSP Zabrodzie Ksrg<br>Na miejscu dzia\u0142ania prowadzi\u0142o kilka s\u0142u\u017cb. Opr\u00f3cz stra\u017cak\u00f3w pracowa\u0142y tam cztery zespo\u0142y ratownictwa medycznego, policjanci oraz s\u0142u\u017cba drogowa. Skala zdarzenia wymaga\u0142a r\u00f3wnie\u017c u\u017cycia specjalistycznego sprz\u0119tu przez stra\u017c po\u017carn\u0105.<br><\/p>\n\n\n\n<p class=\"wp-block-paragraph\">Stra\u017cacy u\u017cyli narz\u0119dzi hydraulicznych. Wycinali dach BMW<br>Jedna z poszkodowanych os\u00f3b nie mog\u0142a zosta\u0107 ewakuowana z pojazdu bez dodatkowej pomocy stra\u017cak\u00f3w. Ratownicy si\u0119gn\u0119li po narz\u0119dzia hydrauliczne, kt\u00f3re pozwoli\u0142y bezpiecznie wydosta\u0107 rannego z samochodu.<\/p>\n\n\n\n<p class=\"wp-block-paragraph\">\u2013 Stra\u017cacy u\u017cywali narz\u0119dzi hydraulicznych, \u017ceby bezpiecznie ewakuowa\u0107 z samochodu jedn\u0105 z poszkodowanych os\u00f3b \u2013 zaznaczy\u0142 starszy kapitan Daniel Wachowski z wyszkowskiej stra\u017cy po\u017carnej.<\/p>\n\n\n\n<p class=\"wp-block-paragraph\">Zdj\u0119cia przekazane przez stra\u017cak\u00f3w pokazuj\u0105 zakres prowadzonych dzia\u0142a\u0144. Wida\u0107 na nich, \u017ce z co najmniej jednego z samochod\u00f3w wycinano dach. Chodzi\u0142o o BMW uczestnicz\u0105ce w zdarzeniu.<br><\/p>\n","protected":false},"excerpt":{"rendered":"We wtorek wieczorem na trasie S8 w G\u0142uchach dosz\u0142o do powa\u017cnego wypadku. Zderzy\u0142o si\u0119 tam pi\u0119\u0107 samochod\u00f3w. Dwie doros\u0142e osoby trafi\u0142y do szpitala. \n<a class=\"moretag\" href=\"https:\/\/lifevery.biz.ua\/?p=21677\"> [...]<\/a>","protected":false},"author":1,"featured_media":21678,"comment_status":"open","ping_status":"open","sticky":false,"template":"","format":"standard","meta":{"footnotes":""},"categories":[1],"tags":[],"class_list":["post-21677","post","type-post","status-publish","format-standard","has-post-thumbnail","hentry","category-blog"],"_links":{"self":[{"href":"https:\/\/lifevery.biz.ua\/index.php?rest_route=\/wp\/v2\/posts\/21677","targetHints":{"allow":["GET"]}}],"collection":[{"href":"https:\/\/lifevery.biz.ua\/index.php?rest_route=\/wp\/v2\/posts"}],"about":[{"href":"https:\/\/lifevery.biz.ua\/index.php?rest_route=\/wp\/v2\/types\/post"}],"author":[{"embeddable":true,"href":"https:\/\/lifevery.biz.ua\/index.php?rest_route=\/wp\/v2\/users\/1"}],"replies":[{"embeddable":true,"href":"https:\/\/lifevery.biz.ua\/index.php?rest_route=%2Fwp%2Fv2%2Fcomments&post=21677"}],"version-history":[{"count":1,"href":"https:\/\/lifevery.biz.ua\/index.php?rest_route=\/wp\/v2\/posts\/21677\/revisions"}],"predecessor-version":[{"id":21679,"href":"https:\/\/lifevery.biz.ua\/index.php?rest_route=\/wp\/v2\/posts\/21677\/revisions\/21679"}],"wp:featuredmedia":[{"embeddable":true,"href":"https:\/\/lifevery.biz.ua\/index.php?rest_route=\/wp\/v2\/media\/21678"}],"wp:attachment":[{"href":"https:\/\/lifevery.biz.ua\/index.php?rest_route=%2Fwp%2Fv2%2Fmedia&parent=21677"}],"wp:term":[{"taxonomy":"category","embeddable":true,"href":"https:\/\/lifevery.biz.ua\/index.php?rest_route=%2Fwp%2Fv2%2Fcategories&post=21677"},{"taxonomy":"post_tag","embeddable":true,"href":"https:\/\/lifevery.biz.ua\/index.php?rest_route=%2Fwp%2Fv2%2Ftags&post=21677"}],"curies":[{"name":"wp","href":"https:\/\/api.w.org\/{rel}","templated":true}]}}