{"id":21673,"date":"2026-08-30T18:36:26","date_gmt":"2026-08-30T18:36:26","guid":{"rendered":"https:\/\/lifevery.biz.ua\/?p=21673"},"modified":"2026-08-30T18:36:26","modified_gmt":"2026-08-30T18:36:26","slug":"w-trakcie-jazdy-odpadlo-kolo-w-aucie-rodziny-prezydent-gdyni-prokuratura-bada-sprawe","status":"publish","type":"post","link":"https:\/\/lifevery.biz.ua\/?p=21673","title":{"rendered":"W trakcie jazdy odpad\u0142o ko\u0142o w aucie rodziny prezydent Gdyni. Prokuratura bada spraw\u0119"},"content":{"rendered":"\n<p class=\"wp-block-paragraph\">Fot. Bart Bourdon \/ Shutterstock, polsatnews.pl \/ Facebook<br>Podczas jazdy prywatnym autem Aleksandry Kosiorek dosz\u0142o do niebezpiecznego zdarzenia. Nagranie z tej sytuacji opublikowa\u0142 Polsat News, a o sprawie m\u00f3wi\u0142a te\u017c prezydent Gdyni w rozmowie z Radiem Gda\u0144sk. Samochodem podr\u00f3\u017cowali jej najbli\u017csi, gdy w trakcie trasy odpad\u0142o jedno z k\u00f3\u0142. Okoliczno\u015bciami zajmuj\u0105 si\u0119 teraz policja i prokuratura.<\/p>\n\n\n\n<p class=\"wp-block-paragraph\">Do zdarzenia dosz\u0142o podczas weekendowej podr\u00f3\u017cy boczn\u0105 drog\u0105, kiedy od auta nagle oderwa\u0142o si\u0119 tylne ko\u0142o. W samochodzie jechali m\u0105\u017c prezydent Gdyni oraz tr\u00f3jka dzieci. Samej samorz\u0105dowczyni nie by\u0142o w poje\u017adzie. Kierowca zdo\u0142a\u0142 bezpiecznie zjecha\u0107 na pobocze, dzi\u0119ki czemu nikomu z pasa\u017cer\u00f3w nic si\u0119 nie sta\u0142o.<\/p>\n\n\n\n<p class=\"wp-block-paragraph\">Nagranie z trasy i relacja Aleksandry Kosiorek<br>Zdarzenie zarejestrowa\u0142a kamera pok\u0142adowa. Na opublikowanym nagraniu wida\u0107 ko\u0142o tocz\u0105ce si\u0119 przez jezdni\u0119 na przeciwleg\u0142y pas ruchu. Jak przekaza\u0142a Aleksandra Kosiorek, samoch\u00f3d pokona\u0142 wcze\u015bniej ponad 120 kilometr\u00f3w.&nbsp;<\/p>\n\n\n\n<p class=\"wp-block-paragraph\">\u201eJecha\u0142 autostrad\u0105 i bocznymi drogami. Na szcz\u0119\u015bcie ko\u0142o odpad\u0142o na drodze, po kt\u00f3rej m\u0105\u017c nie porusza\u0142 si\u0119 szybko&#8221; \u2013 relacjonowa\u0142a prezydent Gdyni w rozmowie z Radiem Gda\u0144sk.&nbsp;<\/p>\n\n\n\n<p class=\"wp-block-paragraph\">W odniesieniu do stanu auta doda\u0142a:&nbsp;<\/p>\n\n\n\n<p class=\"wp-block-paragraph\">\u201e\u015aruby zosta\u0142y poluzowane w dw\u00f3ch tylnych ko\u0142ach&#8221;. Na miejscu od razu zabezpieczono \u015blady.<\/p>\n\n\n\n<p class=\"wp-block-paragraph\">Sama prezydent Gdyni ju\u017c wcze\u015bniej informowa\u0142a o zdarzeniu w mediach spo\u0142eczno\u015bciowych. Dzi\u0119kowa\u0142a mieszka\u0144com za s\u0142owa wsparcia i podkre\u015bla\u0142a, \u017ce liczy na dok\u0142adne wyja\u015bnienie okoliczno\u015bci sprawy.<\/p>\n\n\n\n<p class=\"wp-block-paragraph\">Zobacz tak\u017ce: Tylko do soboty. Biedronka obni\u017ca ceny jak nigdy, &#8220;2+2 gr<br><\/p>\n\n\n\n<p class=\"wp-block-paragraph\">Sprawa trafi\u0142a do prokuratury. Mo\u017cliwe trzy lata wi\u0119zienia<br>Policja przyj\u0119\u0142a zawiadomienie dotycz\u0105ce bezpo\u015bredniego zagro\u017cenia \u017cycia.&nbsp;<\/p>\n\n\n\n<p class=\"wp-block-paragraph\">\u201eCzynno\u015bci nadal trwaj\u0105. Zebrany dotychczas materia\u0142 dowodowy zosta\u0142 przekazany do Prokuratury Rejonowej w Gdyni celem dokonania oceny prawno-karnej oraz ustalenia dalszego toku post\u0119powania&#8221; \u2013 poinformowa\u0142 Marek Kobia\u0142ko z Komendy Miejskiej Policji w Gdyni.&nbsp;<\/p>\n\n\n\n<p class=\"wp-block-paragraph\">Post\u0119powanie prowadzone jest w kierunku nara\u017cenia cz\u0142owieka na bezpo\u015brednie niebezpiecze\u0144stwo utraty \u017cycia albo ci\u0119\u017ckiego uszczerbku na zdrowiu, czyli z artyku\u0142u 160 Kodeksu karnego. Grozi za to kara do trzech lat pozbawienia wolno\u015bci.&nbsp;<\/p>\n\n\n\n<p class=\"wp-block-paragraph\">\u015aledczy powo\u0142aj\u0105 bieg\u0142ego, kt\u00f3ry oceni, czy \u015bruby mog\u0142y poluzowa\u0107 si\u0119 samoistnie.<br><\/p>\n\n\n\n<p class=\"wp-block-paragraph\">\u201ePrzes\u0142uchano pani\u0105 prezydent, jej m\u0119\u017ca i pracownik\u00f3w serwisu samochodowego. Wed\u0142ug zebranych informacji, do poluzowania dosz\u0142o prawdopodobnie mi\u0119dzy 13 a 17 sierpnia. Pr\u00f3bujemy ustali\u0107, kto i dlaczego to zrobi\u0142&#8221; \u2013 przekaza\u0142a Wioleta Noch z Prokuratury Okr\u0119gowej w Gda\u0144sku.<\/p>\n\n\n\n<p class=\"wp-block-paragraph\">Prokuratura studzi jednak spekulacje o celowym ataku na samorz\u0105dowczyni\u0119. \u015aledczy podkre\u015blaj\u0105, \u017ce na tym etapie traktuj\u0105 spraw\u0119 jako nara\u017cenie zdrowia i \u017cycia, a nie pr\u00f3b\u0119 zamachu.<\/p>\n\n\n\n<p class=\"wp-block-paragraph\">\u201eNie kwalifikujemy tego jako zamach, lecz nara\u017cenie \u017cycia. Pani prezydent zezna\u0142a, \u017ce dostaje nieprzyjemne maile, ale nie wie, czy to si\u0119 \u0142\u0105czy z tym zdarzeniem&#8221; \u2013 doda\u0142a prokurator.<\/p>\n\n\n\n<p class=\"wp-block-paragraph\">\u015aledczy sprawdzaj\u0105, czy zdarzenie ma zwi\u0105zek z wcze\u015bniejszymi wiadomo\u015bciami kierowanymi do Aleksandry Kosiorek. Policja proponowa\u0142a jej wcze\u015bniej obj\u0119cie<br><\/p>\n","protected":false},"excerpt":{"rendered":"Fot. Bart Bourdon \/ Shutterstock, polsatnews.pl \/ FacebookPodczas jazdy prywatnym autem Aleksandry Kosiorek dosz\u0142o do niebezpiecznego zdarzenia. Nagranie z tej sytuacji opublikowa\u0142 Polsat \n<a class=\"moretag\" href=\"https:\/\/lifevery.biz.ua\/?p=21673\"> [...]<\/a>","protected":false},"author":1,"featured_media":21674,"comment_status":"open","ping_status":"open","sticky":false,"template":"","format":"standard","meta":{"footnotes":""},"categories":[1],"tags":[],"class_list":["post-21673","post","type-post","status-publish","format-standard","has-post-thumbnail","hentry","category-blog"],"_links":{"self":[{"href":"https:\/\/lifevery.biz.ua\/index.php?rest_route=\/wp\/v2\/posts\/21673","targetHints":{"allow":["GET"]}}],"collection":[{"href":"https:\/\/lifevery.biz.ua\/index.php?rest_route=\/wp\/v2\/posts"}],"about":[{"href":"https:\/\/lifevery.biz.ua\/index.php?rest_route=\/wp\/v2\/types\/post"}],"author":[{"embeddable":true,"href":"https:\/\/lifevery.biz.ua\/index.php?rest_route=\/wp\/v2\/users\/1"}],"replies":[{"embeddable":true,"href":"https:\/\/lifevery.biz.ua\/index.php?rest_route=%2Fwp%2Fv2%2Fcomments&post=21673"}],"version-history":[{"count":1,"href":"https:\/\/lifevery.biz.ua\/index.php?rest_route=\/wp\/v2\/posts\/21673\/revisions"}],"predecessor-version":[{"id":21675,"href":"https:\/\/lifevery.biz.ua\/index.php?rest_route=\/wp\/v2\/posts\/21673\/revisions\/21675"}],"wp:featuredmedia":[{"embeddable":true,"href":"https:\/\/lifevery.biz.ua\/index.php?rest_route=\/wp\/v2\/media\/21674"}],"wp:attachment":[{"href":"https:\/\/lifevery.biz.ua\/index.php?rest_route=%2Fwp%2Fv2%2Fmedia&parent=21673"}],"wp:term":[{"taxonomy":"category","embeddable":true,"href":"https:\/\/lifevery.biz.ua\/index.php?rest_route=%2Fwp%2Fv2%2Fcategories&post=21673"},{"taxonomy":"post_tag","embeddable":true,"href":"https:\/\/lifevery.biz.ua\/index.php?rest_route=%2Fwp%2Fv2%2Ftags&post=21673"}],"curies":[{"name":"wp","href":"https:\/\/api.w.org\/{rel}","templated":true}]}}