{"id":21670,"date":"2026-08-30T18:33:45","date_gmt":"2026-08-30T18:33:45","guid":{"rendered":"https:\/\/lifevery.biz.ua\/?p=21670"},"modified":"2026-08-30T18:33:45","modified_gmt":"2026-08-30T18:33:45","slug":"wypadek-pod-zlociencem-ranne-4-letnie-dziecko-w-akcji-smiglowiec-lpr-2","status":"publish","type":"post","link":"https:\/\/lifevery.biz.ua\/?p=21670","title":{"rendered":"Wypadek pod Z\u0142ocie\u0144cem. Ranne 4-letnie dziecko, w akcji \u015bmig\u0142owiec LPR"},"content":{"rendered":"\n<p class=\"wp-block-paragraph\">Wypadek pod Z\u0142ocie\u0144cem. Ranne 4-letnie dziecko, w akcji \u015bmig\u0142owiec LPR<\/p>\n\n\n\n<p class=\"wp-block-paragraph\">fot. Tomasz Pasi\u0144ski\/ OSP Z\u0142ocieniec &#8211; Ochotnicza Stra\u017c Po\u017carna\/ facebook<br>Do gro\u017anego wypadku dosz\u0142o w sobot\u0119 na trasie Z\u0142ocieniec\u2013Ostrowice w woj. zachodniopomorskim. Zderzy\u0142y si\u0119 dwa samochody, a jeden z nich dachowa\u0142. Dwie osoby trafi\u0142y do szpitala, w\u015br\u00f3d nich by\u0142o 4-letnie dziecko.<\/p>\n\n\n\n<p class=\"wp-block-paragraph\">Zdarzenie mia\u0142o miejsce 22 sierpnia oko\u0142o godz. 13.40. Pierwsze zg\u0142oszenie, kt\u00f3re otrzyma\u0142y s\u0142u\u017cby, dotyczy\u0142o dachowania samochodu osobowego. Po przybyciu ratownik\u00f3w i przeprowadzeniu rozpoznania okaza\u0142o si\u0119, \u017ce w zdarzeniu uczestniczy\u0142y dwa pojazdy.<\/p>\n\n\n\n<p class=\"wp-block-paragraph\">Wypadek na trasie Z\u0142ocieniec\u2013Ostrowice. Samoch\u00f3d dachowa\u0142<br>Do zdarzenia dosz\u0142o na trasie \u0142\u0105cz\u0105cej Z\u0142ocieniec z Ostrowicami. Jak wynika z informacji przekazanych przez stra\u017cak\u00f3w, o godz. 13:41 OSP Z\u0142ocieniec zosta\u0142a zadysponowana do wypadku, po przybyciu na miejsce ratownicy ustalili, \u017ce w zdarzeniu bra\u0142y udzia\u0142 dwa samochody osobowe.<\/p>\n\n\n\n<p class=\"wp-block-paragraph\">Ze wst\u0119pnych ustale\u0144 wynika, \u017ce kieruj\u0105ca Fordem wykonywa\u0142a manewr zawracania na \u0142uku drogi. W tym samym czasie z przeciwnego kierunku nadje\u017cd\u017ca\u0142 drugi pojazd. Kierowca mia\u0142 rozpocz\u0105\u0107 hamowanie, a samoch\u00f3d wpad\u0142 w po\u015blizg. Nast\u0119pnie dosz\u0142o do zderzenia obu aut, po czym jeden z pojazd\u00f3w dachowa\u0142.&nbsp;<\/p>\n\n\n\n<p class=\"wp-block-paragraph\">W dzia\u0142aniach uczestniczy\u0142y liczne s\u0142u\u017cby. Na miejsce skierowano OSP Z\u0142ocieniec, OSP Ostrowice oraz zast\u0119p Komendy Powiatowej Pa\u0144stwowej Stra\u017cy Po\u017carnej w Drawsku Pomorskim. W akcji bra\u0142y udzia\u0142 tak\u017ce dwa zespo\u0142y pogotowia ratunkowego, trzy policyjne patrole, technik policyjny oraz \u015bmig\u0142owiec Lotniczego Pogotowia Ratunkowego. Informacje o zadysponowanych si\u0142ach poda\u0142a OSP Z\u0142ocieniec.<\/p>\n\n\n\n<p class=\"wp-block-paragraph\">fot. Tomasz Pasi\u0144ski\/ OSP Z\u0142ocieniec &#8211; Ochotnicza Stra\u017c Po\u017carna\/ facebook<\/p>\n\n\n\n<p class=\"wp-block-paragraph\">Dwie osoby trafi\u0142y do szpitala. W\u015br\u00f3d poszkodowanych 4-letnie dziecko<br>Stra\u017cacy poinformowali, \u017ce w zdarzeniu uczestniczy\u0142o \u0142\u0105cznie pi\u0119\u0107 os\u00f3b. Dwie osoby zosta\u0142y zabrane do szpitala w Koszalinie. W\u015br\u00f3d poszkodowanych znalaz\u0142o si\u0119 4-letnie dziecko.<\/p>\n\n\n\n<p class=\"wp-block-paragraph\">Informacje o poszkodowanych przekaza\u0142a tak\u017ce policja.<\/p>\n\n\n\n<p class=\"wp-block-paragraph\">Zg\u0142oszenie otrzymali\u015bmy oko\u0142o godz. 13.40. Dotyczy\u0142o zderzenia dw\u00f3ch pojazd\u00f3w osobowych marki Ford i Volkswagen. Pierwszym autem kierowa\u0142a kobieta. W drugim poje\u017adzie, kt\u00f3rym kierowa\u0142 m\u0119\u017cczyzna, znajdowa\u0142y si\u0119 \u0142\u0105cznie trzy osoby. Dw\u00f3jka pasa\u017cer\u00f3w Volkswagena trafi\u0142a do szpitala. W\u015br\u00f3d poszkodowanych jest 4-letni ch\u0142opiec \u2013 powiedzia\u0142a portalowi o2.pl st. asp. Karolina \u017bych z Komendy Powiatowej Policji w Drawsku Pomorskim.<\/p>\n\n\n\n<p class=\"wp-block-paragraph\">Poszkodowani zostali przetransportowani do szpitala w Koszalinie. Informacje przekazane przez stra\u017cak\u00f3w wskazuj\u0105, \u017ce w\u015br\u00f3d os\u00f3b wymagaj\u0105cych pomocy medycznej znalaz\u0142o si\u0119 dziecko. W dzia\u0142aniach ratowniczych uczestniczy\u0142y zar\u00f3wno naziemne zespo\u0142y pogotowia, jak i za\u0142oga \u015bmig\u0142owca LPR.<br><\/p>\n","protected":false},"excerpt":{"rendered":"Wypadek pod Z\u0142ocie\u0144cem. Ranne 4-letnie dziecko, w akcji \u015bmig\u0142owiec LPR fot. Tomasz Pasi\u0144ski\/ OSP Z\u0142ocieniec &#8211; Ochotnicza Stra\u017c Po\u017carna\/ facebookDo gro\u017anego wypadku dosz\u0142o \n<a class=\"moretag\" href=\"https:\/\/lifevery.biz.ua\/?p=21670\"> [...]<\/a>","protected":false},"author":1,"featured_media":21671,"comment_status":"open","ping_status":"open","sticky":false,"template":"","format":"standard","meta":{"footnotes":""},"categories":[1],"tags":[],"class_list":["post-21670","post","type-post","status-publish","format-standard","has-post-thumbnail","hentry","category-blog"],"_links":{"self":[{"href":"https:\/\/lifevery.biz.ua\/index.php?rest_route=\/wp\/v2\/posts\/21670","targetHints":{"allow":["GET"]}}],"collection":[{"href":"https:\/\/lifevery.biz.ua\/index.php?rest_route=\/wp\/v2\/posts"}],"about":[{"href":"https:\/\/lifevery.biz.ua\/index.php?rest_route=\/wp\/v2\/types\/post"}],"author":[{"embeddable":true,"href":"https:\/\/lifevery.biz.ua\/index.php?rest_route=\/wp\/v2\/users\/1"}],"replies":[{"embeddable":true,"href":"https:\/\/lifevery.biz.ua\/index.php?rest_route=%2Fwp%2Fv2%2Fcomments&post=21670"}],"version-history":[{"count":1,"href":"https:\/\/lifevery.biz.ua\/index.php?rest_route=\/wp\/v2\/posts\/21670\/revisions"}],"predecessor-version":[{"id":21672,"href":"https:\/\/lifevery.biz.ua\/index.php?rest_route=\/wp\/v2\/posts\/21670\/revisions\/21672"}],"wp:featuredmedia":[{"embeddable":true,"href":"https:\/\/lifevery.biz.ua\/index.php?rest_route=\/wp\/v2\/media\/21671"}],"wp:attachment":[{"href":"https:\/\/lifevery.biz.ua\/index.php?rest_route=%2Fwp%2Fv2%2Fmedia&parent=21670"}],"wp:term":[{"taxonomy":"category","embeddable":true,"href":"https:\/\/lifevery.biz.ua\/index.php?rest_route=%2Fwp%2Fv2%2Fcategories&post=21670"},{"taxonomy":"post_tag","embeddable":true,"href":"https:\/\/lifevery.biz.ua\/index.php?rest_route=%2Fwp%2Fv2%2Ftags&post=21670"}],"curies":[{"name":"wp","href":"https:\/\/api.w.org\/{rel}","templated":true}]}}