{"id":21667,"date":"2026-08-30T18:31:29","date_gmt":"2026-08-30T18:31:29","guid":{"rendered":"https:\/\/lifevery.biz.ua\/?p=21667"},"modified":"2026-08-30T18:31:29","modified_gmt":"2026-08-30T18:31:29","slug":"tragedia-w-krakowie-niemowle-stracilo-rodzicow-sledczy-ujawnili-w-jakim-jest-stanie","status":"publish","type":"post","link":"https:\/\/lifevery.biz.ua\/?p=21667","title":{"rendered":"Tragedia w Krakowie. Niemowl\u0119 straci\u0142o rodzic\u00f3w, \u015bledczy ujawnili, w jakim jest stanie"},"content":{"rendered":"\n<p class=\"wp-block-paragraph\">Tragedia w Krakowie. Niemowl\u0119 straci\u0142o rodzic\u00f3w, \u015bledczy ujawnili, w jakim jest stanie<\/p>\n\n\n\n<p class=\"wp-block-paragraph\">Fot. FotoDax \/ Shutterstock<br>Prokuratura Okr\u0119gowa w Krakowie oraz personel medyczny przekazali najnowsze informacje o stanie niespe\u0142na rocznego ch\u0142opca rannego w wypadku na Podg\u00f3rzu. Dziecko, kt\u00f3rego rodzice zgin\u0119li po potr\u0105ceniu na chodniku, czuje si\u0119 lepiej, a jego stan lekarze oceniaj\u0105 jako stabilny. R\u00f3wnocze\u015bnie \u015bledczy weryfikuj\u0105 wst\u0119pne opinie bieg\u0142ych dotycz\u0105ce ra\u017c\u0105cego przekroczenia pr\u0119dko\u015bci przez 26-letniego kierowc\u0119 osob\u00f3wki. M\u0119\u017cczyzna ma w poniedzia\u0142ek us\u0142ysze\u0107 formalny zarzut spowodowania wypadku komunikacyjnego ze skutkiem \u015bmiertelnym.<\/p>\n\n\n\n<p class=\"wp-block-paragraph\">Ch\u0142opiec, kt\u00f3ry po uderzeniu samochodu walczy\u0142 o \u017cycie w szpitalu, czuje si\u0119 lepiej.&nbsp;<\/p>\n\n\n\n<p class=\"wp-block-paragraph\">&#8220;Jego stan jest stabilny&#8221; \u2013 poinformowa\u0142 dziennik &#8220;Fakt&#8221; rzecznik Prokuratury Okr\u0119gowej w Krakowie, prok. Mariusz Boro\u0144.&nbsp;<\/p>\n\n\n\n<p class=\"wp-block-paragraph\">Przedstawiciel \u015bledczych u\u015bci\u015bli\u0142, \u017ce przekazany raport medyczny odzwierciedla sytuacj\u0119 z niedzielnego wieczoru, a lekarze planuj\u0105 publikacj\u0119 kolejnych komunikat\u00f3w.<\/p>\n\n\n\n<p class=\"wp-block-paragraph\">\u015amiertelne potr\u0105cenie pieszych na chodniku<br>Do tragicznego potr\u0105cenia dosz\u0142o w sobot\u0119 22 sierpnia kr\u00f3tko przed godzin\u0105 18.00 w krakowskiej dzielnicy Podg\u00f3rze. Osobowy Volkswagen Golf wjecha\u0142 na chodnik u zbiegu ulic Nadwi\u015bla\u0144skiej i Solnej, uderzaj\u0105c w spaceruj\u0105c\u0105 32-letni\u0105 par\u0119 prowadz\u0105c\u0105 w\u00f3zek dzieci\u0119cy.&nbsp;<\/p>\n\n\n\n<p class=\"wp-block-paragraph\">Poszkodowani rodzice odnie\u015bli bardzo ci\u0119\u017ckie obra\u017cenia. Mimo natychmiastowej akcji ratunkowej oraz transportu do plac\u00f3wki medycznej, oboje zmarli wkr\u00f3tce po przyje\u017adzie do szpitala.&nbsp;<\/p>\n\n\n\n<p class=\"wp-block-paragraph\">Niespe\u0142na roczne niemowl\u0119 okaza\u0142o si\u0119 jedyn\u0105 poszkodowan\u0105 osob\u0105, kt\u00f3ra prze\u017cy\u0142a uderzenie i trafi\u0142a pod opiek\u0119 krakowskich lekarzy. S\u0142u\u017cby natychmiast zabezpieczy\u0142y \u015blady oraz zapisy okolicznego monitoringu.<\/p>\n\n\n\n<p class=\"wp-block-paragraph\">Auto jecha\u0142o 70 km\/h w strefie z ograniczeniem do 30<br>Wst\u0119pne ekspertyzy s\u0142u\u017cb wskazuj\u0105, \u017ce bezpo\u015bredni\u0105 przyczyn\u0105 katastrofy by\u0142a ra\u017c\u0105co nadmierna pr\u0119dko\u015b\u0107 pojazdu. Z pierwszych ogl\u0119dzin wynika, \u017ce kierowca m\u00f3g\u0142 porusza\u0107 si\u0119 z pr\u0119dko\u015bci\u0105 oko\u0142o 70 km\/h w miejscu, w kt\u00f3rym obowi\u0105zuje ograniczenie do 30 km\/h.&nbsp;<\/p>\n\n\n\n<p class=\"wp-block-paragraph\">&#8220;To s\u0105 wst\u0119pne, ustne i niepotwierdzone procesowo ustalenia z bieg\u0142ym do spraw wypadk\u00f3w&#8221; \u2013 przekaza\u0142 \u201eFaktowi\u201d prok. Mariusz Boro\u0144.&nbsp;<\/p>\n\n\n\n<p class=\"wp-block-paragraph\">Wed\u0142ug ustale\u0144 medialnych 26-letni Hubert B. odebra\u0142 samoch\u00f3d zaledwie miesi\u0105c przed tragedi\u0105.&nbsp;<\/p>\n\n\n\n<p class=\"wp-block-paragraph\">W wyniku niedostosowania pr\u0119dko\u015bci do warunk\u00f3w drogowych m\u0119\u017cczyzna straci\u0142 kontrol\u0119 nad pojazdem, co doprowadzi\u0142o do gwa\u0142townego zjechania na chodnik.<\/p>\n\n\n\n<p class=\"wp-block-paragraph\">Powa\u017cny wypadek na S6. Zderzy\u0142y si\u0119 dwa auta, l\u0105dowa\u0142 \u015bmig\u0142owiec LPR<br>Czytaj dalej<\/p>\n\n\n\n<p class=\"wp-block-paragraph\">Tragiczny wypadek na Mazowszu. 20-latek zgin\u0105\u0142 w zderzeniu z ci\u0119\u017car\u00f3wk\u0105<br>Czytaj dalej<br>Trze\u017awy kierowca us\u0142yszy prokuratorskie zarzuty<br>Za kierownic\u0105 Volkswagena siedzia\u0142 26-letni Hubert B., zameldowany w wojew\u00f3dztwie mazowieckim. W aucie podr\u00f3\u017cowa\u0142y z nim \u0142\u0105cznie trzy osoby, w tym jego partnerka. Badanie alkomatem przeprowadzone przez funkcjonariuszy policji wykaza\u0142o, \u017ce kieruj\u0105cy by\u0142 trze\u017awy.&nbsp;<\/p>\n\n\n\n<p class=\"wp-block-paragraph\">Prokuratura zaplanowa\u0142a doprowadzenie m\u0119\u017cczyzny na przes\u0142uchanie na poniedzia\u0142ek. \u015aledczy przygotowuj\u0105 wobec niego zarzut spowodowania wypadku komunikacyjnego ze skutkiem \u015bmiertelnym. Po formalnym z\u0142o\u017ceniu wyja\u015bnie\u0144 przez podejrzanego zapadn\u0105 decyzje w sprawie ewentualnego skierowania do s\u0105du wniosku o zastosowanie \u015brodka zapobiegawczego w postaci tymczasowego aresztowania.<\/p>\n\n\n\n<p class=\"wp-block-paragraph\">B\u0105d\u017a na bie\u017c\u0105co &#8211; najwa\u017cniejsze wiadomo\u015bci z kraju i zagranicy<\/p>\n\n\n\n<p class=\"wp-block-paragraph\">Obserwuj w Google News<\/p>\n\n\n\n<p class=\"wp-block-paragraph\">O AUTORZE<br>Krzysztof Idziak<br>Redaktor Goniec<br>Redaktor portalu Goniec (Grupa Iberion). Student ekonomii na Uniwersytecie Warszawskim, gdzie \u0142\u0105czy wiedz\u0119 ekonomiczn\u0105 z analiz\u0105 proces\u00f3w politycznych. Od listopada 2025 roku zdobywa do\u015bwiadczenie redakcyjne w portalach Goniec i BiznesINFO, gdzie przygotowuje materia\u0142y dotycz\u0105ce bie\u017c\u0105cych wydarze\u0144.Obszary specjalizacji: ekonomia, polityka, nowe technologie i AI, wydarzenia bie\u017c\u0105ce.W pracy dziennikarskiej skupia si\u0119 na analizie informacji bie\u017c\u0105cych oraz zagadnieniach rynkowych i politycznych. Prywatnie interesuje si\u0119 muzyk\u0105, socjologi\u0105 i psychologi\u0105.<\/p>\n\n\n\n<p class=\"wp-block-paragraph\"><\/p>\n\n\n\n<p class=\"wp-block-paragraph\">PiS postawi\u0142 na &#8220;z\u0142ego konia&#8221;? Na szczycie nag\u0142e przetasowania. Nowy sonda\u017c nie pozostawia z\u0142udze\u0144<\/p>\n\n\n\n<p class=\"wp-block-paragraph\">Powa\u017cny wypadek w Przyg\u0142owie. Kilkuletni ch\u0142opiec zosta\u0142 ci\u0119\u017cko ranny<\/p>\n\n\n\n<p class=\"wp-block-paragraph\">Wypadek 2 samochod\u00f3w na S8. 2 osoby nie \u017cyj\u0105, 1 ranna. Droga zablokowana<\/p>\n\n\n\n<p class=\"wp-block-paragraph\">\u015amiertelny wypadek na Pomorzu. Droga ca\u0142kowicie zablokowana, trwa akcja s\u0142u\u017cb<\/p>\n\n\n\n<p class=\"wp-block-paragraph\">\u015amiertelny wypadek pod Tarnobrzegiem z udzia\u0142em BMW. 2 osoby nie \u017cyj\u0105, 2 powa\u017cnie ranne<\/p>\n\n\n\n<p class=\"wp-block-paragraph\">[QUIZ] Ile naprawd\u0119 wiesz o swoich rachunkach za pr\u0105d? Mo\u017cesz si\u0119 zdziwi\u0107<\/p>\n\n\n\n<p class=\"wp-block-paragraph\"><\/p>\n","protected":false},"excerpt":{"rendered":"Tragedia w Krakowie. Niemowl\u0119 straci\u0142o rodzic\u00f3w, \u015bledczy ujawnili, w jakim jest stanie Fot. FotoDax \/ ShutterstockProkuratura Okr\u0119gowa w Krakowie oraz personel medyczny przekazali \n<a class=\"moretag\" href=\"https:\/\/lifevery.biz.ua\/?p=21667\"> [...]<\/a>","protected":false},"author":1,"featured_media":21668,"comment_status":"open","ping_status":"open","sticky":false,"template":"","format":"standard","meta":{"footnotes":""},"categories":[1],"tags":[],"class_list":["post-21667","post","type-post","status-publish","format-standard","has-post-thumbnail","hentry","category-blog"],"_links":{"self":[{"href":"https:\/\/lifevery.biz.ua\/index.php?rest_route=\/wp\/v2\/posts\/21667","targetHints":{"allow":["GET"]}}],"collection":[{"href":"https:\/\/lifevery.biz.ua\/index.php?rest_route=\/wp\/v2\/posts"}],"about":[{"href":"https:\/\/lifevery.biz.ua\/index.php?rest_route=\/wp\/v2\/types\/post"}],"author":[{"embeddable":true,"href":"https:\/\/lifevery.biz.ua\/index.php?rest_route=\/wp\/v2\/users\/1"}],"replies":[{"embeddable":true,"href":"https:\/\/lifevery.biz.ua\/index.php?rest_route=%2Fwp%2Fv2%2Fcomments&post=21667"}],"version-history":[{"count":1,"href":"https:\/\/lifevery.biz.ua\/index.php?rest_route=\/wp\/v2\/posts\/21667\/revisions"}],"predecessor-version":[{"id":21669,"href":"https:\/\/lifevery.biz.ua\/index.php?rest_route=\/wp\/v2\/posts\/21667\/revisions\/21669"}],"wp:featuredmedia":[{"embeddable":true,"href":"https:\/\/lifevery.biz.ua\/index.php?rest_route=\/wp\/v2\/media\/21668"}],"wp:attachment":[{"href":"https:\/\/lifevery.biz.ua\/index.php?rest_route=%2Fwp%2Fv2%2Fmedia&parent=21667"}],"wp:term":[{"taxonomy":"category","embeddable":true,"href":"https:\/\/lifevery.biz.ua\/index.php?rest_route=%2Fwp%2Fv2%2Fcategories&post=21667"},{"taxonomy":"post_tag","embeddable":true,"href":"https:\/\/lifevery.biz.ua\/index.php?rest_route=%2Fwp%2Fv2%2Ftags&post=21667"}],"curies":[{"name":"wp","href":"https:\/\/api.w.org\/{rel}","templated":true}]}}