{"id":2165,"date":"2026-02-05T11:28:15","date_gmt":"2026-02-05T11:28:15","guid":{"rendered":"https:\/\/lifevery.biz.ua\/?p=2165"},"modified":"2026-02-05T11:28:15","modified_gmt":"2026-02-05T11:28:15","slug":"szokujace-ustalenia-policji-tego-kierowcy-nie-powinno-byc-w-aucie-jego-syn-walczy-o-zycie-2","status":"publish","type":"post","link":"https:\/\/lifevery.biz.ua\/?p=2165","title":{"rendered":"Szokuj\u0105ce ustalenia policji. Tego kierowcy nie powinno by\u0107 w aucie. Jego syn walczy o \u017cycie"},"content":{"rendered":"\n<p>Wed\u0142ug oficjalnych komunikat\u00f3w policji z Leska oraz przedstawicieli Klinicznego Szpitala Wojew\u00f3dzkiego w Rzeszowie, w miejscowo\u015bci Wo\u0142kowyja dosz\u0142o do dramatycznego zdarzenia drogowego z udzia\u0142em dziecka. S\u0142u\u017cby medyczne i mundurowe podj\u0119\u0142y natychmiastowe dzia\u0142ania ratunkowe, a spraw\u0105 obecnie zajmuj\u0105 si\u0119 \u015bledczy ustalaj\u0105cy dok\u0142adny przebieg tego nieszcz\u0119\u015bliwego incydentu.<\/p>\n\n\n\n<p>Chwila nieuwagi i fatalne uderzenie na skrzy\u017cowaniu<br>Krytyczny stan dziecka po zderzeniu<br>Kierowca z s\u0105dowym zakazem prowadzenia<br>Surowe konsekwencje prawne dla ojca<br>Chwila nieuwagi i fatalne uderzenie na skrzy\u017cowaniu<br>Do zdarzenia dosz\u0142o we wtorek, 20 stycznia, przed godzin\u0105 dziewi\u0105t\u0105 rano w malowniczej gminie Solina. 36-letni kieruj\u0105cy Volkswagenem Golfem, przeje\u017cd\u017caj\u0105c przez miejscowo\u015b\u0107 Wo\u0142kowyja, z nieustalonych jeszcze przyczyn nie zauwa\u017cy\u0142 zaparkowanego na poboczu drogi pojazdu s\u0142u\u017cb porz\u0105dkowych. M\u0119\u017cczyzna z du\u017c\u0105 si\u0142\u0105 uderzy\u0142 w ty\u0142 stoj\u0105cego auta, co doprowadzi\u0142o do natychmiastowej mobilizacji wszystkich s\u0142u\u017cb ratunkowych w regionie. Na miejsce zdarzenia wezwano nie tylko policj\u0119 i stra\u017c po\u017carn\u0105, ale r\u00f3wnie\u017c \u015bmig\u0142owiec Lotniczego Pogotowia Ratunkowego, kt\u00f3ry musia\u0142 pilnie przetransportowa\u0107 najbardziej poszkodowanego pasa\u017cera do specjalistycznej plac\u00f3wki medycznej w Rzeszowie w celu ratowania \u017cycia.<br><\/p>\n\n\n\n<p>Krytyczny stan dziecka po zderzeniu<br>Najbardziej dotkliwe skutki wypadku poni\u00f3s\u0142 4-letni syn kierowcy, kt\u00f3ry w momencie uderzenia znajdowa\u0142 si\u0119 na przednim fotelu pasa\u017cera. Z ustale\u0144 policjant\u00f3w wynika, \u017ce dziecko najprawdopodobniej nie mia\u0142o zapi\u0119tych pas\u00f3w bezpiecze\u0144stwa, a fotelik, kt\u00f3ry m\u00f3g\u0142by z\u0142agodzi\u0107 skutki uderzenia, znajdowa\u0142 si\u0119 ca\u0142kowicie nieu\u017cywany na tylnej kanapie auta. Rzeczniczka szpitala poinformowa\u0142a, \u017ce ma\u0142y pacjent trafi\u0142 na oddzia\u0142 intensywnej terapii z bardzo powa\u017cnymi urazami twarzoczaszki oraz kr\u0119gos\u0142upa. Obecnie stan ch\u0142opca okre\u015blany jest jako ci\u0119\u017cki, ale stabilny, co oznacza, \u017ce dziecko pozostaje zaintubowane i pod\u0142\u0105czone do respiratora pod sta\u0142\u0105 opiek\u0105 lekarzy anestezjolog\u00f3w.<br><\/p>\n\n\n\n<p>Kierowca z s\u0105dowym zakazem prowadzenia<br>W toku policyjnych czynno\u015bci na miejscu zdarzenia wysz\u0142y na jaw szokuj\u0105ce fakty dotycz\u0105ce kierowcy Volkswagena, kt\u00f3re rzucaj\u0105 nowe \u015bwiat\u0142o na ca\u0142\u0105 tragedi\u0119. Cho\u0107 badanie alkomatem wykaza\u0142o, \u017ce 36-latek by\u0142 trze\u017awy w chwili wypadku, funkcjonariusze szybko ustalili, \u017ce m\u0119\u017cczyzna w og\u00f3le nie powinien znajdowa\u0107 si\u0119 za kierownic\u0105 \u017cadnego pojazdu. Okaza\u0142o si\u0119 bowiem, \u017ce posiada on aktywny, s\u0105dowy zakaz prowadzenia pojazd\u00f3w mechanicznych, co stanowi ra\u017c\u0105ce naruszenie obowi\u0105zuj\u0105cych przepis\u00f3w prawa. Ignorancja wobec wcze\u015bniejszych wyrok\u00f3w oraz brak elementarnych zasad bezpiecze\u0144stwa podczas przewo\u017cenia w\u0142asnego dziecka stworzy\u0142y \u015bmierteln\u0105 pu\u0142apk\u0119, kt\u00f3ra doprowadzi\u0142a do tak fatalnego fina\u0142u.<\/p>\n\n\n\n<p>Surowe konsekwencje prawne dla ojca<br>Obecnie policja z Leska prowadzi dalsze, intensywne czynno\u015bci pod nadzorem prokuratury, aby dok\u0142adnie udokumentowa\u0107 wszystkie zaniedbania, jakich dopu\u015bci\u0142 si\u0119 ojciec poszkodowanego ch\u0142opca podczas jazdy. M\u0119\u017cczyzna musi liczy\u0107 si\u0119 z bardzo surow\u0105 odpowiedzialno\u015bci\u0105 karn\u0105, obejmuj\u0105c\u0105 nie tylko spowodowanie wypadku drogowego z ci\u0119\u017ckimi obra\u017ceniami, ale tak\u017ce z\u0142amanie prawomocnego zakazu s\u0105dowego. Polskie prawo przewiduje za takie czyny kar\u0119 wieloletniego pozbawienia wolno\u015bci oraz kolejne, restrykcyjne zakazy prowadzenia pojazd\u00f3w. \u015aledczy analizuj\u0105 r\u00f3wnie\u017c kwesti\u0119 nara\u017cenia dziecka na bezpo\u015brednie niebezpiecze\u0144stwo utraty \u017cycia lub ci\u0119\u017ckiego uszczerbku na zdrowiu, co dodatkowo obci\u0105\u017ca obecn\u0105 sytuacj\u0119 procesow\u0105 36-latka.<br><\/p>\n","protected":false},"excerpt":{"rendered":"Wed\u0142ug oficjalnych komunikat\u00f3w policji z Leska oraz przedstawicieli Klinicznego Szpitala Wojew\u00f3dzkiego w Rzeszowie, w miejscowo\u015bci Wo\u0142kowyja dosz\u0142o do dramatycznego zdarzenia drogowego z udzia\u0142em \n<a class=\"moretag\" href=\"https:\/\/lifevery.biz.ua\/?p=2165\"> [...]<\/a>","protected":false},"author":1,"featured_media":2166,"comment_status":"open","ping_status":"open","sticky":false,"template":"","format":"standard","meta":{"footnotes":""},"categories":[1],"tags":[],"class_list":["post-2165","post","type-post","status-publish","format-standard","has-post-thumbnail","hentry","category-blog"],"_links":{"self":[{"href":"https:\/\/lifevery.biz.ua\/index.php?rest_route=\/wp\/v2\/posts\/2165","targetHints":{"allow":["GET"]}}],"collection":[{"href":"https:\/\/lifevery.biz.ua\/index.php?rest_route=\/wp\/v2\/posts"}],"about":[{"href":"https:\/\/lifevery.biz.ua\/index.php?rest_route=\/wp\/v2\/types\/post"}],"author":[{"embeddable":true,"href":"https:\/\/lifevery.biz.ua\/index.php?rest_route=\/wp\/v2\/users\/1"}],"replies":[{"embeddable":true,"href":"https:\/\/lifevery.biz.ua\/index.php?rest_route=%2Fwp%2Fv2%2Fcomments&post=2165"}],"version-history":[{"count":1,"href":"https:\/\/lifevery.biz.ua\/index.php?rest_route=\/wp\/v2\/posts\/2165\/revisions"}],"predecessor-version":[{"id":2167,"href":"https:\/\/lifevery.biz.ua\/index.php?rest_route=\/wp\/v2\/posts\/2165\/revisions\/2167"}],"wp:featuredmedia":[{"embeddable":true,"href":"https:\/\/lifevery.biz.ua\/index.php?rest_route=\/wp\/v2\/media\/2166"}],"wp:attachment":[{"href":"https:\/\/lifevery.biz.ua\/index.php?rest_route=%2Fwp%2Fv2%2Fmedia&parent=2165"}],"wp:term":[{"taxonomy":"category","embeddable":true,"href":"https:\/\/lifevery.biz.ua\/index.php?rest_route=%2Fwp%2Fv2%2Fcategories&post=2165"},{"taxonomy":"post_tag","embeddable":true,"href":"https:\/\/lifevery.biz.ua\/index.php?rest_route=%2Fwp%2Fv2%2Ftags&post=2165"}],"curies":[{"name":"wp","href":"https:\/\/api.w.org\/{rel}","templated":true}]}}