{"id":21649,"date":"2026-08-30T18:13:32","date_gmt":"2026-08-30T18:13:32","guid":{"rendered":"https:\/\/lifevery.biz.ua\/?p=21649"},"modified":"2026-08-30T18:13:32","modified_gmt":"2026-08-30T18:13:32","slug":"poranny-wypadek-w-malopolsce-poszkodowanych-kilka-osob-droga-calkowicie-zablokowana","status":"publish","type":"post","link":"https:\/\/lifevery.biz.ua\/?p=21649","title":{"rendered":"Poranny wypadek w Ma\u0142opolsce. Poszkodowanych kilka os\u00f3b, droga ca\u0142kowicie zablokowana"},"content":{"rendered":"\n<p class=\"wp-block-paragraph\">Poranny wypadek w Ma\u0142opolsce. Poszkodowanych kilka os\u00f3b, droga ca\u0142kowicie zablokowana<\/p>\n\n\n\n<p class=\"wp-block-paragraph\">Fot. Shutterstock<br>Do dramatycznego wypadku dosz\u0142o w czwartek 27 sierpnia na jednym z odcink\u00f3w autostrady A4. O poranku zderzy\u0142y si\u0119 dwa samochody osobowe. Na miejsce b\u0142yskawicznie zadysponowano lokalne s\u0142u\u017cby ratunkowe, kt\u00f3re przyst\u0105pi\u0142y do niezw\u0142ocznych dzia\u0142a\u0144. Droga w miejscu wypadku jest zablokowana. Niestety, ale s\u0142u\u017cby przekaza\u0142y informacje o poszkodowanych.<\/p>\n\n\n\n<p class=\"wp-block-paragraph\">Kierowcy podr\u00f3\u017cuj\u0105cy A4 musieli liczy\u0107 si\u0119 z powa\u017cnymi utrudnieniami i znacznym wyd\u0142u\u017ceniem czasu przejazdu. Mundurowi pracuj\u0105cy na miejscu wypadku rekomenduj\u0105, by wybra\u0107 alternatywn\u0105 tras\u0105.<\/p>\n\n\n\n<p class=\"wp-block-paragraph\">Poranny wypadek na A4. S\u0105 poszkodowani<br>Do bardzo powa\u017cnego wypadku drogowego dosz\u0142o w czwartek 27 sierpnia, na jednym z kluczowych odcink\u00f3w autostrady A4 w rejonie Pod\u0142\u0119\u017ca w powiecie wielickim. Wed\u0142ug wst\u0119pnych informacji w wypadku poszkodowanych zosta\u0142o kilka os\u00f3b. Na miejscu trwa\u0142a akcja ratunkowa.<\/p>\n\n\n\n<p class=\"wp-block-paragraph\">S\u0142u\u017cby, kt\u00f3re pracuj\u0105 na miejscu przekaza\u0142y, \u017ce zderzy\u0142y si\u0119 dwa samochody osobowe. Na miejscu przez d\u0142u\u017cszy czas wyst\u0119powa\u0142y powa\u017cne utrudnienia.<\/p>\n\n\n\n<p class=\"wp-block-paragraph\">By\u0142y utrudnienia, zablokowany zosta\u0142 lewy pas ruchu. Ale obecnie uszkodzone samochody zosta\u0142y usuni\u0119te na pas awaryjny. Dwa pasy ruchu zosta\u0142y ju\u017c udost\u0119pnione odblokowane \u2013 informuje oficer dy\u017curny policji.<\/p>\n\n\n\n<p class=\"wp-block-paragraph\">\u00a0<br><\/p>\n\n\n\n<p class=\"wp-block-paragraph\">Droga zablokowana. Trwa pilna akcja s\u0142u\u017cb<br>Kierowcy podr\u00f3\u017cuj\u0105cy A4 musieli liczy\u0107 si\u0119 z powa\u017cnymi utrudnieniami i znacznym wyd\u0142u\u017ceniem czasu przejazdu.&nbsp;<\/p>\n\n\n\n<p class=\"wp-block-paragraph\">Mundurowi apeluj\u0105 do wszystkich zmotoryzowanych planuj\u0105cych podr\u00f3\u017c przez Pod\u0142\u0119\u017ce, by uwa\u017cnie \u015bledzi\u0142y komunikaty dotycz\u0105ce sytuacji na trasie i, je\u015bli jest to mo\u017cliwe, wybra\u0107 alternatywn\u0105 drog\u0119.<br><\/p>\n","protected":false},"excerpt":{"rendered":"Poranny wypadek w Ma\u0142opolsce. Poszkodowanych kilka os\u00f3b, droga ca\u0142kowicie zablokowana Fot. ShutterstockDo dramatycznego wypadku dosz\u0142o w czwartek 27 sierpnia na jednym z odcink\u00f3w \n<a class=\"moretag\" href=\"https:\/\/lifevery.biz.ua\/?p=21649\"> [...]<\/a>","protected":false},"author":1,"featured_media":21650,"comment_status":"open","ping_status":"open","sticky":false,"template":"","format":"standard","meta":{"footnotes":""},"categories":[1],"tags":[],"class_list":["post-21649","post","type-post","status-publish","format-standard","has-post-thumbnail","hentry","category-blog"],"_links":{"self":[{"href":"https:\/\/lifevery.biz.ua\/index.php?rest_route=\/wp\/v2\/posts\/21649","targetHints":{"allow":["GET"]}}],"collection":[{"href":"https:\/\/lifevery.biz.ua\/index.php?rest_route=\/wp\/v2\/posts"}],"about":[{"href":"https:\/\/lifevery.biz.ua\/index.php?rest_route=\/wp\/v2\/types\/post"}],"author":[{"embeddable":true,"href":"https:\/\/lifevery.biz.ua\/index.php?rest_route=\/wp\/v2\/users\/1"}],"replies":[{"embeddable":true,"href":"https:\/\/lifevery.biz.ua\/index.php?rest_route=%2Fwp%2Fv2%2Fcomments&post=21649"}],"version-history":[{"count":1,"href":"https:\/\/lifevery.biz.ua\/index.php?rest_route=\/wp\/v2\/posts\/21649\/revisions"}],"predecessor-version":[{"id":21651,"href":"https:\/\/lifevery.biz.ua\/index.php?rest_route=\/wp\/v2\/posts\/21649\/revisions\/21651"}],"wp:featuredmedia":[{"embeddable":true,"href":"https:\/\/lifevery.biz.ua\/index.php?rest_route=\/wp\/v2\/media\/21650"}],"wp:attachment":[{"href":"https:\/\/lifevery.biz.ua\/index.php?rest_route=%2Fwp%2Fv2%2Fmedia&parent=21649"}],"wp:term":[{"taxonomy":"category","embeddable":true,"href":"https:\/\/lifevery.biz.ua\/index.php?rest_route=%2Fwp%2Fv2%2Fcategories&post=21649"},{"taxonomy":"post_tag","embeddable":true,"href":"https:\/\/lifevery.biz.ua\/index.php?rest_route=%2Fwp%2Fv2%2Ftags&post=21649"}],"curies":[{"name":"wp","href":"https:\/\/api.w.org\/{rel}","templated":true}]}}