{"id":21646,"date":"2026-08-30T18:11:52","date_gmt":"2026-08-30T18:11:52","guid":{"rendered":"https:\/\/lifevery.biz.ua\/?p=21646"},"modified":"2026-08-30T18:11:52","modified_gmt":"2026-08-30T18:11:52","slug":"grozny-wypadek-na-s17-zderzenie-dwoch-osobowek-i-ciezarowki-sa-ranni-trasa-zablokowana","status":"publish","type":"post","link":"https:\/\/lifevery.biz.ua\/?p=21646","title":{"rendered":"Gro\u017any wypadek na S17. Zderzenie dw\u00f3ch osob\u00f3wek i ci\u0119\u017car\u00f3wki, s\u0105 ranni. Trasa zablokowana"},"content":{"rendered":"\n<p class=\"wp-block-paragraph\">Gro\u017any wypadek na S17. Zderzenie dw\u00f3ch osob\u00f3wek i ci\u0119\u017car\u00f3wki, s\u0105 ranni. Trasa zablokowana<\/p>\n\n\n\n<p class=\"wp-block-paragraph\">Fot. Policja Pu\u0142awska \/ Facebook<br>Na drodze ekspresowej S17 zderzy\u0142y si\u0119 dwa samochody osobowe i ci\u0119\u017car\u00f3wka. Jak przekaza\u0142a Komenda Powiatowa Policji w Pu\u0142awach, trasa \u0142\u0105cz\u0105ca Warszaw\u0119 z Lublinem zosta\u0142a ca\u0142kowicie zablokowana w obu kierunkach. Poszkodowani trafili do szpitali. S\u0142u\u017cby wyznaczy\u0142y objazdy dla kierowc\u00f3w podr\u00f3\u017cuj\u0105cych w obie strony.<\/p>\n\n\n\n<p class=\"wp-block-paragraph\">Do zdarzenia dosz\u0142o w czwartek, 27 sierpnia, po godzinie 10:00 na wsp\u00f3lnym odcinku tras S12 i S17, w rejonie miejscowo\u015bci Wola Osi\u0144ska i Chrz\u0105ch\u00f3wek. Zderzy\u0142y si\u0119 tam opel, volkswagen i ci\u0119\u017car\u00f3wka. W tym miejscu, ze wzgl\u0119du na trwaj\u0105ce roboty drogowe, jedna jezdnia by\u0142a zamkni\u0119ta, a ruch odbywa\u0142 si\u0119 dwukierunkowo. &nbsp;<\/p>\n\n\n\n<p class=\"wp-block-paragraph\">Dwie osoby w szpitalu i ucieczka uczestnika zdarzenia<br>\u201eInformujemy, \u017ce droga ekspresowa S17 w obu kierunkach \u2013 Warszawa i Lublin \u2013 jest ca\u0142kowicie zablokowana na wysoko\u015bci miejscowo\u015bci Wola Osi\u0144ska. Dosz\u0142o tam do zderzenia trzech pojazd\u00f3w: Opla, Volkswagena oraz ci\u0119\u017car\u00f3wki nieustalonej marki&#8221; \u2013 przekaza\u0142a pu\u0142awska policja.<\/p>\n\n\n\n<p class=\"wp-block-paragraph\">W zderzeniu ucierpia\u0142y dwie osoby, kt\u00f3re ratownicy zabrali do szpitala. Przez d\u0142u\u017cszy czas na miejscu pracowa\u0142y s\u0142u\u017cby ratunkowe i policja.&nbsp;<\/p>\n\n\n\n<p class=\"wp-block-paragraph\">Funkcjonariusze ustalili te\u017c, \u017ce jeden z kierowc\u00f3w uciek\u0142 z miejsca wypadku. Teraz policjanci wyja\u015bniaj\u0105, jak dok\u0142adnie dosz\u0142o do zderzenia i co by\u0142o jego przyczyn\u0105.<br><\/p>\n\n\n\n<p class=\"wp-block-paragraph\">Wielokilometrowe objazdy przez Pu\u0142awy i Kur\u00f3w<br>Ca\u0142kowita blokada obu kierunk\u00f3w zmusi\u0142a s\u0142u\u017cby do natychmiastowego wyznaczenia objazd\u00f3w. Ruch w stron\u0119 stolicy przekierowano na w\u0119\u017ale Na\u0142\u0119cz\u00f3w na drog\u0119 wojew\u00f3dzk\u0105 nr 874, a stamt\u0105d na dawn\u0105 tras\u0119 krajow\u0105 12\/17.&nbsp;<\/p>\n\n\n\n<p class=\"wp-block-paragraph\">Kierowc\u00f3w zmierzaj\u0105cych do Lublina kierowano z kolei z w\u0119z\u0142a Kur\u00f3w Zach\u00f3d na S12 w stron\u0119 Radomia, nast\u0119pnie z w\u0119z\u0142a Pu\u0142awy Wsch\u00f3d na drog\u0119 wojew\u00f3dzk\u0105 nr 824 i przez Pu\u0142awy, Ko\u0144skowol\u0119 oraz Kur\u00f3w star\u0105 tras\u0105 do w\u0119z\u0142a Na\u0142\u0119cz\u00f3w.&nbsp;<\/p>\n\n\n\n<p class=\"wp-block-paragraph\">Policja zaapelowa\u0142a te\u017c bezpo\u015brednio do kierowc\u00f3w.<\/p>\n\n\n\n<p class=\"wp-block-paragraph\">\u201eApelujemy do kierowc\u00f3w o zachowanie szczeg\u00f3lnej ostro\u017cno\u015bci, stosowanie si\u0119 do polece\u0144 s\u0142u\u017cb oraz \u2013 w miar\u0119 mo\u017cliwo\u015bci \u2013 wybieranie alternatywnych tras&#8221; \u2013 zaapelowali mundurowi.<\/p>\n\n\n\n<p class=\"wp-block-paragraph\">Policjanci poprosili te\u017c podr\u00f3\u017cnych o wyrozumia\u0142o\u015b\u0107 wobec przed\u0142u\u017caj\u0105cych si\u0119 utrudnie\u0144.<\/p>\n\n\n\n<p class=\"wp-block-paragraph\">\u201eUtrudnienia mog\u0105 potrwa\u0107 jeszcze przez pewien czas. Prosimy o cierpliwo\u015b\u0107 i rozwag\u0119&#8221; \u2013 dodali.<br><\/p>\n\n\n\n<p class=\"wp-block-paragraph\">Ruch przywr\u00f3cony po zako\u0144czeniu akcji<br>Dzia\u0142ania ratownik\u00f3w, usuwanie rozbitych pojazd\u00f3w i sprz\u0105tanie jezdni trwa\u0142y kilkadziesi\u0105t minut, przez co w rejonie Kurowa szybko utworzy\u0142y si\u0119 spore zatory.\u00a0<br><\/p>\n\n\n\n<p class=\"wp-block-paragraph\">Dopiero po zako\u0144czeniu pracy technik\u00f3w i odholowaniu wrak\u00f3w oba pasy uda\u0142o si\u0119 udro\u017cni\u0107, a pu\u0142awska policja poinformowa\u0142a o ko\u0144cu utrudnie\u0144.<\/p>\n\n\n\n<p class=\"wp-block-paragraph\">\u201eRuch na drodze S17 w obydwu kierunkach Lublin\/Warszawa zosta\u0142 przywr\u00f3cony&#8221; \u2013 przekaza\u0142a w aktualizacji Komenda Powiatowa Policji w Pu\u0142awach.<br><\/p>\n","protected":false},"excerpt":{"rendered":"Gro\u017any wypadek na S17. Zderzenie dw\u00f3ch osob\u00f3wek i ci\u0119\u017car\u00f3wki, s\u0105 ranni. Trasa zablokowana Fot. Policja Pu\u0142awska \/ FacebookNa drodze ekspresowej S17 zderzy\u0142y si\u0119 \n<a class=\"moretag\" href=\"https:\/\/lifevery.biz.ua\/?p=21646\"> [...]<\/a>","protected":false},"author":1,"featured_media":21647,"comment_status":"open","ping_status":"open","sticky":false,"template":"","format":"standard","meta":{"footnotes":""},"categories":[1],"tags":[],"class_list":["post-21646","post","type-post","status-publish","format-standard","has-post-thumbnail","hentry","category-blog"],"_links":{"self":[{"href":"https:\/\/lifevery.biz.ua\/index.php?rest_route=\/wp\/v2\/posts\/21646","targetHints":{"allow":["GET"]}}],"collection":[{"href":"https:\/\/lifevery.biz.ua\/index.php?rest_route=\/wp\/v2\/posts"}],"about":[{"href":"https:\/\/lifevery.biz.ua\/index.php?rest_route=\/wp\/v2\/types\/post"}],"author":[{"embeddable":true,"href":"https:\/\/lifevery.biz.ua\/index.php?rest_route=\/wp\/v2\/users\/1"}],"replies":[{"embeddable":true,"href":"https:\/\/lifevery.biz.ua\/index.php?rest_route=%2Fwp%2Fv2%2Fcomments&post=21646"}],"version-history":[{"count":1,"href":"https:\/\/lifevery.biz.ua\/index.php?rest_route=\/wp\/v2\/posts\/21646\/revisions"}],"predecessor-version":[{"id":21648,"href":"https:\/\/lifevery.biz.ua\/index.php?rest_route=\/wp\/v2\/posts\/21646\/revisions\/21648"}],"wp:featuredmedia":[{"embeddable":true,"href":"https:\/\/lifevery.biz.ua\/index.php?rest_route=\/wp\/v2\/media\/21647"}],"wp:attachment":[{"href":"https:\/\/lifevery.biz.ua\/index.php?rest_route=%2Fwp%2Fv2%2Fmedia&parent=21646"}],"wp:term":[{"taxonomy":"category","embeddable":true,"href":"https:\/\/lifevery.biz.ua\/index.php?rest_route=%2Fwp%2Fv2%2Fcategories&post=21646"},{"taxonomy":"post_tag","embeddable":true,"href":"https:\/\/lifevery.biz.ua\/index.php?rest_route=%2Fwp%2Fv2%2Ftags&post=21646"}],"curies":[{"name":"wp","href":"https:\/\/api.w.org\/{rel}","templated":true}]}}