{"id":21643,"date":"2026-08-30T18:09:59","date_gmt":"2026-08-30T18:09:59","guid":{"rendered":"https:\/\/lifevery.biz.ua\/?p=21643"},"modified":"2026-08-30T18:09:59","modified_gmt":"2026-08-30T18:09:59","slug":"wyszla-z-domu-z-synkiem-i-slad-po-nich-zaginal-trwaja-poszukiwania-policja-i-rodzina-apeluja-o-pomoc","status":"publish","type":"post","link":"https:\/\/lifevery.biz.ua\/?p=21643","title":{"rendered":"Wysz\u0142a z domu z synkiem i \u015blad po nich zagin\u0105\u0142. Trwaj\u0105 poszukiwania, policja i rodzina apeluj\u0105 o pomoc"},"content":{"rendered":"\n<p class=\"wp-block-paragraph\">Wysz\u0142a z domu z synkiem i \u015blad po nich zagin\u0105\u0142. Trwaj\u0105 poszukiwania, policja i rodzina apeluj\u0105 o pomoc<\/p>\n\n\n\n<p class=\"wp-block-paragraph\">Fot. daily_creativity \/ Shutterstock, KPP w Opocznie \/ Facebook<br>Funkcjonariusze z Komendy Powiatowej Policji w Opocznie prowadz\u0105 intensywne poszukiwania 31-letniej Anny Dawczyk i jej 9-letniego syna Arona. Matka z dzieckiem wyszli z domu w \u015brod\u0119, 26 sierpnia. Od tego momentu nie nawi\u0105zali kontaktu z rodzin\u0105. Policja apeluje do wszystkich o pomoc w odnalezieniu zaginionych.<\/p>\n\n\n\n<p class=\"wp-block-paragraph\">Z informacji przekazanych przez s\u0142u\u017cby wynika, \u017ce po raz ostatni widziano ich 26 sierpnia oko\u0142o godziny 10:30. Kobieta wraz z dzieckiem nie wr\u00f3ci\u0142a do domu i do tej pory nie da\u0142a bliskim znaku \u017cycia. Zaniepokojona rodzina postanowi\u0142a zg\u0142osi\u0107 spraw\u0119 policji.<\/p>\n\n\n\n<p class=\"wp-block-paragraph\">Zagin\u0119li Anna Dawczyk i jej syn Aaron<br>Policja przekaza\u0142a szczeg\u00f3\u0142owy opis obojga zaginionych.<\/p>\n\n\n\n<p class=\"wp-block-paragraph\">31-letnia Anna Dawczyk ma oko\u0142o 160 cm wzrostu, jest szczup\u0142a i ma jasne blond w\u0142osy. W dniu zagini\u0119cia mia\u0142a na sobie bia\u0142\u0105 koszulk\u0119, be\u017cow\u0105 bluz\u0119 z kapturem oraz ciemne spodnie.<\/p>\n\n\n\n<p class=\"wp-block-paragraph\">Fot. KPP w Opocznie \/ Facebook<br>Jej 9-letni syn Aron mierzy oko\u0142o 130 cm wzrostu i r\u00f3wnie\u017c ma jasne blond w\u0142osy.<\/p>\n\n\n\n<p class=\"wp-block-paragraph\">Fot. KPP w Opocznie \/ Facebook<br>Funkcjonariusze zaznaczaj\u0105, \u017ce poszukiwania obejmuj\u0105 szerszy teren.<\/p>\n\n\n\n<p class=\"wp-block-paragraph\">\u201eZ racji bliskiego s\u0105siedztwa powiatu opoczy\u0144skiego i koneckiego oraz faktu, \u017ce zaginieni mog\u0105 przemieszcza\u0107 si\u0119 tak\u017ce po terenie naszego regionu, publikujemy rysopis oraz apel policji&#8221; \u2013 wyja\u015bniaj\u0105 mundurowi.<\/p>\n\n\n\n<p class=\"wp-block-paragraph\">Apel do \u015bwiadk\u00f3w<br>Policja zwraca si\u0119 z apelem do ka\u017cdego, kto m\u00f3g\u0142 widzie\u0107 matk\u0119 z dzieckiem lub ma jakiekolwiek informacje o miejscu ich pobytu.<\/p>\n\n\n\n<p class=\"wp-block-paragraph\">\u201eWszystkie osoby, kt\u00f3re widzia\u0142y zaginion\u0105 matk\u0119 z dzieckiem lub posiadaj\u0105 jakiekolwiek informacje mog\u0105ce pom\u00f3c w ustaleniu miejsca ich pobytu, proszone s\u0105 o natychmiastowy kontakt z policj\u0105&#8221; \u2013 apeluj\u0105 funkcjonariusze.<\/p>\n\n\n\n<p class=\"wp-block-paragraph\">Wszelkie wskaz\u00f3wki mo\u017cna przekazywa\u0107 dy\u017curnemu KPP w Opocznie pod numerem 47 846 32 11 lub dzwoni\u0105c na numer alarmowy 112.<\/p>\n\n\n\n<p class=\"wp-block-paragraph\"><\/p>\n","protected":false},"excerpt":{"rendered":"Wysz\u0142a z domu z synkiem i \u015blad po nich zagin\u0105\u0142. Trwaj\u0105 poszukiwania, policja i rodzina apeluj\u0105 o pomoc Fot. daily_creativity \/ Shutterstock, KPP \n<a class=\"moretag\" href=\"https:\/\/lifevery.biz.ua\/?p=21643\"> [...]<\/a>","protected":false},"author":1,"featured_media":21644,"comment_status":"open","ping_status":"open","sticky":false,"template":"","format":"standard","meta":{"footnotes":""},"categories":[1],"tags":[],"class_list":["post-21643","post","type-post","status-publish","format-standard","has-post-thumbnail","hentry","category-blog"],"_links":{"self":[{"href":"https:\/\/lifevery.biz.ua\/index.php?rest_route=\/wp\/v2\/posts\/21643","targetHints":{"allow":["GET"]}}],"collection":[{"href":"https:\/\/lifevery.biz.ua\/index.php?rest_route=\/wp\/v2\/posts"}],"about":[{"href":"https:\/\/lifevery.biz.ua\/index.php?rest_route=\/wp\/v2\/types\/post"}],"author":[{"embeddable":true,"href":"https:\/\/lifevery.biz.ua\/index.php?rest_route=\/wp\/v2\/users\/1"}],"replies":[{"embeddable":true,"href":"https:\/\/lifevery.biz.ua\/index.php?rest_route=%2Fwp%2Fv2%2Fcomments&post=21643"}],"version-history":[{"count":1,"href":"https:\/\/lifevery.biz.ua\/index.php?rest_route=\/wp\/v2\/posts\/21643\/revisions"}],"predecessor-version":[{"id":21645,"href":"https:\/\/lifevery.biz.ua\/index.php?rest_route=\/wp\/v2\/posts\/21643\/revisions\/21645"}],"wp:featuredmedia":[{"embeddable":true,"href":"https:\/\/lifevery.biz.ua\/index.php?rest_route=\/wp\/v2\/media\/21644"}],"wp:attachment":[{"href":"https:\/\/lifevery.biz.ua\/index.php?rest_route=%2Fwp%2Fv2%2Fmedia&parent=21643"}],"wp:term":[{"taxonomy":"category","embeddable":true,"href":"https:\/\/lifevery.biz.ua\/index.php?rest_route=%2Fwp%2Fv2%2Fcategories&post=21643"},{"taxonomy":"post_tag","embeddable":true,"href":"https:\/\/lifevery.biz.ua\/index.php?rest_route=%2Fwp%2Fv2%2Ftags&post=21643"}],"curies":[{"name":"wp","href":"https:\/\/api.w.org\/{rel}","templated":true}]}}