{"id":21640,"date":"2026-08-30T18:06:13","date_gmt":"2026-08-30T18:06:13","guid":{"rendered":"https:\/\/lifevery.biz.ua\/?p=21640"},"modified":"2026-08-30T18:06:13","modified_gmt":"2026-08-30T18:06:13","slug":"smiertelny-wypadek-z-udzialem-motocyklisty-w-miejscowosci-sarnowo-gory-ratownicy-byli-bez-szans","status":"publish","type":"post","link":"https:\/\/lifevery.biz.ua\/?p=21640","title":{"rendered":"\u015amiertelny wypadek z udzia\u0142em motocyklisty w miejscowo\u015bci Sarnowo-G\u00f3ry. Ratownicy byli bez szans"},"content":{"rendered":"\n<p class=\"wp-block-paragraph\">\u015amiertelny wypadek z udzia\u0142em motocyklisty w miejscowo\u015bci Sarnowo-G\u00f3ry. Ratownicy byli bez szans<\/p>\n\n\n\n<p class=\"wp-block-paragraph\">Wypadek w gminie Dzierz\u0105\u017cnia, fot. Policja P\u0142o\u0144sk<br>W miejscowo\u015bci Sarnowo-G\u00f3ry dosz\u0142o do \u015bmiertelnego wypadku z udzia\u0142em motocyklisty. 49-letni kierowca Yamahy zgin\u0105\u0142 po czo\u0142owym zderzeniu z samochodem osobowym. Do tragedii dosz\u0142o w \u015brod\u0119 wieczorem na drodze powiatowej. Policjanci pod nadzorem prokuratora wyja\u015bniaj\u0105 dok\u0142adne okoliczno\u015bci zdarzenia.<\/p>\n\n\n\n<p class=\"wp-block-paragraph\">Wypadek wydarzy\u0142 si\u0119 w \u015brod\u0119, 26 sierpnia, oko\u0142o godz. 19.40 w miejscowo\u015bci Sarnowo-G\u00f3ry w gminie Dzierz\u0105\u017cnia. W zdarzeniu uczestniczy\u0142y motocykl marki Yamaha oraz samoch\u00f3d osobowy marki Honda. Za kierownic\u0105 motocykla znajdowa\u0142 si\u0119 49-letni mieszkaniec powiatu p\u0142o\u0144skiego, natomiast Hond\u0105 kierowa\u0142a 47-letnia kobieta. Na miejsce skierowano s\u0142u\u017cby ratunkowe oraz policjant\u00f3w.<\/p>\n\n\n\n<p class=\"wp-block-paragraph\">\u015amiertelny wypadek w Sarnowie-G\u00f3rach. Yamaha zderzy\u0142a si\u0119 z Hond\u0105<br>Do zderzenia dosz\u0142o na \u0142uku drogi powiatowej. Z informacji przekazanych przez p\u0142o\u0144sk\u0105 policj\u0119 wynika, \u017ce 49-letni motocyklista zderzy\u0142 si\u0119 czo\u0142owo z Hond\u0105 jad\u0105c\u0105 z przeciwnego kierunku.<\/p>\n\n\n\n<p class=\"wp-block-paragraph\">Skutki wypadku okaza\u0142y si\u0119 tragiczne dla kierowcy Yamahy. Na miejscu podj\u0119to walk\u0119 o jego \u017cycie. Zesp\u00f3\u0142 ratownictwa medycznego rozpocz\u0105\u0142 reanimacj\u0119 49-latka, jednak mimo prowadzonych dzia\u0142a\u0144 m\u0119\u017cczyzny nie uda\u0142o si\u0119 uratowa\u0107.<\/p>\n\n\n\n<p class=\"wp-block-paragraph\">Wypadek w gminie Dzierz\u0105\u017cnia, fot. Policja P\u0142o\u0144sk<br>Samochodem osobowym kierowa\u0142a 47-letnia kobieta. Wed\u0142ug informacji policji nie zosta\u0142a ona ranna w wyniku zderzenia. Funkcjonariusze sprawdzili tak\u017ce jej stan trze\u017awo\u015bci.<br><\/p>\n\n\n\n<p class=\"wp-block-paragraph\">Ratownicy reanimowali 49-latka. Policja przekaza\u0142a szczeg\u00f3\u0142y<br>P\u0142o\u0144ska policja opisa\u0142a dzia\u0142ania ratownik\u00f3w oraz sytuacj\u0119 os\u00f3b uczestnicz\u0105cych w zdarzeniu. Z komunikatu wynika r\u00f3wnie\u017c, \u017ce poza motocyklist\u0105 i kieruj\u0105c\u0105 Hond\u0105 nikt wi\u0119cej nie bra\u0142 udzia\u0142u w wypadku.<\/p>\n\n\n\n<p class=\"wp-block-paragraph\">\u2013 Pomimo podj\u0119tej na miejscu przez zesp\u00f3\u0142 ratownictwa medycznego reanimacji, \u017cycia motocyklisty nie uda\u0142o si\u0119 uratowa\u0107. Kieruj\u0105ca Hond\u0105 nie odnios\u0142a obra\u017ce\u0144. Badanie wykaza\u0142o, \u017ce by\u0142a trze\u017awa. W zdarzeniu nie uczestniczy\u0142y inne osoby \u2013 podano w komunikacie p\u0142o\u0144skiej policji.<br><\/p>\n","protected":false},"excerpt":{"rendered":"\u015amiertelny wypadek z udzia\u0142em motocyklisty w miejscowo\u015bci Sarnowo-G\u00f3ry. Ratownicy byli bez szans Wypadek w gminie Dzierz\u0105\u017cnia, fot. Policja P\u0142o\u0144skW miejscowo\u015bci Sarnowo-G\u00f3ry dosz\u0142o do \n<a class=\"moretag\" href=\"https:\/\/lifevery.biz.ua\/?p=21640\"> [...]<\/a>","protected":false},"author":1,"featured_media":21641,"comment_status":"open","ping_status":"open","sticky":false,"template":"","format":"standard","meta":{"footnotes":""},"categories":[1],"tags":[],"class_list":["post-21640","post","type-post","status-publish","format-standard","has-post-thumbnail","hentry","category-blog"],"_links":{"self":[{"href":"https:\/\/lifevery.biz.ua\/index.php?rest_route=\/wp\/v2\/posts\/21640","targetHints":{"allow":["GET"]}}],"collection":[{"href":"https:\/\/lifevery.biz.ua\/index.php?rest_route=\/wp\/v2\/posts"}],"about":[{"href":"https:\/\/lifevery.biz.ua\/index.php?rest_route=\/wp\/v2\/types\/post"}],"author":[{"embeddable":true,"href":"https:\/\/lifevery.biz.ua\/index.php?rest_route=\/wp\/v2\/users\/1"}],"replies":[{"embeddable":true,"href":"https:\/\/lifevery.biz.ua\/index.php?rest_route=%2Fwp%2Fv2%2Fcomments&post=21640"}],"version-history":[{"count":1,"href":"https:\/\/lifevery.biz.ua\/index.php?rest_route=\/wp\/v2\/posts\/21640\/revisions"}],"predecessor-version":[{"id":21642,"href":"https:\/\/lifevery.biz.ua\/index.php?rest_route=\/wp\/v2\/posts\/21640\/revisions\/21642"}],"wp:featuredmedia":[{"embeddable":true,"href":"https:\/\/lifevery.biz.ua\/index.php?rest_route=\/wp\/v2\/media\/21641"}],"wp:attachment":[{"href":"https:\/\/lifevery.biz.ua\/index.php?rest_route=%2Fwp%2Fv2%2Fmedia&parent=21640"}],"wp:term":[{"taxonomy":"category","embeddable":true,"href":"https:\/\/lifevery.biz.ua\/index.php?rest_route=%2Fwp%2Fv2%2Fcategories&post=21640"},{"taxonomy":"post_tag","embeddable":true,"href":"https:\/\/lifevery.biz.ua\/index.php?rest_route=%2Fwp%2Fv2%2Ftags&post=21640"}],"curies":[{"name":"wp","href":"https:\/\/api.w.org\/{rel}","templated":true}]}}