{"id":21637,"date":"2026-08-30T18:02:43","date_gmt":"2026-08-30T18:02:43","guid":{"rendered":"https:\/\/lifevery.biz.ua\/?p=21637"},"modified":"2026-08-30T18:02:43","modified_gmt":"2026-08-30T18:02:43","slug":"poranny-wypadek-na-dk74-zderzyly-sie-dwie-ciezarowki-droga-calkowicie-zablokowana","status":"publish","type":"post","link":"https:\/\/lifevery.biz.ua\/?p=21637","title":{"rendered":"Poranny wypadek na DK74. Zderzy\u0142y si\u0119 dwie ci\u0119\u017car\u00f3wki, droga ca\u0142kowicie zablokowana"},"content":{"rendered":"\n<p class=\"wp-block-paragraph\">Poranny wypadek na DK74. Zderzy\u0142y si\u0119 dwie ci\u0119\u017car\u00f3wki, droga ca\u0142kowicie zablokowana<\/p>\n\n\n\n<p class=\"wp-block-paragraph\">Fot. KMP Kielce<br>Do powa\u017cnego wypadku drogowego dosz\u0142o w pi\u0105tkowy poranek 28 sierpnia na jednej z polskich tras. Zderzy\u0142y si\u0119 dwa samochody ci\u0119\u017carowe. Na miejscu bardzo szybko zjawi\u0142y si\u0119 lokalne s\u0142u\u017cby ratunkowe, kt\u00f3re przyst\u0105pi\u0142y do niezw\u0142ocznych dzia\u0142a\u0144 ratunkowych. Wiadomo, \u017ce w wyniku zdarzenia, dw\u00f3ch trafi\u0142o do szpitali. Droga w miejscu incydentu jest ca\u0142kowicie zablokowana.<\/p>\n\n\n\n<p class=\"wp-block-paragraph\">Do bardzo gro\u017anego wypadku dosz\u0142o nad ranem na jednej z tras w powiecie kieleckim na drodze krajowej nr 74. Zderzy\u0142y si\u0119 tam dwie ci\u0119\u017car\u00f3wki. Wyst\u0119puj\u0105 wielkie utrudnienia.<\/p>\n\n\n\n<p class=\"wp-block-paragraph\">Poranny wypadek na DK74. Zderzy\u0142y si\u0119 dwie ci\u0119\u017car\u00f3wki<br>W pi\u0105tkowy poranek dosz\u0142o do niebezpiecznego wypadku na jednym z odcink\u00f3w drogi krajowej nr. 74. Oko\u0142o godziny 4:20 zderzy\u0142y si\u0119 dwa samochody ci\u0119\u017carowe. Najprawdopodobniej, g\u0142\u00f3wn\u0105 przyczyn\u0105 incydentu by\u0142 b\u0142\u0105d jednego z kieruj\u0105cych.<\/p>\n\n\n\n<p class=\"wp-block-paragraph\">Ze wst\u0119pnych ustale\u0144 policjant\u00f3w wynika, \u017ce w stron\u0119 \u0141odzi porusza\u0142 si\u0119 pojazd ci\u0119\u017carowy marki DAF, kierowany przez m\u0119\u017cczyzn\u0119 o nieustalonej na ten moment to\u017csamo\u015bci. Na skutek nieust\u0105pienia pierwsze\u0144stwa przejazdu na skrzy\u017cowaniu drogi krajowej nr 74 z ulic\u0105 Wykie\u0144 w \u0106mi\u0144sku, dosz\u0142o do zderzenia z pojazdem ci\u0119\u017carowym marki Volvo, kt\u00f3rym kierowa\u0142 28-letni m\u0119\u017cczyzna &#8211; przekaza\u0142 jeden z funkcjonariuszy w rozmowie z Radiem Kielce.<\/p>\n\n\n\n<p class=\"wp-block-paragraph\">Droga w miejscu wypadku jest zablokowana. Trwaj\u0105 dzia\u0142ania s\u0142u\u017cb<br>W chwili obecnej na miejscu w dalszym ci\u0105gu pracuj\u0105 s\u0142u\u017cby, a sama droga jest zablokowana. Policja kieruje ruchem wahad\u0142owo. Utrudnienia mog\u0105 w tym miejscu potrwa\u0107 nawet kilka godzin.<\/p>\n\n\n\n<p class=\"wp-block-paragraph\">Trwa ustalanie szczeg\u00f3\u0142owych okoliczno\u015bci zdarzenia, jak r\u00f3wnie\u017c to\u017csamo\u015bci kieruj\u0105cego ci\u0119\u017carowym DAF-em. W miejscu wypadku ruch odbywa si\u0119 wahad\u0142owo. Policja apeluje o ostro\u017cno\u015b\u0107.<br><\/p>\n","protected":false},"excerpt":{"rendered":"Poranny wypadek na DK74. Zderzy\u0142y si\u0119 dwie ci\u0119\u017car\u00f3wki, droga ca\u0142kowicie zablokowana Fot. KMP KielceDo powa\u017cnego wypadku drogowego dosz\u0142o w pi\u0105tkowy poranek 28 sierpnia \n<a class=\"moretag\" href=\"https:\/\/lifevery.biz.ua\/?p=21637\"> [...]<\/a>","protected":false},"author":1,"featured_media":21638,"comment_status":"open","ping_status":"open","sticky":false,"template":"","format":"standard","meta":{"footnotes":""},"categories":[1],"tags":[],"class_list":["post-21637","post","type-post","status-publish","format-standard","has-post-thumbnail","hentry","category-blog"],"_links":{"self":[{"href":"https:\/\/lifevery.biz.ua\/index.php?rest_route=\/wp\/v2\/posts\/21637","targetHints":{"allow":["GET"]}}],"collection":[{"href":"https:\/\/lifevery.biz.ua\/index.php?rest_route=\/wp\/v2\/posts"}],"about":[{"href":"https:\/\/lifevery.biz.ua\/index.php?rest_route=\/wp\/v2\/types\/post"}],"author":[{"embeddable":true,"href":"https:\/\/lifevery.biz.ua\/index.php?rest_route=\/wp\/v2\/users\/1"}],"replies":[{"embeddable":true,"href":"https:\/\/lifevery.biz.ua\/index.php?rest_route=%2Fwp%2Fv2%2Fcomments&post=21637"}],"version-history":[{"count":1,"href":"https:\/\/lifevery.biz.ua\/index.php?rest_route=\/wp\/v2\/posts\/21637\/revisions"}],"predecessor-version":[{"id":21639,"href":"https:\/\/lifevery.biz.ua\/index.php?rest_route=\/wp\/v2\/posts\/21637\/revisions\/21639"}],"wp:featuredmedia":[{"embeddable":true,"href":"https:\/\/lifevery.biz.ua\/index.php?rest_route=\/wp\/v2\/media\/21638"}],"wp:attachment":[{"href":"https:\/\/lifevery.biz.ua\/index.php?rest_route=%2Fwp%2Fv2%2Fmedia&parent=21637"}],"wp:term":[{"taxonomy":"category","embeddable":true,"href":"https:\/\/lifevery.biz.ua\/index.php?rest_route=%2Fwp%2Fv2%2Fcategories&post=21637"},{"taxonomy":"post_tag","embeddable":true,"href":"https:\/\/lifevery.biz.ua\/index.php?rest_route=%2Fwp%2Fv2%2Ftags&post=21637"}],"curies":[{"name":"wp","href":"https:\/\/api.w.org\/{rel}","templated":true}]}}