{"id":21633,"date":"2026-08-30T17:59:53","date_gmt":"2026-08-30T17:59:53","guid":{"rendered":"https:\/\/lifevery.biz.ua\/?p=21633"},"modified":"2026-08-30T17:59:53","modified_gmt":"2026-08-30T17:59:53","slug":"zderzenie-autobusu-z-samochodem-osobowym-nieopodal-pawlowa-w-srodku-26-osob-4-hospitalizowane-interweniuje-lpr","status":"publish","type":"post","link":"https:\/\/lifevery.biz.ua\/?p=21633","title":{"rendered":"Zderzenie autobusu z samochodem osobowym nieopodal Paw\u0142owa. W \u015brodku 26 os\u00f3b, 4 hospitalizowane. Interweniuje LPR"},"content":{"rendered":"\n<p class=\"wp-block-paragraph\">W rejonie Paw\u0142owa pod Olsztynkiem dosz\u0142o do wypadku autobusu przewo\u017c\u0105cego pracownik\u00f3w firmy FIEGE. Pojazdem jecha\u0142o 26 os\u00f3b. Cztery osoby trafi\u0142y do szpitala. W trakcie akcji ratunkowej s\u0142u\u017cby zaktualizowa\u0142y liczb\u0119 poszkodowanych.<\/p>\n\n\n\n<p class=\"wp-block-paragraph\">Do zdarzenia dosz\u0142o w wojew\u00f3dztwie warmi\u0144sko-mazurskim na drodze serwisowej biegn\u0105cej w pobli\u017cu drogi krajowej nr 7. Autobus przewozi\u0142 pracownik\u00f3w firmy FIEGE do miejsca zatrudnienia. Na miejscu dzia\u0142ania prowadzili stra\u017cacy oraz ratownicy medyczni, a do pomocy skierowano tak\u017ce \u015bmig\u0142owiec Lotniczego Pogotowia Ratunkowego. Szczeg\u00f3\u0142y akcji i informacje o poszkodowanych przekaza\u0142 \u201eFaktowi\u201d m\u0142. bryg. Adam Rybicki z Pa\u0144stwowej Stra\u017cy Po\u017carnej.<\/p>\n\n\n\n<p class=\"wp-block-paragraph\">Wypadek autobusu pod Olsztynkiem. Cztery osoby trafi\u0142y do szpitala<br>Autobusem podr\u00f3\u017cowa\u0142o \u0142\u0105cznie 26 os\u00f3b. Jak poinformowa\u0142 m\u0142. bryg. Adam Rybicki z Pa\u0144stwowej Stra\u017cy Po\u017carnej, po zdarzeniu pasa\u017cerowie byli w stanie wydosta\u0107 si\u0119 z pojazdu bez pomocy s\u0142u\u017cb.<\/p>\n\n\n\n<p class=\"wp-block-paragraph\">\u2013 Wszyscy samodzielnie ten autobus opu\u015bcili \u2013 przekaza\u0142 m\u0142. bryg. Adam Rybicki z PSP w rozmowie z \u201eFaktem\u201d.<\/p>\n\n\n\n<p class=\"wp-block-paragraph\">Pierwsze informacje przekazywane podczas dzia\u0142a\u0144 m\u00f3wi\u0142y o trzech osobach wymagaj\u0105cych przewiezienia do szpitala. Sytuacja zmieni\u0142a si\u0119 jednak jeszcze w trakcie prowadzonej na miejscu akcji. Do s\u0142u\u017cb zg\u0142osi\u0142a si\u0119 kolejna osoba, kt\u00f3ra r\u00f3wnie\u017c uskar\u017ca\u0142a si\u0119 na dolegliwo\u015bci.<\/p>\n\n\n\n<p class=\"wp-block-paragraph\">\u2013 Pocz\u0105tkowo podawali\u015bmy informacj\u0119 o trzech osobach, p\u00f3\u017aniej zg\u0142osi\u0142a si\u0119 jeszcze czwarta \u2013 przekaza\u0142 \u201eFaktowi\u201d m\u0142. bryg. Adam Rybicki z PSP.<\/p>\n\n\n\n<p class=\"wp-block-paragraph\">Ostateczny bilans m\u00f3wi wi\u0119c o czterech osobach hospitalizowanych po wypadku. Z informacji przekazanych przez stra\u017c po\u017carn\u0105 wynika, \u017ce poszkodowani skar\u017cyli si\u0119 przede wszystkim na b\u00f3le plec\u00f3w oraz g\u0142owy.<\/p>\n\n\n\n<p class=\"wp-block-paragraph\">Jedna z tych os\u00f3b zosta\u0142a zabrana do szpitala \u015bmig\u0142owcem Lotniczego Pogotowia Ratunkowego. Stra\u017c po\u017carna nie mia\u0142a jednak informacji pozwalaj\u0105cych okre\u015bli\u0107 charakter obra\u017ce\u0144 tej osoby. W przekazanych ustaleniach nie podano r\u00f3wnie\u017c dodatkowych szczeg\u00f3\u0142\u00f3w dotycz\u0105cych stanu pozosta\u0142ych poszkodowanych.<\/p>\n\n\n\n<p class=\"wp-block-paragraph\">Zobacz tak\u017ce: Ci\u0105g dalszy roz\u0142amu w PiS. Tyle otrzyma ka\u017cda z partii, pad\u0142a kwota<\/p>\n\n\n\n<p class=\"wp-block-paragraph\">Paw\u0142owo ko\u0142o Olsztynka. Autobus przewr\u00f3ci\u0142 si\u0119 na bok<br>Do wypadku dosz\u0142o na drodze serwisowej w rejonie Paw\u0142owa pod Olsztynkiem. Adam Rybicki zaznaczy\u0142, \u017ce zdarzenie nie mia\u0142o miejsca bezpo\u015brednio na drodze krajowej nr 7. Chodzi\u0142o o lokaln\u0105 tras\u0119 przebiegaj\u0105c\u0105 obok tej drogi.<\/p>\n\n\n\n<p class=\"wp-block-paragraph\">Autobus by\u0142 wykorzystywany do przewozu pracownik\u00f3w firmy FIEGE do miejsca pracy. Wed\u0142ug informacji przekazanych s\u0142u\u017cbom wszystkimi pasa\u017cerami by\u0142y osoby doros\u0142e.<\/p>\n\n\n\n<p class=\"wp-block-paragraph\">Pojazd po zdarzeniu znalaz\u0142 si\u0119 na boku. Z relacji stra\u017cy wynika jednocze\u015bnie, \u017ce autobus nie dachowa\u0142 i nie wykonywa\u0142 obrot\u00f3w. Ta informacja pozwala dok\u0142adniej okre\u015bli\u0107 przebieg zdarzenia bez przypisywania mu okoliczno\u015bci, kt\u00f3rych s\u0142u\u017cby nie potwierdzi\u0142y.<\/p>\n\n\n\n<p class=\"wp-block-paragraph\">Na miejsce skierowano kilka s\u0142u\u017cb ratunkowych. Pracowali tam stra\u017cacy i zespo\u0142y ratownictwa medycznego. W dzia\u0142aniach uczestniczy\u0142 r\u00f3wnie\u017c \u015bmig\u0142owiec Lotniczego Pogotowia Ratunkowego, kt\u00f3ry przetransportowa\u0142 jedn\u0105 z czterech hospitalizowanych os\u00f3b.<\/p>\n\n\n\n<p class=\"wp-block-paragraph\">Czytaj te\u017c: Jest komunikat prokuratury ws. Piesiewicza. Decyzja odno\u015bnie nast\u0119pnych krok\u00f3w zapad\u0142a<br><\/p>\n\n\n\n<p class=\"wp-block-paragraph\">Wst\u0119pne ustalenia po wypadku. Pojawi\u0142 si\u0119 w\u0105tek samochodu osobowego<br>W trakcie dzia\u0142a\u0144 na miejscu pojawi\u0142a si\u0119 tak\u017ce informacja o samochodzie osobowym. Wed\u0142ug wst\u0119pnych ustale\u0144 mog\u0142o doj\u015b\u0107 do kontaktu autobusu z tym pojazdem. Na podstawie przekazanych informacji nie wskazano jednak dok\u0142adnego przebiegu tej sytuacji ani tego, w jaki spos\u00f3b mog\u0142a ona wp\u0142yn\u0105\u0107 na p\u00f3\u017aniejsze przewr\u00f3cenie si\u0119 autobusu.<br><\/p>\n\n\n\n<p class=\"wp-block-paragraph\">S\u0142u\u017cby koncentrowa\u0142y si\u0119 przede wszystkim na pomocy osobom podr\u00f3\u017cuj\u0105cym autobusem i ocenie ich stanu. Pocz\u0105tkowa liczba trzech os\u00f3b wymagaj\u0105cych hospitalizacji zosta\u0142a zwi\u0119kszona do czterech dopiero po tym, jak kolejny uczestnik zdarzenia zg\u0142osi\u0142 dolegliwo\u015bci.<\/p>\n\n\n\n<p class=\"wp-block-paragraph\">Najpowa\u017cniejszym potwierdzonym nast\u0119pstwem wypadku by\u0142a konieczno\u015b\u0107 przewiezienia czterech os\u00f3b do szpitala. Jedna z nich zosta\u0142a przetransportowana drog\u0105 lotnicz\u0105. Jednocze\u015bnie wszystkie 26 os\u00f3b podr\u00f3\u017cuj\u0105cych autobusem opu\u015bci\u0142o pojazd samodzielnie.<\/p>\n\n\n\n<p class=\"wp-block-paragraph\">W przekazanych informacjach nie okre\u015blono charakteru obra\u017ce\u0144 osoby zabranej \u015bmig\u0142owcem LPR. Nie podano tak\u017ce dok\u0142adniejszych danych o przyczynach zdarzenia. Wst\u0119pnie wiadomo jedynie o mo\u017cliwym kontakcie autobusu z samochodem osobowym oraz o tym, \u017ce autobus po wypadku przewr\u00f3ci\u0142 si\u0119 na bok.<br><\/p>\n","protected":false},"excerpt":{"rendered":"W rejonie Paw\u0142owa pod Olsztynkiem dosz\u0142o do wypadku autobusu przewo\u017c\u0105cego pracownik\u00f3w firmy FIEGE. Pojazdem jecha\u0142o 26 os\u00f3b. Cztery osoby trafi\u0142y do szpitala. W \n<a class=\"moretag\" href=\"https:\/\/lifevery.biz.ua\/?p=21633\"> [...]<\/a>","protected":false},"author":1,"featured_media":21635,"comment_status":"open","ping_status":"open","sticky":false,"template":"","format":"standard","meta":{"footnotes":""},"categories":[1],"tags":[],"class_list":["post-21633","post","type-post","status-publish","format-standard","has-post-thumbnail","hentry","category-blog"],"_links":{"self":[{"href":"https:\/\/lifevery.biz.ua\/index.php?rest_route=\/wp\/v2\/posts\/21633","targetHints":{"allow":["GET"]}}],"collection":[{"href":"https:\/\/lifevery.biz.ua\/index.php?rest_route=\/wp\/v2\/posts"}],"about":[{"href":"https:\/\/lifevery.biz.ua\/index.php?rest_route=\/wp\/v2\/types\/post"}],"author":[{"embeddable":true,"href":"https:\/\/lifevery.biz.ua\/index.php?rest_route=\/wp\/v2\/users\/1"}],"replies":[{"embeddable":true,"href":"https:\/\/lifevery.biz.ua\/index.php?rest_route=%2Fwp%2Fv2%2Fcomments&post=21633"}],"version-history":[{"count":1,"href":"https:\/\/lifevery.biz.ua\/index.php?rest_route=\/wp\/v2\/posts\/21633\/revisions"}],"predecessor-version":[{"id":21636,"href":"https:\/\/lifevery.biz.ua\/index.php?rest_route=\/wp\/v2\/posts\/21633\/revisions\/21636"}],"wp:featuredmedia":[{"embeddable":true,"href":"https:\/\/lifevery.biz.ua\/index.php?rest_route=\/wp\/v2\/media\/21635"}],"wp:attachment":[{"href":"https:\/\/lifevery.biz.ua\/index.php?rest_route=%2Fwp%2Fv2%2Fmedia&parent=21633"}],"wp:term":[{"taxonomy":"category","embeddable":true,"href":"https:\/\/lifevery.biz.ua\/index.php?rest_route=%2Fwp%2Fv2%2Fcategories&post=21633"},{"taxonomy":"post_tag","embeddable":true,"href":"https:\/\/lifevery.biz.ua\/index.php?rest_route=%2Fwp%2Fv2%2Ftags&post=21633"}],"curies":[{"name":"wp","href":"https:\/\/api.w.org\/{rel}","templated":true}]}}