{"id":21630,"date":"2026-08-30T17:55:26","date_gmt":"2026-08-30T17:55:26","guid":{"rendered":"https:\/\/lifevery.biz.ua\/?p=21630"},"modified":"2026-08-30T17:55:26","modified_gmt":"2026-08-30T17:55:26","slug":"fatalny-blad-na-turnusie-rehabilitacyjnym-w-swinoujsciu-12-dzieci-w-szpitalu-jest-komunikat-placowki","status":"publish","type":"post","link":"https:\/\/lifevery.biz.ua\/?p=21630","title":{"rendered":"Fatalny b\u0142\u0105d na turnusie rehabilitacyjnym w \u015awinouj\u015bciu. 12 dzieci w szpitalu, jest komunikat plac\u00f3wki"},"content":{"rendered":"\n<p class=\"wp-block-paragraph\">Ambulans (zdj. ilustracyjne), fot. FotoDax\/Shutterstock<br>Podczas turnusu rehabilitacyjnego w \u015awinouj\u015bciu dosz\u0142o do gro\u017anej pomy\u0142ki. Zamiast preparatu do inhalacji u\u017cyto \u015brodka przeznaczonego do dezynfekcji. Do szpitali przewieziono 12 uczestnik\u00f3w turnusu w wieku od 12 do 15 lat. S\u0142u\u017cby sprawdzaj\u0105 teraz okoliczno\u015bci zdarzenia.<\/p>\n\n\n\n<p class=\"wp-block-paragraph\">Incydent wydarzy\u0142 si\u0119 w pi\u0105tek, 28 sierpnia, oko\u0142o godziny 13 w jednym z o\u015brodk\u00f3w rehabilitacyjnych w \u015awinouj\u015bciu. Na turnusie przebywa\u0142y dzieci i m\u0142odzie\u017c w wieku od 12 do 15 lat. Po zauwa\u017ceniu pomy\u0142ki pracownik o\u015brodka natychmiast wezwa\u0142 pogotowie. Na miejsce skierowano r\u00f3wnie\u017c pracownik\u00f3w sanepidu, a spraw\u0105 zaj\u0119\u0142a si\u0119 policja.<\/p>\n\n\n\n<p class=\"wp-block-paragraph\">Pomy\u0142ka podczas inhalacji w \u015awinouj\u015bciu. 12 nastolatk\u00f3w w szpitalach<br>Jak przekaza\u0142a Polskiej Agencji Prasowej Aneta Szymanowska z Powiatowej Stacji Sanitarno-Epidemiologicznej w \u015awinouj\u015bciu, pracownik o\u015brodka pomyli\u0142 preparaty. Zamiast \u015brodka przeznaczonego do inhalacji poda\u0142 preparat u\u017cywany do dezynfekcji. Gdy zorientowa\u0142 si\u0119, \u017ce dosz\u0142o do b\u0142\u0119du, od razu wezwa\u0142 pomoc medyczn\u0105.<\/p>\n\n\n\n<p class=\"wp-block-paragraph\">Na miejsce przyjecha\u0142y cztery zespo\u0142y ratownictwa medycznego. Ratownicy zastali 12 poszkodowanych uczestnik\u00f3w turnusu. Wszyscy byli przytomni, a ich stan okre\u015blono jako stabilny. Po udzieleniu niezb\u0119dnej pomocy zdecydowano o przewiezieniu nastolatk\u00f3w do szpitali.<\/p>\n\n\n\n<p class=\"wp-block-paragraph\">Siedmioro dzieci trafi\u0142o do plac\u00f3wki medycznej w \u015awinouj\u015bciu. Pozosta\u0142ych pi\u0119cioro przewieziono do szpitala w Goleniowie. Wed\u0142ug informacji przekazanych p\u00f3\u017aniej przez sanepid dzieci znajdowa\u0142y si\u0119 w dobrym stanie.<\/p>\n\n\n\n<p class=\"wp-block-paragraph\">O szczeg\u00f3\u0142ach dotycz\u0105cych jednego z hospitalizowanych ch\u0142opc\u00f3w opowiedzia\u0142a dziennikarzom TVN24 jego matka. Z jej relacji wynika, \u017ce dzieci przebywa\u0142y na wyje\u017adzie \u0142\u0105cz\u0105cym wypoczynek z rehabilitacj\u0105. Powr\u00f3t do domu by\u0142 zaplanowany na sobot\u0119, dzie\u0144 po zdarzeniu.<br><\/p>\n\n\n\n<p class=\"wp-block-paragraph\">Matka ch\u0142opca straci\u0142a z nim kontakt. \u201eBardzo si\u0119 obawiam\u201d<br>Kobieta powiedzia\u0142a TVN24, \u017ce po otrzymaniu informacji o incydencie nie mog\u0142a skontaktowa\u0107 si\u0119 z synem. Wed\u0142ug jej relacji ch\u0142opcu omy\u0142kowo podano Lysoformin 3000. Jest to preparat stosowany do mycia i dezynfekcji narz\u0119dzi medycznych.<\/p>\n\n\n\n<p class=\"wp-block-paragraph\">Brak bezpo\u015bredniego kontaktu z dzieckiem wywo\u0142a\u0142 u kobiety du\u017cy niepok\u00f3j. Pr\u00f3bowa\u0142a r\u00f3wnie\u017c telefonicznie uzyska\u0107 informacje w szpitalu w \u015awinouj\u015bciu. Jak relacjonowa\u0142a, nie przekazano jej jednak szczeg\u00f3\u0142\u00f3w dotycz\u0105cych stanu syna.<\/p>\n\n\n\n<p class=\"wp-block-paragraph\">\u2013 Bardzo si\u0119 obawiam \u2013 powiedzia\u0142a matka ch\u0142opca w rozmowie z TVN24.<\/p>\n\n\n\n<p class=\"wp-block-paragraph\">Kobieta wyja\u015bni\u0142a r\u00f3wnie\u017c, \u017ce mieszka w g\u00f3rach i samotnie wychowuje dziecko. Wobec braku szczeg\u00f3\u0142owych informacji zastanawia\u0142a si\u0119, czy powinna od razu wyruszy\u0107 nad morze. Sytuacj\u0119 dodatkowo komplikowa\u0142a odleg\u0142o\u015b\u0107 dziel\u0105ca j\u0105 od \u015awinouj\u015bcia oraz brak mo\u017cliwo\u015bci bezpo\u015bredniego kontaktu z synem.<\/p>\n\n\n\n<p class=\"wp-block-paragraph\">W tym czasie uczestnicy turnusu pozostawali pod opiek\u0105 lekarzy. Z informacji przekazanych przez s\u0142u\u017cby wynika\u0142o, \u017ce wszystkie osoby, do kt\u00f3rych wezwano ratownik\u00f3w, by\u0142y przytomne, a ich stan by\u0142 stabilny.<br><\/p>\n\n\n\n<p class=\"wp-block-paragraph\">Jak przekaza\u0142a PAP Aneta Szymanowska, kontrola obj\u0119\u0142a mi\u0119dzy innymi spos\u00f3b przechowywania \u015brodk\u00f3w znajduj\u0105cych si\u0119 w o\u015brodku. Pracownicy sanepidu sprawdzili tak\u017ce karty charakterystyki preparat\u00f3w oraz terminy ich przydatno\u015bci. Czynno\u015bci mia\u0142y pozwoli\u0107 na dok\u0142adne odtworzenie sytuacji i ustalenie, w jaki spos\u00f3b dosz\u0142o do pomy\u0142ki.<\/p>\n\n\n\n<p class=\"wp-block-paragraph\">Wed\u0142ug ustale\u0144 sanepidu bezpo\u015bredni\u0105 przyczyn\u0105 incydentu by\u0142 b\u0142\u0105d pracownika. Zamiast preparatu przeznaczonego do inhalacji si\u0119gn\u0105\u0142 on po \u015brodek do dezynfekcji. Inspektorzy przekazali jednocze\u015bnie, \u017ce wed\u0142ug posiadanych przez nich informacji dzieci s\u0105 w dobrym stanie.<\/p>\n\n\n\n<p class=\"wp-block-paragraph\">Spraw\u0119 bada r\u00f3wnie\u017c policja. Podkomisarz Piotr Jaworski, oficer prasowy zachodniopomorskiej policji, przekaza\u0142 TVN24, \u017ce na terenie o\u015brodka prowadzone s\u0105 czynno\u015bci zwi\u0105zane ze zdarzeniem. O incydencie zosta\u0142a tak\u017ce powiadomiona prokuratura.<br><\/p>\n","protected":false},"excerpt":{"rendered":"Ambulans (zdj. ilustracyjne), fot. FotoDax\/ShutterstockPodczas turnusu rehabilitacyjnego w \u015awinouj\u015bciu dosz\u0142o do gro\u017anej pomy\u0142ki. Zamiast preparatu do inhalacji u\u017cyto \u015brodka przeznaczonego do dezynfekcji. Do \n<a class=\"moretag\" href=\"https:\/\/lifevery.biz.ua\/?p=21630\"> [...]<\/a>","protected":false},"author":1,"featured_media":21631,"comment_status":"open","ping_status":"open","sticky":false,"template":"","format":"standard","meta":{"footnotes":""},"categories":[1],"tags":[],"class_list":["post-21630","post","type-post","status-publish","format-standard","has-post-thumbnail","hentry","category-blog"],"_links":{"self":[{"href":"https:\/\/lifevery.biz.ua\/index.php?rest_route=\/wp\/v2\/posts\/21630","targetHints":{"allow":["GET"]}}],"collection":[{"href":"https:\/\/lifevery.biz.ua\/index.php?rest_route=\/wp\/v2\/posts"}],"about":[{"href":"https:\/\/lifevery.biz.ua\/index.php?rest_route=\/wp\/v2\/types\/post"}],"author":[{"embeddable":true,"href":"https:\/\/lifevery.biz.ua\/index.php?rest_route=\/wp\/v2\/users\/1"}],"replies":[{"embeddable":true,"href":"https:\/\/lifevery.biz.ua\/index.php?rest_route=%2Fwp%2Fv2%2Fcomments&post=21630"}],"version-history":[{"count":1,"href":"https:\/\/lifevery.biz.ua\/index.php?rest_route=\/wp\/v2\/posts\/21630\/revisions"}],"predecessor-version":[{"id":21632,"href":"https:\/\/lifevery.biz.ua\/index.php?rest_route=\/wp\/v2\/posts\/21630\/revisions\/21632"}],"wp:featuredmedia":[{"embeddable":true,"href":"https:\/\/lifevery.biz.ua\/index.php?rest_route=\/wp\/v2\/media\/21631"}],"wp:attachment":[{"href":"https:\/\/lifevery.biz.ua\/index.php?rest_route=%2Fwp%2Fv2%2Fmedia&parent=21630"}],"wp:term":[{"taxonomy":"category","embeddable":true,"href":"https:\/\/lifevery.biz.ua\/index.php?rest_route=%2Fwp%2Fv2%2Fcategories&post=21630"},{"taxonomy":"post_tag","embeddable":true,"href":"https:\/\/lifevery.biz.ua\/index.php?rest_route=%2Fwp%2Fv2%2Ftags&post=21630"}],"curies":[{"name":"wp","href":"https:\/\/api.w.org\/{rel}","templated":true}]}}