{"id":21620,"date":"2026-08-30T17:32:20","date_gmt":"2026-08-30T17:32:20","guid":{"rendered":"https:\/\/lifevery.biz.ua\/?p=21620"},"modified":"2026-08-30T17:32:20","modified_gmt":"2026-08-30T17:32:20","slug":"konferencja-karola-nawrockiego-w-juracie-przerwana-uczestniczka-nagle-zaslabla","status":"publish","type":"post","link":"https:\/\/lifevery.biz.ua\/?p=21620","title":{"rendered":"Konferencja Karola Nawrockiego w Juracie przerwana. Uczestniczka nagle zas\u0142ab\u0142a"},"content":{"rendered":"\n<p class=\"wp-block-paragraph\">Konferencja Karola Nawrockiego w Juracie przerwana. Uczestniczka nagle zas\u0142ab\u0142a<\/p>\n\n\n\n<p class=\"wp-block-paragraph\">Ambulans (zdj. ilustracyjne), fot. Adam bartosik\/Shutterstock<br>W Juracie dosz\u0142o do niepokoj\u0105cego zdarzenia podczas spotkania prezydenta Karola Nawrockiego z m\u0142odzie\u017c\u0105. Jedna z uczestniczek nagle zas\u0142ab\u0142a i straci\u0142a przytomno\u015b\u0107. Konferencja z udzia\u0142em prezydenta zosta\u0142a przerwana. Reakcj\u0119 Karola Nawrockiego opisa\u0142 obecny na miejscu reporter \u201eFaktu\u201d.<\/p>\n\n\n\n<p class=\"wp-block-paragraph\">29 sierpnia w Juracie rozpocz\u0119\u0142o si\u0119 dwudniowe spotkanie pod has\u0142em \u201ePrzysz\u0142o\u015b\u0107.pl\u201d. W wydarzeniu z udzia\u0142em prezydenta Karola Nawrockiego uczestnicz\u0105 osoby w wieku od 18 do 26 lat. Po oficjalnym przem\u00f3wieniu g\u0142owa pa\u0144stwa spotka\u0142a si\u0119 z przedstawicielami medi\u00f3w. W\u0142a\u015bnie podczas tej cz\u0119\u015bci wydarzenia jedna z m\u0142odych uczestniczek potrzebowa\u0142a nag\u0142ej pomocy.<\/p>\n\n\n\n<p class=\"wp-block-paragraph\">Zas\u0142abni\u0119cie podczas spotkania Karola Nawrockiego w Juracie<br>Do zdarzenia dosz\u0142o w czasie konferencji z udzia\u0142em prezydenta. Jak relacjonuje reporter \u201eFaktu\u201d Mateusz Multan, m\u0142oda kobieta znajdowa\u0142a si\u0119 bezpo\u015brednio za Karolem Nawrockim. W pewnym momencie nagle straci\u0142a przytomno\u015b\u0107 i osun\u0119\u0142a si\u0119.<\/p>\n\n\n\n<p class=\"wp-block-paragraph\">Sytuacja od razu zwr\u00f3ci\u0142a uwag\u0119 os\u00f3b znajduj\u0105cych si\u0119 w pobli\u017cu. Prezydent tak\u017ce zareagowa\u0142 i ruszy\u0142 w stron\u0119 uczestniczki spotkania. Pomoc zosta\u0142a jednak podj\u0119ta przez obecnych na miejscu funkcjonariuszy S\u0142u\u017cby Ochrony Pa\u0144stwa oraz osoby w mundurach.<\/p>\n\n\n\n<p class=\"wp-block-paragraph\">Zdarzenie nast\u0105pi\u0142o ju\u017c po oficjalnym wyst\u0105pieniu Karola Nawrockiego. Konferencja by\u0142a kolejnym punktem rozpocz\u0119tego tego dnia spotkania \u201ePrzysz\u0142o\u015b\u0107.pl\u201d. Niespodziewane zas\u0142abni\u0119cie m\u0142odej kobiety spowodowa\u0142o przerwanie spotkania prezydenta z przedstawicielami medi\u00f3w.<br><\/p>\n\n\n\n<p class=\"wp-block-paragraph\">Karol Nawrocki ruszy\u0142 z pomoc\u0105. Zareagowali funkcjonariusze SOP<br>Przebieg wydarze\u0144 opisa\u0142 znajduj\u0105cy si\u0119 w Juracie reporter \u201eFaktu\u201d. Z jego relacji wynika, \u017ce prezydent chcia\u0142 zareagowa\u0107 bezpo\u015brednio po tym, gdy stoj\u0105ca za nim uczestniczka straci\u0142a przytomno\u015b\u0107.<\/p>\n\n\n\n<p class=\"wp-block-paragraph\">\u2013 Prezydent ruszy\u0142 z pomoc\u0105, ale zosta\u0142 uprzedzony przez funkcjonariuszy S\u0142u\u017cby Ochrony Pa\u0144stwa i ludzi w mundurach. Patrzy\u0142, czy wszystko jest z ni\u0105 w porz\u0105dku \u2013 relacjonuje Mateusz Multan, reporter \u201eFaktu\u201d.<\/p>\n\n\n\n<p class=\"wp-block-paragraph\">Na miejscu znajdowa\u0142 si\u0119 r\u00f3wnie\u017c zesp\u00f3\u0142 medyczny. To w\u0142a\u015bnie jego cz\u0142onkowie udzielili m\u0142odej kobiecie pomocy po zas\u0142abni\u0119ciu. W przekazanych informacjach nie podano dalszych szczeg\u00f3\u0142\u00f3w dotycz\u0105cych jej stanu zdrowia.<\/p>\n\n\n\n<p class=\"wp-block-paragraph\">Po zdarzeniu konferencja z udzia\u0142em Karola Nawrockiego zosta\u0142a przerwana. By\u0142a to bezpo\u015brednia konsekwencja sytuacji, do kt\u00f3rej dosz\u0142o podczas spotkania z mediami.<\/p>\n\n\n\n<p class=\"wp-block-paragraph\">Czytaj te\u017c: Skolim wyst\u0105pi\u0142 na koncercie prezydenta w Juracie. Tak zachowywa\u0142 si\u0119 na scenie<br><\/p>\n\n\n\n<p class=\"wp-block-paragraph\">Spotkanie \u201ePrzysz\u0142o\u015b\u0107.pl\u201d w Juracie rozpocz\u0119\u0142o si\u0119 29 sierpnia<br>Zas\u0142abni\u0119cie uczestniczki mia\u0142o miejsce pierwszego dnia dwudniowego wydarzenia organizowanego w Juracie. Spotkanie rozpocz\u0119\u0142o si\u0119 29 sierpnia i odbywa si\u0119 pod has\u0142em \u201ePrzysz\u0142o\u015b\u0107.pl\u201d. Jest skierowane do m\u0142odych os\u00f3b w wieku od 18 do 26 lat.<br><\/p>\n\n\n\n<p class=\"wp-block-paragraph\">Karol Nawrocki najpierw wyg\u0142osi\u0142 oficjalne przem\u00f3wienie. Nast\u0119pnie prezydent spotka\u0142 si\u0119 z przedstawicielami medi\u00f3w. To w\u0142a\u015bnie podczas tej cz\u0119\u015bci programu, gdy za g\u0142ow\u0105 pa\u0144stwa znajdowali si\u0119 uczestnicy wydarzenia, dosz\u0142o do nag\u0142ego zas\u0142abni\u0119cia m\u0142odej kobiety.<\/p>\n\n\n\n<p class=\"wp-block-paragraph\">Na zdarzenie szybko zareagowa\u0142y osoby znajduj\u0105ce si\u0119 najbli\u017cej uczestniczki. Funkcjonariusze S\u0142u\u017cby Ochrony Pa\u0144stwa i osoby w mundurach uprzedzi\u0142y prezydenta, kt\u00f3ry r\u00f3wnie\u017c ruszy\u0142 w jej stron\u0119. Pomoc medyczn\u0105 zapewni\u0142 obecny na miejscu zesp\u00f3\u0142, a konferencj\u0119 przerwano.<br><\/p>\n","protected":false},"excerpt":{"rendered":"Konferencja Karola Nawrockiego w Juracie przerwana. Uczestniczka nagle zas\u0142ab\u0142a Ambulans (zdj. ilustracyjne), fot. Adam bartosik\/ShutterstockW Juracie dosz\u0142o do niepokoj\u0105cego zdarzenia podczas spotkania prezydenta \n<a class=\"moretag\" href=\"https:\/\/lifevery.biz.ua\/?p=21620\"> [...]<\/a>","protected":false},"author":1,"featured_media":21621,"comment_status":"open","ping_status":"open","sticky":false,"template":"","format":"standard","meta":{"footnotes":""},"categories":[1],"tags":[],"class_list":["post-21620","post","type-post","status-publish","format-standard","has-post-thumbnail","hentry","category-blog"],"_links":{"self":[{"href":"https:\/\/lifevery.biz.ua\/index.php?rest_route=\/wp\/v2\/posts\/21620","targetHints":{"allow":["GET"]}}],"collection":[{"href":"https:\/\/lifevery.biz.ua\/index.php?rest_route=\/wp\/v2\/posts"}],"about":[{"href":"https:\/\/lifevery.biz.ua\/index.php?rest_route=\/wp\/v2\/types\/post"}],"author":[{"embeddable":true,"href":"https:\/\/lifevery.biz.ua\/index.php?rest_route=\/wp\/v2\/users\/1"}],"replies":[{"embeddable":true,"href":"https:\/\/lifevery.biz.ua\/index.php?rest_route=%2Fwp%2Fv2%2Fcomments&post=21620"}],"version-history":[{"count":1,"href":"https:\/\/lifevery.biz.ua\/index.php?rest_route=\/wp\/v2\/posts\/21620\/revisions"}],"predecessor-version":[{"id":21622,"href":"https:\/\/lifevery.biz.ua\/index.php?rest_route=\/wp\/v2\/posts\/21620\/revisions\/21622"}],"wp:featuredmedia":[{"embeddable":true,"href":"https:\/\/lifevery.biz.ua\/index.php?rest_route=\/wp\/v2\/media\/21621"}],"wp:attachment":[{"href":"https:\/\/lifevery.biz.ua\/index.php?rest_route=%2Fwp%2Fv2%2Fmedia&parent=21620"}],"wp:term":[{"taxonomy":"category","embeddable":true,"href":"https:\/\/lifevery.biz.ua\/index.php?rest_route=%2Fwp%2Fv2%2Fcategories&post=21620"},{"taxonomy":"post_tag","embeddable":true,"href":"https:\/\/lifevery.biz.ua\/index.php?rest_route=%2Fwp%2Fv2%2Ftags&post=21620"}],"curies":[{"name":"wp","href":"https:\/\/api.w.org\/{rel}","templated":true}]}}