{"id":21614,"date":"2026-08-30T17:27:54","date_gmt":"2026-08-30T17:27:54","guid":{"rendered":"https:\/\/lifevery.biz.ua\/?p=21614"},"modified":"2026-08-30T17:27:54","modified_gmt":"2026-08-30T17:27:54","slug":"smiertelny-wypadek-na-lubelszczyznie-nie-zyje-17-latek-sa-ranni-tragiczne-ustalenia-sluzb","status":"publish","type":"post","link":"https:\/\/lifevery.biz.ua\/?p=21614","title":{"rendered":"\u015amiertelny wypadek na Lubelszczy\u017anie. Nie \u017cyje 17-latek, s\u0105 ranni, tragiczne ustalenia s\u0142u\u017cb"},"content":{"rendered":"\n<p class=\"wp-block-paragraph\">Fot. Policja Lubelska \/ Facebook<br>Do fatalnego wypadku dosz\u0142o w ostatni weekend wakacji na jednej z polskich tras. S\u0142u\u017cby przekaza\u0142y, \u017ce w wyniku zderzenia trzech samochod\u00f3w osobowych zgin\u0105\u0142 17-letni ch\u0142opak, a kilka os\u00f3b zosta\u0142o powa\u017cnie rannych. Mundurowi zajmuj\u0105cy si\u0119 spraw\u0105 ujawnili nowe fakty, kt\u00f3re \u015bwiadcz\u0105 o tym, \u017ce tym razem o tragedii przes\u0105dzi\u0142 fatalny b\u0142\u0105d jednego z kieruj\u0105cych.<\/p>\n\n\n\n<p class=\"wp-block-paragraph\">Niestety, lecz pomimo szybkiej interwencji s\u0142u\u017cb ratunkowych, \u017cycia 17-letniego pasa\u017cera Renault nie uda\u0142o si\u0119 uratowa\u0107. Na miejscu bardzo szybko zaroi\u0142o si\u0119 od s\u0142u\u017cb ratunkowych.<\/p>\n\n\n\n<p class=\"wp-block-paragraph\">Tragedia w ostatni weekend wakacji. Nie \u017cyje 17-latek<br>Do fatalnego wypadku dosz\u0142o w nocy z pi\u0105tku na sobot\u0119 29 sierpnia tu\u017c przed godzin\u0105 1:00 w nocy. S\u0142u\u017cby ratunkowe otrzyma\u0142y niepokoj\u0105ce zg\u0142oszenie, \u017ce w miejscowo\u015bci W\u00f3lka Biska w powiecie bi\u0142gorajskim (woj. lubelskie) zderzy\u0142y si\u0119 a\u017c trzy samochody osobowe.&nbsp;<\/p>\n\n\n\n<p class=\"wp-block-paragraph\">Wed\u0142ug wst\u0119pnych ustale\u0144 funkcjonariuszy kieruj\u0105cy Renault podczas pokonywania \u0142uku drogi niespodziewanie zjecha\u0142 na przeciwny pas ruchu.<\/p>\n\n\n\n<p class=\"wp-block-paragraph\">Niestety, ale w wyniku zdarzenia, \u017cycie straci\u0142 17-letni ch\u0142opak, a cztery osoby trafi\u0142y do plac\u00f3wek medycznych.<\/p>\n\n\n\n<p class=\"wp-block-paragraph\">Tragedia pod Bi\u0142gorajem. Co si\u0119 sta\u0142o?<br>Tu\u017c po zjechaniu na przeciwleg\u0142y pas ruchu, auto marki Renault otar\u0142o si\u0119 o bok BMW, kt\u00f3rym kierowa\u0142 20-latek, a nast\u0119pnie zderzy\u0142o si\u0119 czo\u0142owo z drugim BMW prowadzonym przez 24-latka. Si\u0142a zderzenia by\u0142a tak du\u017ca, \u017ce osob\u00f3wka wypad\u0142a z drogi i dachowa\u0142a w przydro\u017cnym rowie.<\/p>\n\n\n\n<p class=\"wp-block-paragraph\">W samochodzie znajdowa\u0142o si\u0119 kilka m\u0142odych os\u00f3b. Na miejscu rozpocz\u0119\u0142a si\u0119 dramatyczna walka o \u017cycie jednego z pasa\u017cer\u00f3w. Niestety, ale ratownicy byli bezsilni i nie byli w stanie uratowa\u0107 \u017cycia 17-letniego pasa\u017cera.<br><\/p>\n","protected":false},"excerpt":{"rendered":"Fot. Policja Lubelska \/ FacebookDo fatalnego wypadku dosz\u0142o w ostatni weekend wakacji na jednej z polskich tras. S\u0142u\u017cby przekaza\u0142y, \u017ce w wyniku zderzenia \n<a class=\"moretag\" href=\"https:\/\/lifevery.biz.ua\/?p=21614\"> [...]<\/a>","protected":false},"author":1,"featured_media":21615,"comment_status":"open","ping_status":"open","sticky":false,"template":"","format":"standard","meta":{"footnotes":""},"categories":[1],"tags":[],"class_list":["post-21614","post","type-post","status-publish","format-standard","has-post-thumbnail","hentry","category-blog"],"_links":{"self":[{"href":"https:\/\/lifevery.biz.ua\/index.php?rest_route=\/wp\/v2\/posts\/21614","targetHints":{"allow":["GET"]}}],"collection":[{"href":"https:\/\/lifevery.biz.ua\/index.php?rest_route=\/wp\/v2\/posts"}],"about":[{"href":"https:\/\/lifevery.biz.ua\/index.php?rest_route=\/wp\/v2\/types\/post"}],"author":[{"embeddable":true,"href":"https:\/\/lifevery.biz.ua\/index.php?rest_route=\/wp\/v2\/users\/1"}],"replies":[{"embeddable":true,"href":"https:\/\/lifevery.biz.ua\/index.php?rest_route=%2Fwp%2Fv2%2Fcomments&post=21614"}],"version-history":[{"count":1,"href":"https:\/\/lifevery.biz.ua\/index.php?rest_route=\/wp\/v2\/posts\/21614\/revisions"}],"predecessor-version":[{"id":21616,"href":"https:\/\/lifevery.biz.ua\/index.php?rest_route=\/wp\/v2\/posts\/21614\/revisions\/21616"}],"wp:featuredmedia":[{"embeddable":true,"href":"https:\/\/lifevery.biz.ua\/index.php?rest_route=\/wp\/v2\/media\/21615"}],"wp:attachment":[{"href":"https:\/\/lifevery.biz.ua\/index.php?rest_route=%2Fwp%2Fv2%2Fmedia&parent=21614"}],"wp:term":[{"taxonomy":"category","embeddable":true,"href":"https:\/\/lifevery.biz.ua\/index.php?rest_route=%2Fwp%2Fv2%2Fcategories&post=21614"},{"taxonomy":"post_tag","embeddable":true,"href":"https:\/\/lifevery.biz.ua\/index.php?rest_route=%2Fwp%2Fv2%2Ftags&post=21614"}],"curies":[{"name":"wp","href":"https:\/\/api.w.org\/{rel}","templated":true}]}}