{"id":21608,"date":"2026-08-30T17:24:44","date_gmt":"2026-08-30T17:24:44","guid":{"rendered":"https:\/\/lifevery.biz.ua\/?p=21608"},"modified":"2026-08-30T17:24:44","modified_gmt":"2026-08-30T17:24:44","slug":"zabojstwo-kobiety-w-kedzierzynie-kozlu-ujawniono-nowe-fakty-jest-apel-prokuratury","status":"publish","type":"post","link":"https:\/\/lifevery.biz.ua\/?p=21608","title":{"rendered":"Zab\u00f3jstwo kobiety w K\u0119dzierzynie-Ko\u017alu. Ujawniono nowe fakty, jest apel prokuratury"},"content":{"rendered":"\n<p class=\"wp-block-paragraph\">zdj\u0119cie pogl\u0105dowe (fot. FotoDax\/shutterstock)<br>W sprawie tragedii w K\u0119dzierzynie-Ko\u017alu pojawi\u0142y si\u0119 nowe informacje. W lesie znaleziono cia\u0142o 49-letniej kobiety. Przy zmaltretowanym ciele ca\u0142y czas czuwa\u0142 jej pies. Kobieta wysz\u0142a wcze\u015bniej na spacer w pobli\u017cu swojego domu. Jak informuje &#8220;Fakt\u201d, \u015bledczy nadal szukaj\u0105 sprawcy brutalnej zbrodni i apeluj\u0105 do os\u00f3b, kt\u00f3re mog\u0105 posiada\u0107 informacje na temat pi\u0105tkowych wydarze\u0144.<\/p>\n\n\n\n<p class=\"wp-block-paragraph\">Jak podaje &#8220;Fakt\u201d, w chwili odnalezienia cia\u0142a 49-latki przy kobiecie znajdowa\u0142 si\u0119 jej pies. To w\u0142a\u015bnie z czworonogiem mia\u0142a wcze\u015bniej wyj\u015b\u0107 na spacer. Zwierz\u0119 pozosta\u0142o przy swojej w\u0142a\u015bcicielce.<\/p>\n\n\n\n<p class=\"wp-block-paragraph\">Przypadkowy spacerowicz znalaz\u0142 cia\u0142o. Na miejscu pracowali \u015bledczy<br>W pi\u0105tek 28 sierpnia, oko\u0142o godziny 18.30, przypadkowy spacerowicz przebywaj\u0105cy w lesie przylegaj\u0105cym do osiedla \u017babieniec natkn\u0105\u0142 si\u0119 na cia\u0142o kobiety. Na miejsce natychmiast skierowano s\u0142u\u017cby. Od pocz\u0105tku czynno\u015bci wskazywa\u0142y na to, \u017ce nie by\u0142 to nieszcz\u0119\u015bliwy wypadek, lecz zbrodnia. Kobieta zosta\u0142a zamordowana, a sprawca nadal pozostaje nieustalony.<\/p>\n\n\n\n<p class=\"wp-block-paragraph\">Prace na miejscu zdarzenia trwa\u0142y do p\u00f3\u017anych godzin wieczornych. Nast\u0119pnie zosta\u0142y przerwane na noc, by wznowi\u0107 je w sobot\u0119 29 sierpnia nad ranem. W\u00f3wczas teren ponownie przeszukano, tym razem w \u015bwietle dziennym. \u015aledczy zabezpieczali miejsce, w kt\u00f3rym znaleziono cia\u0142o, i prowadzili czynno\u015bci maj\u0105ce pom\u00f3c w wyja\u015bnieniu okoliczno\u015bci \u015bmierci 49-latki.<\/p>\n\n\n\n<p class=\"wp-block-paragraph\">Cia\u0142o kobiety zosta\u0142o zabezpieczone i ma zosta\u0107 poddane sekcji zw\u0142ok. Wed\u0142ug informacji przekazanych &#8220;Faktowi\u201d przez prokuratur\u0119 badanie najprawdopodobniej odb\u0119dzie si\u0119 w poniedzia\u0142ek 31 sierpnia. Na tym etapie \u015bledczy nie przes\u0105dzaj\u0105, czy kobieta pad\u0142a ofiar\u0105 przypadkowego napastnika, czy te\u017c zosta\u0142a wcze\u015bniej wytypowana przez sprawc\u0119<br><\/p>\n\n\n\n<p class=\"wp-block-paragraph\">Co najmniej trzy rany na ciele kobiety. \u015aledczy m\u00f3wi\u0105 o rozleg\u0142ych obra\u017ceniach<br>Sekcja zw\u0142ok ma pom\u00f3c dok\u0142adniej ustali\u0107 przyczyn\u0119 \u015bmierci kobiety. Ju\u017c podczas ogl\u0119dzin cia\u0142a ujawniono jednak co najmniej trzy rany. Dwie znajdowa\u0142y si\u0119 w okolicy g\u0142owy i zosta\u0142y zadane twardym, t\u0119pym narz\u0119dziem. To w\u0142a\u015bnie te obra\u017cenia mia\u0142y by\u0107 najprawdopodobniej \u015bmiertelne. Trzecia rana znajdowa\u0142a si\u0119 w okolicy biodra i zosta\u0142a zadana ostrym narz\u0119dziem.<\/p>\n\n\n\n<p class=\"wp-block-paragraph\">Informacje o obra\u017ceniach ofiary przekaza\u0142 &#8220;Faktowi\u201d prok. Stanis\u0142aw Bar. Prokuratura nie potwierdzi\u0142a szczeg\u00f3\u0142\u00f3w takich relacji. Rzecznik opolskiej prokuratury ograniczy\u0142 si\u0119 do informacji o rozleg\u0142ych obra\u017ceniach.<\/p>\n\n\n\n<p class=\"wp-block-paragraph\">Ofiara mia\u0142a rozleg\u0142e obra\u017cenia, tylko tyle mog\u0119 powiedzie\u0107 \u2013 zaznaczy\u0142 prok. Stanis\u0142aw Bar w rozmowie z &#8220;Faktem\u201d.<\/p>\n\n\n\n<p class=\"wp-block-paragraph\">\u015aledczy bior\u0105 pod uwag\u0119, \u017ce jednym z przedmiot\u00f3w wykorzystanych podczas ataku m\u00f3g\u0142 by\u0107 m\u0142otek. Na obecnym etapie nie ma jednak informacji pozwalaj\u0105cych jednoznacznie wskaza\u0107 narz\u0119dzie, kt\u00f3rym pos\u0142u\u017cy\u0142 si\u0119 sprawca. Dok\u0142adne okoliczno\u015bci \u015bmierci 49-latki maj\u0105 zosta\u0107 ustalone w toku dalszego post\u0119powania oraz podczas zaplanowanej sekcji zw\u0142ok.<br>\u015aledczy apeluj\u0105 o pomoc. Wa\u017cne mog\u0105 by\u0107 nagrania z okolicy<br>Policja i prokuratura nadal poszukuj\u0105 osoby odpowiedzialnej za \u015bmier\u0107 49-latki. Szczeg\u00f3lnie istotne dla \u015bledztwa mog\u0105 okaza\u0107 si\u0119 informacje od os\u00f3b, kt\u00f3re w pi\u0105tkowy wiecz\u00f3r, 28 sierpnia, przebywa\u0142y w rejonie osiedla \u017babieniec oraz pobliskiego lasu. S\u0142u\u017cby zwracaj\u0105 si\u0119 do \u015bwiadk\u00f3w, kt\u00f3rzy mogli widzie\u0107 kobiet\u0119 podczas spaceru albo zauwa\u017cy\u0107 w okolicy osoby zachowuj\u0105ce si\u0119 podejrzanie.<br><\/p>\n","protected":false},"excerpt":{"rendered":"zdj\u0119cie pogl\u0105dowe (fot. FotoDax\/shutterstock)W sprawie tragedii w K\u0119dzierzynie-Ko\u017alu pojawi\u0142y si\u0119 nowe informacje. W lesie znaleziono cia\u0142o 49-letniej kobiety. Przy zmaltretowanym ciele ca\u0142y czas \n<a class=\"moretag\" href=\"https:\/\/lifevery.biz.ua\/?p=21608\"> [...]<\/a>","protected":false},"author":1,"featured_media":21609,"comment_status":"open","ping_status":"open","sticky":false,"template":"","format":"standard","meta":{"footnotes":""},"categories":[1],"tags":[],"class_list":["post-21608","post","type-post","status-publish","format-standard","has-post-thumbnail","hentry","category-blog"],"_links":{"self":[{"href":"https:\/\/lifevery.biz.ua\/index.php?rest_route=\/wp\/v2\/posts\/21608","targetHints":{"allow":["GET"]}}],"collection":[{"href":"https:\/\/lifevery.biz.ua\/index.php?rest_route=\/wp\/v2\/posts"}],"about":[{"href":"https:\/\/lifevery.biz.ua\/index.php?rest_route=\/wp\/v2\/types\/post"}],"author":[{"embeddable":true,"href":"https:\/\/lifevery.biz.ua\/index.php?rest_route=\/wp\/v2\/users\/1"}],"replies":[{"embeddable":true,"href":"https:\/\/lifevery.biz.ua\/index.php?rest_route=%2Fwp%2Fv2%2Fcomments&post=21608"}],"version-history":[{"count":1,"href":"https:\/\/lifevery.biz.ua\/index.php?rest_route=\/wp\/v2\/posts\/21608\/revisions"}],"predecessor-version":[{"id":21610,"href":"https:\/\/lifevery.biz.ua\/index.php?rest_route=\/wp\/v2\/posts\/21608\/revisions\/21610"}],"wp:featuredmedia":[{"embeddable":true,"href":"https:\/\/lifevery.biz.ua\/index.php?rest_route=\/wp\/v2\/media\/21609"}],"wp:attachment":[{"href":"https:\/\/lifevery.biz.ua\/index.php?rest_route=%2Fwp%2Fv2%2Fmedia&parent=21608"}],"wp:term":[{"taxonomy":"category","embeddable":true,"href":"https:\/\/lifevery.biz.ua\/index.php?rest_route=%2Fwp%2Fv2%2Fcategories&post=21608"},{"taxonomy":"post_tag","embeddable":true,"href":"https:\/\/lifevery.biz.ua\/index.php?rest_route=%2Fwp%2Fv2%2Ftags&post=21608"}],"curies":[{"name":"wp","href":"https:\/\/api.w.org\/{rel}","templated":true}]}}