{"id":21605,"date":"2026-08-30T17:21:13","date_gmt":"2026-08-30T17:21:13","guid":{"rendered":"https:\/\/lifevery.biz.ua\/?p=21605"},"modified":"2026-08-30T17:21:13","modified_gmt":"2026-08-30T17:21:13","slug":"awaryjne-ladowanie-w-turbi-trwa-akcja-sluzb-policja-wydala-komunikat","status":"publish","type":"post","link":"https:\/\/lifevery.biz.ua\/?p=21605","title":{"rendered":"Awaryjne l\u0105dowanie w Turbi. Trwa akcja s\u0142u\u017cb, policja wyda\u0142a komunikat"},"content":{"rendered":"\n<p class=\"wp-block-paragraph\">Stra\u017c po\u017carna (zdj. ilustracyjne), fot. fotoreporter_112\/Shutterstock<br>W niedziel\u0119 30 sierpnia w Turbi dosz\u0142o do awaryjnego l\u0105dowania samolotu szkoleniowego. Na miejscu pojawi\u0142y si\u0119 s\u0142u\u017cby ratownicze. W zdarzeniu nikt nie ucierpia\u0142. Okoliczno\u015bci awaryjnego l\u0105dowania nie s\u0105 jeszcze znane.<\/p>\n\n\n\n<p class=\"wp-block-paragraph\">Informacj\u0119 o zdarzeniu potwierdzi\u0142 zesp\u00f3\u0142 prasowy Komendy Wojew\u00f3dzkiej Policji w Rzeszowie. Do awaryjnego l\u0105dowania dosz\u0142o w niedziel\u0119 po po\u0142udniu. Na miejscu rozpocz\u0119\u0142y si\u0119 dzia\u0142ania stra\u017cak\u00f3w oraz ratownik\u00f3w medycznych. S\u0142u\u017cby na razie przekaza\u0142y jedynie podstawowe informacje dotycz\u0105ce zdarzenia.<\/p>\n\n\n\n<p class=\"wp-block-paragraph\">Awaryjne l\u0105dowanie samolotu szkoleniowego w Turbi<br>Do zdarzenia dosz\u0142o w niedziel\u0119 30 sierpnia w Turbi. Samolot szkoleniowy musia\u0142 awaryjnie l\u0105dowa\u0107, a po otrzymaniu informacji na miejsce skierowano s\u0142u\u017cby.<\/p>\n\n\n\n<p class=\"wp-block-paragraph\">Zdarzenie potwierdzi\u0142 redakcji Echo Dnia zesp\u00f3\u0142 prasowy Komendy Wojew\u00f3dzkiej Policji w Rzeszowie. Najwa\u017cniejsz\u0105 przekazan\u0105 dotychczas informacj\u0105 jest brak os\u00f3b poszkodowanych.<\/p>\n\n\n\n<p class=\"wp-block-paragraph\">\u2013 Potwierdzam, \u017ce faktycznie jest zdarzenie. To by\u0142o awaryjne l\u0105dowanie samolotu szkoleniowego. Na miejscu s\u0105 stra\u017cacy i za\u0142oga ratownictwa medycznego, prowadzone s\u0105 dzia\u0142ania \u2013 przekaza\u0142 redakcji Echo Dnia zesp\u00f3\u0142 prasowy KWP w Rzeszowie.<\/p>\n\n\n\n<p class=\"wp-block-paragraph\">Na tym etapie s\u0142u\u017cby nie przekaza\u0142y informacji wskazuj\u0105cych, aby ktokolwiek odni\u00f3s\u0142 obra\u017cenia. Dzia\u0142ania na miejscu nadal jednak trwaj\u0105.<\/p>\n\n\n\n<p class=\"wp-block-paragraph\">Stra\u017cacy i ratownicy pracuj\u0105 na miejscu zdarzenia<br>Po awaryjnym l\u0105dowaniu do Turbi skierowano stra\u017cak\u00f3w oraz za\u0142og\u0119 ratownictwa medycznego. S\u0142u\u017cby prowadz\u0105 dzia\u0142ania zwi\u0105zane ze zdarzeniem, jednak ich dok\u0142adny zakres nie zosta\u0142 jeszcze podany.<\/p>\n\n\n\n<p class=\"wp-block-paragraph\">Komenda Wojew\u00f3dzka Policji w Rzeszowie nie informuje na razie o szczeg\u00f3\u0142owym przebiegu awaryjnego l\u0105dowania. Nie s\u0105 r\u00f3wnie\u017c znane okoliczno\u015bci, kt\u00f3re doprowadzi\u0142y do konieczno\u015bci wykonania takiego manewru.<\/p>\n\n\n\n<p class=\"wp-block-paragraph\">Dotychczas potwierdzono jedynie, \u017ce zdarzenie dotyczy\u0142o samolotu szkoleniowego. Nie przekazano natomiast informacji dotycz\u0105cych konkretnego typu maszyny.<br><\/p>\n","protected":false},"excerpt":{"rendered":"Stra\u017c po\u017carna (zdj. ilustracyjne), fot. fotoreporter_112\/ShutterstockW niedziel\u0119 30 sierpnia w Turbi dosz\u0142o do awaryjnego l\u0105dowania samolotu szkoleniowego. Na miejscu pojawi\u0142y si\u0119 s\u0142u\u017cby ratownicze. \n<a class=\"moretag\" href=\"https:\/\/lifevery.biz.ua\/?p=21605\"> [...]<\/a>","protected":false},"author":1,"featured_media":21606,"comment_status":"open","ping_status":"open","sticky":false,"template":"","format":"standard","meta":{"footnotes":""},"categories":[1],"tags":[],"class_list":["post-21605","post","type-post","status-publish","format-standard","has-post-thumbnail","hentry","category-blog"],"_links":{"self":[{"href":"https:\/\/lifevery.biz.ua\/index.php?rest_route=\/wp\/v2\/posts\/21605","targetHints":{"allow":["GET"]}}],"collection":[{"href":"https:\/\/lifevery.biz.ua\/index.php?rest_route=\/wp\/v2\/posts"}],"about":[{"href":"https:\/\/lifevery.biz.ua\/index.php?rest_route=\/wp\/v2\/types\/post"}],"author":[{"embeddable":true,"href":"https:\/\/lifevery.biz.ua\/index.php?rest_route=\/wp\/v2\/users\/1"}],"replies":[{"embeddable":true,"href":"https:\/\/lifevery.biz.ua\/index.php?rest_route=%2Fwp%2Fv2%2Fcomments&post=21605"}],"version-history":[{"count":1,"href":"https:\/\/lifevery.biz.ua\/index.php?rest_route=\/wp\/v2\/posts\/21605\/revisions"}],"predecessor-version":[{"id":21607,"href":"https:\/\/lifevery.biz.ua\/index.php?rest_route=\/wp\/v2\/posts\/21605\/revisions\/21607"}],"wp:featuredmedia":[{"embeddable":true,"href":"https:\/\/lifevery.biz.ua\/index.php?rest_route=\/wp\/v2\/media\/21606"}],"wp:attachment":[{"href":"https:\/\/lifevery.biz.ua\/index.php?rest_route=%2Fwp%2Fv2%2Fmedia&parent=21605"}],"wp:term":[{"taxonomy":"category","embeddable":true,"href":"https:\/\/lifevery.biz.ua\/index.php?rest_route=%2Fwp%2Fv2%2Fcategories&post=21605"},{"taxonomy":"post_tag","embeddable":true,"href":"https:\/\/lifevery.biz.ua\/index.php?rest_route=%2Fwp%2Fv2%2Ftags&post=21605"}],"curies":[{"name":"wp","href":"https:\/\/api.w.org\/{rel}","templated":true}]}}