{"id":2141,"date":"2026-02-04T19:17:54","date_gmt":"2026-02-04T19:17:54","guid":{"rendered":"https:\/\/lifevery.biz.ua\/?p=2141"},"modified":"2026-02-04T19:17:54","modified_gmt":"2026-02-04T19:17:54","slug":"tragiczna-czolowka-dwoch-aut-ruch-na-drodze-natychmiast-sparalizowany-akcja-sluzb","status":"publish","type":"post","link":"https:\/\/lifevery.biz.ua\/?p=2141","title":{"rendered":"Tragiczna czo\u0142\u00f3wka dw\u00f3ch aut. Ruch na drodze natychmiast sparali\u017cowany. Akcja s\u0142u\u017cb"},"content":{"rendered":"\n<p>Czwartkowy wiecz\u00f3r w jednej z miejscowo\u015bci pod P\u0142ockiem zako\u0144czy\u0142 si\u0119 dramatem, kt\u00f3ry na d\u0142ugo pozostanie w pami\u0119ci lokalnych mieszka\u0144c\u00f3w. Z pozoru zwyk\u0142a trasa w godzinach szczytu nagle zamieni\u0142a si\u0119 w miejsce walki o \u017cycie. S\u0142u\u017cby przez wiele godzin pracowa\u0142y na miejscu, a skutki zdarzenia okaza\u0142y si\u0119 tragiczne.<\/p>\n\n\n\n<p>Czo\u0142owe zderzenie dw\u00f3ch aut w Starym Boryszewie pod P\u0142ockiem<br>\u015amiertelny wypadek ko\u0142o P\u0142ocka. 33-letni kierowca nie \u017cyje<br>Tragiczny wypadek pod P\u0142ockiem. Policja i prokuratura badaj\u0105 okoliczno\u015bci<br>Czo\u0142owe zderzenie dw\u00f3ch aut w Starym Boryszewie pod P\u0142ockiem<br>Do gro\u017anego wypadku dosz\u0142o w czwartek, tu\u017c przed godzin\u0105 19, w miejscowo\u015bci Stare Boryszewo, po\u0142o\u017conej niedaleko P\u0142ocka. Na jednej z lokalnych dr\u00f3g dosz\u0142o do czo\u0142owego zderzenia dw\u00f3ch samochod\u00f3w osobowych. Zdarzenie mia\u0142o powa\u017cne konsekwencje dla kierowc\u00f3w poruszaj\u0105cych si\u0119 t\u0105 tras\u0105 \u2013 ruch w tej cz\u0119\u015bci regionu zosta\u0142 natychmiast sparali\u017cowany. Droga prowadz\u0105ca z P\u0142ocka w kierunku Staro\u017areb zosta\u0142a ca\u0142kowicie zamkni\u0119ta, co wymusi\u0142o wprowadzenie objazd\u00f3w i spowodowa\u0142o wielogodzinne utrudnienia komunikacyjne.<\/p>\n\n\n\n<p>Skala wypadku by\u0142a widoczna ju\u017c z du\u017cej odleg\u0142o\u015bci. Oba pojazdy uczestnicz\u0105ce w zderzeniu zosta\u0142y powa\u017cnie uszkodzone, co \u015bwiadczy\u0142o o du\u017cej sile uderzenia. W wyniku kolizji jedno z aut wpad\u0142o do przydro\u017cnego rowu, co dodatkowo utrudni\u0142o dzia\u0142ania na miejscu zdarzenia. Na miejsce szybko dotar\u0142y s\u0142u\u017cby ratunkowe, policja oraz stra\u017c po\u017carna. Ich zadaniem by\u0142o zabezpieczenie terenu, udzielenie pomocy oraz przeprowadzenie niezb\u0119dnych czynno\u015bci, kt\u00f3re pozwoli\u0142y na opanowanie sytuacji i wyja\u015bnienie okoliczno\u015bci wypadku.<br><\/p>\n\n\n\n<p>\u015amiertelny wypadek ko\u0142o P\u0142ocka. 33-letni kierowca nie \u017cyje<br>Jak poinformowa\u0142a TVN policja, w zdarzeniu uczestniczy\u0142o dw\u00f3ch kieruj\u0105cych. Do wypadku dosz\u0142o w wyniku czo\u0142owego zderzenia dw\u00f3ch samochod\u00f3w osobowych \u2013 porsche oraz forda. Szczeg\u00f3\u0142y dotycz\u0105ce przebiegu interwencji oraz stanu uczestnik\u00f3w przekaza\u0142a podkomisarz Monika Jakubowska z Komendy Miejskiej Policji w P\u0142ocku.<\/p>\n\n\n\n<p>\u2013 48-letni kieruj\u0105cy porsche zderzy\u0142 si\u0119 czo\u0142owo z 33-letnim kieruj\u0105cym fordem. Obydwaj kierowcy trafili do szpitala. Niestety \u017cycia 33-latka nie uda\u0142o si\u0119 uratowa\u0107. M\u0119\u017cczyzna zmar\u0142 w szpitalu \u2013 poinformowa\u0142a TVN podkomisarz Monika Jakubowska z Komendy Miejskiej Policji w P\u0142ocku.<\/p>\n\n\n\n<p>Obaj m\u0119\u017cczy\u017ani zostali przetransportowani do plac\u00f3wek medycznych bezpo\u015brednio po zdarzeniu. Mimo udzielonej pomocy lekarskiej, obra\u017cenia odniesione przez 33-letniego kierowc\u0119 okaza\u0142y si\u0119 zbyt powa\u017cne. Informacja o jego \u015bmierci potwierdzi\u0142a, \u017ce czwartkowy wypadek zako\u0144czy\u0142 si\u0119 najtragiczniejszym z mo\u017cliwych scenariuszy.<br><\/p>\n\n\n\n<p>Tragiczny wypadek pod P\u0142ockiem. Policja i prokuratura badaj\u0105 okoliczno\u015bci<br>Na miejscu zdarzenia przez d\u0142ugi czas pracowali funkcjonariusze policji, wykonuj\u0105c czynno\u015bci procesowe pod nadzorem prokuratora. Jak relacjonowa\u0142a podkomisarz Monika Jakubowska z p\u0142ockiej komendy, policjanci skupili si\u0119 na zabezpieczeniu wszelkich \u015blad\u00f3w oraz przygotowaniu szczeg\u00f3\u0142owej dokumentacji.<\/p>\n\n\n\n<p>\u2013 Na miejscu funkcjonariusze wykonali czynno\u015bci pod nadzorem prokuratora. Policjanci zabezpieczyli \u015blady oraz sporz\u0105dzili dokumentacje celem wyja\u015bnienia przyczyn i okoliczno\u015bci tragicznego wypadku \u2013 m\u00f3wi\u0142a podkomisarz Jakubowska.<\/p>\n\n\n\n<p>Ustalenie dok\u0142adnego przebiegu zdarzenia i tego, co doprowadzi\u0142o do czo\u0142owego zderzenia, b\u0119dzie teraz kluczowe dla \u015bledczych. Wiadomo natomiast, \u017ce droga pozostawa\u0142a zamkni\u0119ta przez kilka godzin, co pokazuje, jak powa\u017cne konsekwencje mia\u0142 ten wypadek \u2013 zar\u00f3wno dla uczestnik\u00f3w, jak i dla wszystkich, kt\u00f3rzy znale\u017ali si\u0119 w\u00f3wczas na tej trasie.<br><\/p>\n","protected":false},"excerpt":{"rendered":"Czwartkowy wiecz\u00f3r w jednej z miejscowo\u015bci pod P\u0142ockiem zako\u0144czy\u0142 si\u0119 dramatem, kt\u00f3ry na d\u0142ugo pozostanie w pami\u0119ci lokalnych mieszka\u0144c\u00f3w. Z pozoru zwyk\u0142a trasa \n<a class=\"moretag\" href=\"https:\/\/lifevery.biz.ua\/?p=2141\"> [...]<\/a>","protected":false},"author":1,"featured_media":2142,"comment_status":"open","ping_status":"open","sticky":false,"template":"","format":"standard","meta":{"footnotes":""},"categories":[1],"tags":[],"class_list":["post-2141","post","type-post","status-publish","format-standard","has-post-thumbnail","hentry","category-blog"],"_links":{"self":[{"href":"https:\/\/lifevery.biz.ua\/index.php?rest_route=\/wp\/v2\/posts\/2141","targetHints":{"allow":["GET"]}}],"collection":[{"href":"https:\/\/lifevery.biz.ua\/index.php?rest_route=\/wp\/v2\/posts"}],"about":[{"href":"https:\/\/lifevery.biz.ua\/index.php?rest_route=\/wp\/v2\/types\/post"}],"author":[{"embeddable":true,"href":"https:\/\/lifevery.biz.ua\/index.php?rest_route=\/wp\/v2\/users\/1"}],"replies":[{"embeddable":true,"href":"https:\/\/lifevery.biz.ua\/index.php?rest_route=%2Fwp%2Fv2%2Fcomments&post=2141"}],"version-history":[{"count":1,"href":"https:\/\/lifevery.biz.ua\/index.php?rest_route=\/wp\/v2\/posts\/2141\/revisions"}],"predecessor-version":[{"id":2143,"href":"https:\/\/lifevery.biz.ua\/index.php?rest_route=\/wp\/v2\/posts\/2141\/revisions\/2143"}],"wp:featuredmedia":[{"embeddable":true,"href":"https:\/\/lifevery.biz.ua\/index.php?rest_route=\/wp\/v2\/media\/2142"}],"wp:attachment":[{"href":"https:\/\/lifevery.biz.ua\/index.php?rest_route=%2Fwp%2Fv2%2Fmedia&parent=2141"}],"wp:term":[{"taxonomy":"category","embeddable":true,"href":"https:\/\/lifevery.biz.ua\/index.php?rest_route=%2Fwp%2Fv2%2Fcategories&post=2141"},{"taxonomy":"post_tag","embeddable":true,"href":"https:\/\/lifevery.biz.ua\/index.php?rest_route=%2Fwp%2Fv2%2Ftags&post=2141"}],"curies":[{"name":"wp","href":"https:\/\/api.w.org\/{rel}","templated":true}]}}