{"id":21390,"date":"2026-08-27T19:29:24","date_gmt":"2026-08-27T19:29:24","guid":{"rendered":"https:\/\/lifevery.biz.ua\/?p=21390"},"modified":"2026-08-27T19:29:24","modified_gmt":"2026-08-27T19:29:24","slug":"wypadek-z-udzialem-karetki-cztery-osoby-zostaly-ranne-5","status":"publish","type":"post","link":"https:\/\/lifevery.biz.ua\/?p=21390","title":{"rendered":"Wypadek z udzia\u0142em karetki. Cztery osoby zosta\u0142y ranne"},"content":{"rendered":"\n<p class=\"wp-block-paragraph\">Gro\u017any wypadek na Lubelszczy\u017anie.<\/p>\n\n\n\n<p class=\"wp-block-paragraph\">Dosz\u0142o tam do zderzenia samochodu osobowego z karetk\u0105 pogotowia.<\/p>\n\n\n\n<p class=\"wp-block-paragraph\">W wyniku zdarzenia ranne zosta\u0142y cztery osoby. Droga mi\u0119dzy Szczebrzeszynem a Zamo\u015bciem jest zablokowana.<\/p>\n\n\n\n<p class=\"wp-block-paragraph\">Wypadek na DK74 w Bodaczowie, zderzenie karetki z samochodem osobowym<\/p>\n\n\n\n<p class=\"wp-block-paragraph\">Do wypadku dosz\u0142o w niedziel\u0119 ok. godz. 14.40&nbsp;<strong>na drodze krajowej nr 74 w Bodaczowie<\/strong>&nbsp;(woj. lubelskie). \u2013&nbsp;<strong>Samoch\u00f3d osobowy zderzy\u0142 si\u0119 z karetk\u0105 pogotowia<\/strong>, kt\u00f3ra przewozi\u0142a pacjenta \u2013 poinformowa\u0142a podkom. Katarzyna Szewczuk z Komendy Miejskiej Policji w Zamo\u015bciu.&nbsp;<\/p>\n\n\n\n<h2 class=\"wp-block-heading\">Wypadek z udzia\u0142em karetki. Cztery osoby zosta\u0142y ranne<\/h2>\n\n\n\n<p class=\"wp-block-paragraph\">Ze wst\u0119pnych ustale\u0144 policjant\u00f3w wynika, \u017ce do zdarzenia dosz\u0142o&nbsp;<strong>w trakcie wykonywania manewru skr\u0119tu w lewo<\/strong>&nbsp;przez kieruj\u0105cego osob\u00f3wk\u0105. \u2013 W tym czasie pojazd ten by\u0142 wyprzedzany przez&nbsp;<strong>karetk\u0119 pogotowia jad\u0105ca na sygnale<\/strong>&nbsp;\u2013 wyja\u015bni\u0142a podkom. Katarzyna Szewczuk.<\/p>\n\n\n\n<p class=\"wp-block-paragraph\">W wyniku wypadku&nbsp;<strong>ranne zosta\u0142y cztery osoby.<\/strong>&nbsp;Poszkodowani zostali przetransportowani do szpitala. Na miejscu l\u0105dowa\u0142&nbsp;<strong>helikopter Lotniczego Pogotowia Ratunkowego.<\/strong><\/p>\n","protected":false},"excerpt":{"rendered":"Gro\u017any wypadek na Lubelszczy\u017anie. Dosz\u0142o tam do zderzenia samochodu osobowego z karetk\u0105 pogotowia. W wyniku zdarzenia ranne zosta\u0142y cztery osoby. Droga mi\u0119dzy Szczebrzeszynem \n<a class=\"moretag\" href=\"https:\/\/lifevery.biz.ua\/?p=21390\"> [...]<\/a>","protected":false},"author":1,"featured_media":21391,"comment_status":"open","ping_status":"open","sticky":false,"template":"","format":"standard","meta":{"footnotes":""},"categories":[1],"tags":[],"class_list":["post-21390","post","type-post","status-publish","format-standard","has-post-thumbnail","hentry","category-blog"],"_links":{"self":[{"href":"https:\/\/lifevery.biz.ua\/index.php?rest_route=\/wp\/v2\/posts\/21390","targetHints":{"allow":["GET"]}}],"collection":[{"href":"https:\/\/lifevery.biz.ua\/index.php?rest_route=\/wp\/v2\/posts"}],"about":[{"href":"https:\/\/lifevery.biz.ua\/index.php?rest_route=\/wp\/v2\/types\/post"}],"author":[{"embeddable":true,"href":"https:\/\/lifevery.biz.ua\/index.php?rest_route=\/wp\/v2\/users\/1"}],"replies":[{"embeddable":true,"href":"https:\/\/lifevery.biz.ua\/index.php?rest_route=%2Fwp%2Fv2%2Fcomments&post=21390"}],"version-history":[{"count":1,"href":"https:\/\/lifevery.biz.ua\/index.php?rest_route=\/wp\/v2\/posts\/21390\/revisions"}],"predecessor-version":[{"id":21392,"href":"https:\/\/lifevery.biz.ua\/index.php?rest_route=\/wp\/v2\/posts\/21390\/revisions\/21392"}],"wp:featuredmedia":[{"embeddable":true,"href":"https:\/\/lifevery.biz.ua\/index.php?rest_route=\/wp\/v2\/media\/21391"}],"wp:attachment":[{"href":"https:\/\/lifevery.biz.ua\/index.php?rest_route=%2Fwp%2Fv2%2Fmedia&parent=21390"}],"wp:term":[{"taxonomy":"category","embeddable":true,"href":"https:\/\/lifevery.biz.ua\/index.php?rest_route=%2Fwp%2Fv2%2Fcategories&post=21390"},{"taxonomy":"post_tag","embeddable":true,"href":"https:\/\/lifevery.biz.ua\/index.php?rest_route=%2Fwp%2Fv2%2Ftags&post=21390"}],"curies":[{"name":"wp","href":"https:\/\/api.w.org\/{rel}","templated":true}]}}