{"id":2138,"date":"2026-02-04T19:23:10","date_gmt":"2026-02-04T19:23:10","guid":{"rendered":"https:\/\/lifevery.biz.ua\/?p=2138"},"modified":"2026-02-04T19:23:10","modified_gmt":"2026-02-04T19:23:10","slug":"pola-wisniewska-smutno-o-kryzysie-z-mezem-jest-mi-ciezko-2","status":"publish","type":"post","link":"https:\/\/lifevery.biz.ua\/?p=2138","title":{"rendered":"Pola Wi\u015bniewska smutno o kryzysie z m\u0119\u017cem: Jest mi ci\u0119\u017cko"},"content":{"rendered":"\n<ul class=\"wp-block-list\">\n<li><a href=\"https:\/\/wideoportal.tv\/artykul\/piata-zona-smutno-o-n1782708#commentshref\"><\/a><\/li>\n\n\n\n<li><a href=\"https:\/\/www.facebook.com\/sharer\/sharer.php?u=https:\/\/wideoportal.tv\/artykul\/piata-zona-smutno-o-n1782708\" target=\"_blank\" rel=\"noreferrer noopener\"><\/a><\/li>\n\n\n\n<li><a href=\"https:\/\/twitter.com\/intent\/tweet?text=Zobacz%20to&amp;url=https:\/\/wideoportal.tv\/artykul\/piata-zona-smutno-o-n1782708\" target=\"_blank\" rel=\"noreferrer noopener\"><\/a><\/li>\n\n\n\n<li><a href=\"https:\/\/www.linkedin.com\/sharing\/share-offsite\/?url=https:\/\/wideoportal.tv\/artykul\/piata-zona-smutno-o-n1782708\" target=\"_blank\" rel=\"noreferrer noopener\"><\/a><\/li>\n\n\n\n<li><a href=\"https:\/\/wideoportal.tv\/artykul\/piata-zona-smutno-o-n1782708#\"><\/a><\/li>\n\n\n\n<li><a href=\"https:\/\/wideoportal.tv\/artykul\/piata-zona-smutno-o-n1782708#\"><\/a><\/li>\n<\/ul>\n\n\n\n<p>Ju\u017c tego nie ukrywaj\u0105. Micha\u0142 Wi\u015bniewski oraz Pola Wi\u015bniewska przechodz\u0105 najpowa\u017cniejszy kryzys w ich niemal sze\u015bcioletnim ma\u0142\u017ce\u0144stwie. Wokalista m\u00f3wi o braku czasu, za\u015b jego pi\u0105ta \u017cona nie ukrywa, \u017ce &#8220;nie jest super&#8221; i jest jej &#8220;wystarczaj\u0105co ci\u0119\u017cko&#8221;. Jaka czeka ich przysz\u0142o\u015b\u0107?<\/p>\n\n\n\n<figure class=\"wp-block-image\"><img decoding=\"async\" src=\"https:\/\/wideoportal.tv\/static\/files\/inline_images\/161\/inline__1782708_4200.jpg\" alt=\"\"\/><\/figure>\n\n\n\n<p>Na kanale YouTube&nbsp;<a href=\"https:\/\/wideoportal.tv\/tag\/michal-wisniewski\/\"><strong>Micha\u0142a Wi\u015bniewskiego<\/strong><\/a>&nbsp;pojawi\u0142o si\u0119 nagranie ze spotkania piosenkarza i jego pi\u0105tej \u017cony Poli z psychologiem. Ton rozmowy okaza\u0142 si\u0119 mocno pesymistyczny. Dyskusja toczy\u0142a si\u0119 wok\u00f3\u0142 kryzysu ma\u0142\u017ce\u0144skiego.<\/p>\n\n\n\n<h2 class=\"wp-block-heading\"><strong>Pola Wi\u015bniewska smutno o kryzysie z m\u0119\u017cem: Jest mi ci\u0119\u017cko<\/strong><\/h2>\n\n\n\n<p>\u0179r\u00f3d\u0142em problem\u00f3w ma by\u0107 brak czasu. Micha\u0142 t\u0142umaczy\u0142, \u017ce jest bardzo zaj\u0119ty &#8211; intensywnie koncertuje, buduje dom i zajmuje si\u0119 liczn\u0105 gromadk\u0105 swoich dzieci. Rzadko przebywa razem z Pol\u0105. Jako rozwi\u0105zanie zaproponowa\u0142 \u017conie&#8230; wsp\u00f3lny wyjazd na wakacje.<\/p>\n\n\n\n<blockquote class=\"wp-block-quote is-layout-flow wp-block-quote-is-layout-flow\">\n<p><strong>Mamy bardzo powa\u017cny kryzys w zwi\u0105zku, bo nie sp\u0119dzamy ze sob\u0105 czasu. Co ja mog\u0119 zrobi\u0107 dla mojej \u017cony? Ja j\u0105 mog\u0119 wys\u0142a\u0107 na wakacje. Ona sama z czw\u00f3rk\u0105 dzieci pojecha\u0142a na wakacje &#8211; stwierdzi\u0142.<\/strong><\/p>\n\n\n\n<p>Reklama<\/p>\n<\/blockquote>\n\n\n\n<blockquote class=\"wp-block-quote is-layout-flow wp-block-quote-is-layout-flow\">\n<p><strong>To w og\u00f3le nie jest rozwi\u0105zanie &#8211; odpowiedzia\u0142a Pola z nut\u0105 zawodu w g\u0142osie.<\/strong><\/p>\n<\/blockquote>\n\n\n\n<p>Micha\u0142 Wi\u015bniewski zaznaczy\u0142, \u017ce opr\u00f3cz dw\u00f3jki dzieci z Pol\u0105, ma jeszcze czworo dzieci, kt\u00f3rych matkami s\u0105 Mandaryna oraz Anna \u015awi\u0105tczak. Nie mo\u017ce opu\u015bci\u0107 ich w potrzebie, stara si\u0119 je wspiera\u0107.<\/p>\n\n\n\n<blockquote class=\"wp-block-quote is-layout-flow wp-block-quote-is-layout-flow\">\n<p><strong>Ja mog\u0119, jak kto\u015b sobie \u017cyczy, po\u015bciemnia\u0107, \u017ce okej, kochanie, dla ciebie wszystko w ka\u017cdej chwili. No przecie\u017c co to za problem, rzucimy wszystko, odwo\u0142amy koncerty i pojedziemy razem. Ale ja nie mam tylko tych dw\u00f3ch dzieci. Ja mam sz\u00f3stk\u0119 w\u0142asnych dzieci i pi\u0105tk\u0119 na wychowaniu. To, \u017ce dzieci s\u0105 doros\u0142e, to nie oznacza, \u017ce nie potrzebuj\u0105 pomocy rodzic\u00f3w. Bo rodzicem jest si\u0119 do ko\u0144ca \u017cycia &#8211; o\u015bwiadczy\u0142.<\/strong><\/p>\n\n\n\n<p>Reklama<\/p>\n<\/blockquote>\n\n\n\n<p><a href=\"https:\/\/wideoportal.tv\/tag\/PolaWiniewska\/\"><strong>Pola Wi\u015bniewska<\/strong><\/a>&nbsp;zosta\u0142a zapytana przez internaut\u0119, dlaczego od jakiego\u015b czasu tak rzadko publikuje na Instagramie. Nie ukrywa\u0142a, \u017ce powodem s\u0105 problemy, z jakimi musi si\u0119 mierzy\u0107.<\/p>\n\n\n\n<blockquote class=\"wp-block-quote is-layout-flow wp-block-quote-is-layout-flow\">\n<p><strong>Nie umiem udawa\u0107, \u017ce jest super, kiedy nie jest. Du\u017co w prawdziwym \u017cyciu si\u0119 dzieje, wi\u0119c brakuje mi zasob\u00f3w, by by\u0107 tutaj. Po prostu &#8211; odpisa\u0142a.<\/strong><\/p>\n<\/blockquote>\n\n\n\n<p>Da\u0142a do zrozumienia, \u017ce wi\u0119cej nie b\u0119dzie odpowiada\u0142a na tego typu pytania, poniewa\u017c prze\u017cywa obecnie ci\u0119\u017ckie chwile.<\/p>\n\n\n\n<blockquote class=\"wp-block-quote is-layout-flow wp-block-quote-is-layout-flow\">\n<p><strong>Rozumiem ciekawo\u015b\u0107 i poruszenie, ale prosz\u0119 nie pytajcie mnie o Micha\u0142a, o nasze ma\u0142\u017ce\u0144stwo, o kryzys, plotki itd. Nie interesuje mnie medialne zamieszanie wok\u00f3\u0142 tego tematu. Ju\u017c bez tego jest mi wystarczaj\u0105co ci\u0119\u017cko.<\/strong><\/p>\n\n\n\n<p>Reklama<\/p>\n<\/blockquote>\n\n\n\n<p><strong><a href=\"https:\/\/wideoportal.tv\/artykul\/szosta-zona-wisniewskiego-n1758165\">SPRAWD\u0179: SZ\u00d3STA \u017bONA WI\u015aNIEWSKIEGO? Z 30 LAT STARSZYM FACETEM! Zaskakuj\u0105ce wyznanie nowej wokalistki Ich Troje<\/a><\/strong><\/p>\n\n\n\n<p>Odpowiedzia\u0142a natomiast na pytanie, jakie ma zdanie o wypowiedziach Micha\u0142a, w kt\u00f3rych sugeruje on, \u017ce jest bardziej pokrzywdzony w ich ma\u0142\u017ce\u0144stwie.<\/p>\n\n\n\n<blockquote class=\"wp-block-quote is-layout-flow wp-block-quote-is-layout-flow\">\n<p><strong>Jeszcze raz. Nie b\u0119d\u0119 si\u0119 na ten temat wypowiada\u0107. Napisz\u0119 tylko, \u017ce przypominaj\u0105 mi si\u0119 lata dziewi\u0119\u0107dziesi\u0105te i komunikator gadu-gadu, gdzie zostawia\u0142o si\u0119 celowo cytaty \u2026:PisaNeWdziwNYspos\u00f3b:&#8230; tylko po to, by wszyscy widzieli. Wtedy to by\u0142o \u015bmieszne, ale wtedy mieli\u015bmy po 13 lat. Pami\u0119tacie gg? &#8211; zapyta\u0142a wymownie.<\/strong><\/p>\n\n\n\n<p>Reklama<\/p>\n<\/blockquote>\n\n\n\n<p>Internauci zadaj\u0105 sobie pytanie, czy Micha\u0142 i Pola pokonaj\u0105 pi\u0119trz\u0105ce si\u0119 w ich zwi\u0105zku problemy. Czy ich ma\u0142\u017ce\u0144stwo przetrwa?<\/p>\n\n\n\n<figure class=\"wp-block-image\"><img decoding=\"async\" src=\"https:\/\/wideoportal.tv\/static\/files\/inline_images\/161\/inline__1782708_8363.jpg\" alt=\"\"\/><\/figure>\n\n\n\n<p><em>Pola Wi\u015bniewska, Micha\u0142 Wi\u015bniewski, fot. Instagram<\/em><\/p>\n\n\n\n<figure class=\"wp-block-image\"><img decoding=\"async\" src=\"https:\/\/wideoportal.tv\/static\/files\/inline_images\/161\/inline__1782708_1329.jpg\" alt=\"\"\/><\/figure>\n\n\n\n<p><em>Pola Wi\u015bniewska, Micha\u0142 Wi\u015bniewski, fot. KAPiF<\/em><\/p>\n\n\n\n<figure class=\"wp-block-image\"><img decoding=\"async\" src=\"https:\/\/wideoportal.tv\/static\/files\/inline_images\/161\/inline__1782708_3253.jpg\" alt=\"\"\/><\/figure>\n\n\n\n<p><em>Pola Wi\u015bniewska, Micha\u0142 Wi\u015bniewski, fot. KAPiF<\/em><\/p>\n\n\n\n<figure class=\"wp-block-image\"><img decoding=\"async\" src=\"https:\/\/wideoportal.tv\/static\/files\/inline_images\/161\/inline__1782708_399.jpg\" alt=\"\"\/><\/figure>\n\n\n\n<p><em>Pola Wi\u015bniewska, Micha\u0142 Wi\u015bniewski, fot. Instagram<\/em><\/p>\n","protected":false},"excerpt":{"rendered":"Ju\u017c tego nie ukrywaj\u0105. Micha\u0142 Wi\u015bniewski oraz Pola Wi\u015bniewska przechodz\u0105 najpowa\u017cniejszy kryzys w ich niemal sze\u015bcioletnim ma\u0142\u017ce\u0144stwie. Wokalista m\u00f3wi o braku czasu, za\u015b \n<a class=\"moretag\" href=\"https:\/\/lifevery.biz.ua\/?p=2138\"> [...]<\/a>","protected":false},"author":1,"featured_media":2151,"comment_status":"open","ping_status":"open","sticky":false,"template":"","format":"standard","meta":{"footnotes":""},"categories":[1],"tags":[],"class_list":["post-2138","post","type-post","status-publish","format-standard","has-post-thumbnail","hentry","category-blog"],"_links":{"self":[{"href":"https:\/\/lifevery.biz.ua\/index.php?rest_route=\/wp\/v2\/posts\/2138","targetHints":{"allow":["GET"]}}],"collection":[{"href":"https:\/\/lifevery.biz.ua\/index.php?rest_route=\/wp\/v2\/posts"}],"about":[{"href":"https:\/\/lifevery.biz.ua\/index.php?rest_route=\/wp\/v2\/types\/post"}],"author":[{"embeddable":true,"href":"https:\/\/lifevery.biz.ua\/index.php?rest_route=\/wp\/v2\/users\/1"}],"replies":[{"embeddable":true,"href":"https:\/\/lifevery.biz.ua\/index.php?rest_route=%2Fwp%2Fv2%2Fcomments&post=2138"}],"version-history":[{"count":1,"href":"https:\/\/lifevery.biz.ua\/index.php?rest_route=\/wp\/v2\/posts\/2138\/revisions"}],"predecessor-version":[{"id":2152,"href":"https:\/\/lifevery.biz.ua\/index.php?rest_route=\/wp\/v2\/posts\/2138\/revisions\/2152"}],"wp:featuredmedia":[{"embeddable":true,"href":"https:\/\/lifevery.biz.ua\/index.php?rest_route=\/wp\/v2\/media\/2151"}],"wp:attachment":[{"href":"https:\/\/lifevery.biz.ua\/index.php?rest_route=%2Fwp%2Fv2%2Fmedia&parent=2138"}],"wp:term":[{"taxonomy":"category","embeddable":true,"href":"https:\/\/lifevery.biz.ua\/index.php?rest_route=%2Fwp%2Fv2%2Fcategories&post=2138"},{"taxonomy":"post_tag","embeddable":true,"href":"https:\/\/lifevery.biz.ua\/index.php?rest_route=%2Fwp%2Fv2%2Ftags&post=2138"}],"curies":[{"name":"wp","href":"https:\/\/api.w.org\/{rel}","templated":true}]}}