{"id":2135,"date":"2026-02-04T19:13:20","date_gmt":"2026-02-04T19:13:20","guid":{"rendered":"https:\/\/lifevery.biz.ua\/?p=2135"},"modified":"2026-02-04T19:13:20","modified_gmt":"2026-02-04T19:13:20","slug":"katastrofa-pod-warszawa-policja-ujawnila-szczegoly","status":"publish","type":"post","link":"https:\/\/lifevery.biz.ua\/?p=2135","title":{"rendered":"Katastrofa pod Warszaw\u0105. Policja ujawni\u0142a szczeg\u00f3\u0142y"},"content":{"rendered":"\n<p>Niedzielne popo\u0142udnie pod Warszaw\u0105 zamieni\u0142o si\u0119 w scen\u0119 rodem z filmu katastroficznego. Ogie\u0144, zatrzymane poci\u0105gi i dramatyczne dzia\u0142ania s\u0142u\u017cb na d\u0142ugo sparali\u017cowa\u0142y ruch w jednej z podwarszawskich miejscowo\u015bci. Dopiero po czasie policja przedstawi\u0142a, krok po kroku, jak dosz\u0142o do tego gro\u017anego zdarzenia.<\/p>\n\n\n\n<p>Gro\u017any wypadek na przeje\u017adzie kolejowym w B\u0142oniu pod Warszaw\u0105<br>Policja ujawnia, jak dosz\u0142o do zderzenia poci\u0105gu z samochodem<br>Dwa poci\u0105gi Intercity i po\u017car lokomotywy. Najnowsze ustalenia s\u0142u\u017cb<br>Gro\u017any wypadek na przeje\u017adzie kolejowym w B\u0142oniu pod Warszaw\u0105<br>Do wypadku dosz\u0142o w B\u0142oniu, na przeje\u017adzie kolejowym, gdzie w niedziel\u0119 po po\u0142udniu zderzy\u0142y si\u0119 dwa poci\u0105gi z samochodem osobowym. \u015awiadkowie m\u00f3wi\u0105 o chaosie i ogromnym zagro\u017ceniu, jakie pojawi\u0142o si\u0119 tu\u017c po uderzeniu. Ogie\u0144 i g\u0119sty dym by\u0142y widoczne z daleka, a akcja ratunkowa wymaga\u0142a jednoczesnych dzia\u0142a\u0144 kilku s\u0142u\u017cb.<\/p>\n\n\n\n<p>Osoby, kt\u00f3re znalaz\u0142y si\u0119 w pobli\u017cu, relacjonowa\u0142y, \u017ce sytuacja wygl\u0105da\u0142a bardzo powa\u017cnie.&nbsp;<\/p>\n\n\n\n<p>\u2013 Widzieli\u015bmy, jak lokomotywa p\u0142on\u0119\u0142a. Pod ni\u0105 by\u0142o auto. Stra\u017cacy jednocze\u015bnie gasili po\u017car i ewakuowali ludzi z poci\u0105gu. Cz\u0119\u015b\u0107 os\u00f3b wychodzi\u0142a sama \u2013 opowiada\u0142 Piotr w rozmowie z dziennikarzami Wirtualnej Polski, podkre\u015blaj\u0105c, \u017ce wszystko dzia\u0142o si\u0119 bardzo szybko.<\/p>\n\n\n\n<p>Inni \u015bwiadkowie zwracali uwag\u0119 na utrudnienia w ruchu drogowym. Magda m\u00f3wi\u0142a Wirtualnej Polsce, \u017ce gdy dotar\u0142a w okolice zdarzenia, policja kierowa\u0142a ju\u017c samochody na objazdy. Jak zaznaczy\u0142a, po\u017car by\u0142 w\u00f3wczas ugaszony, a kierowcy mogli korzysta\u0107 z innego przejazdu w rejonie ulicy Grodziskiej, przy stacji PKP B\u0142onie, kt\u00f3ry pozostawa\u0142 otwarty.<\/p>\n\n\n\n<p>Policja ujawnia, jak dosz\u0142o do zderzenia poci\u0105gu z samochodem<br>Funkcjonariusze szybko przyst\u0105pili do ustalania przyczyn wypadku. Podinsp. Ewelina Gromek-O\u0107wieja, cytowana przez Wirtualn\u0105 Polsk\u0119, przekaza\u0142a szczeg\u00f3\u0142owy opis pierwszych chwil po zg\u0142oszeniu.&nbsp;<\/p>\n\n\n\n<p>\u2013 O godzinie 13.20 otrzymali\u015bmy zg\u0142oszenie. Ze wst\u0119pnych ustale\u0144 \u2013 poniewa\u017c czynno\u015bci ca\u0142y czas trwaj\u0105 na miejscu \u2013 wynika, \u017ce Ford Focus uleg\u0142 awarii na torach \u2013 wyja\u015bni\u0142a podinsp. Ewelina Gromek-O\u0107wieja.<\/p>\n\n\n\n<p>Z jej relacji wynika, \u017ce kierowca samochodu wraz z pasa\u017cerami zdo\u0142a\u0142 opu\u015bci\u0107 pojazd, a na przejazd wezwano patrol policji. Mimo podj\u0119tych pr\u00f3b, ani funkcjonariuszom, ani kierowcy nie uda\u0142o si\u0119 usun\u0105\u0107 auta z tor\u00f3w. W trakcie kolejnej pr\u00f3by na przejazd nadjecha\u0142 poci\u0105g Intercity relacji Szczecin G\u0142\u00f3wny \u2013 Rzesz\u00f3w, kt\u00f3ry uderzy\u0142 w unieruchomiony pojazd. Po zderzeniu zar\u00f3wno samoch\u00f3d, jak i sk\u0142ad kolejowy stan\u0119\u0142y w p\u0142omieniach.<br><\/p>\n\n\n\n<p>Dwa poci\u0105gi Intercity i po\u017car lokomotywy. Najnowsze ustalenia s\u0142u\u017cb<br>Na tym jednak nie zako\u0144czy\u0142 si\u0119 ci\u0105g niebezpiecznych zdarze\u0144. Jak przekaza\u0142a podinsp. Ewelina Gromek-O\u0107wieja, po pierwszym uderzeniu samoch\u00f3d zosta\u0142 przemieszczony na s\u0105siedni tor. Tam dosz\u0142o do kolejnego zderzenia \u2013 tym razem z poci\u0105giem Intercity jad\u0105cym z Warszawy do Berlina. W wyniku tego kontaktu auto zapali\u0142o si\u0119, a ogie\u0144 przeni\u00f3s\u0142 si\u0119 tak\u017ce na lokomotyw\u0119 drugiego sk\u0142adu. Po\u017car zosta\u0142 ostatecznie opanowany przez stra\u017c po\u017carn\u0105.<\/p>\n\n\n\n<p>Policja poinformowa\u0142a, \u017ce obaj maszyni\u015bci oraz kierowca Forda byli trze\u017awi. Najwa\u017cniejsza informacja dotyczy jednak zdrowia uczestnik\u00f3w zdarzenia.&nbsp;<\/p>\n\n\n\n<p>\u2013 To, co najwa\u017cniejsze, w tym zdarzeniu nikt nie odni\u00f3s\u0142 obra\u017ce\u0144 \u2013 podsumowa\u0142a Gromek-O\u0107wieja, dodaj\u0105c, \u017ce ruch poci\u0105g\u00f3w w obu kierunkach zosta\u0142 wstrzymany, a dla pasa\u017cer\u00f3w uruchomiono komunikacj\u0119 zast\u0119pcz\u0105.<br><\/p>\n","protected":false},"excerpt":{"rendered":"Niedzielne popo\u0142udnie pod Warszaw\u0105 zamieni\u0142o si\u0119 w scen\u0119 rodem z filmu katastroficznego. Ogie\u0144, zatrzymane poci\u0105gi i dramatyczne dzia\u0142ania s\u0142u\u017cb na d\u0142ugo sparali\u017cowa\u0142y ruch \n<a class=\"moretag\" href=\"https:\/\/lifevery.biz.ua\/?p=2135\"> [...]<\/a>","protected":false},"author":1,"featured_media":2139,"comment_status":"open","ping_status":"open","sticky":false,"template":"","format":"standard","meta":{"footnotes":""},"categories":[1],"tags":[],"class_list":["post-2135","post","type-post","status-publish","format-standard","has-post-thumbnail","hentry","category-blog"],"_links":{"self":[{"href":"https:\/\/lifevery.biz.ua\/index.php?rest_route=\/wp\/v2\/posts\/2135","targetHints":{"allow":["GET"]}}],"collection":[{"href":"https:\/\/lifevery.biz.ua\/index.php?rest_route=\/wp\/v2\/posts"}],"about":[{"href":"https:\/\/lifevery.biz.ua\/index.php?rest_route=\/wp\/v2\/types\/post"}],"author":[{"embeddable":true,"href":"https:\/\/lifevery.biz.ua\/index.php?rest_route=\/wp\/v2\/users\/1"}],"replies":[{"embeddable":true,"href":"https:\/\/lifevery.biz.ua\/index.php?rest_route=%2Fwp%2Fv2%2Fcomments&post=2135"}],"version-history":[{"count":1,"href":"https:\/\/lifevery.biz.ua\/index.php?rest_route=\/wp\/v2\/posts\/2135\/revisions"}],"predecessor-version":[{"id":2140,"href":"https:\/\/lifevery.biz.ua\/index.php?rest_route=\/wp\/v2\/posts\/2135\/revisions\/2140"}],"wp:featuredmedia":[{"embeddable":true,"href":"https:\/\/lifevery.biz.ua\/index.php?rest_route=\/wp\/v2\/media\/2139"}],"wp:attachment":[{"href":"https:\/\/lifevery.biz.ua\/index.php?rest_route=%2Fwp%2Fv2%2Fmedia&parent=2135"}],"wp:term":[{"taxonomy":"category","embeddable":true,"href":"https:\/\/lifevery.biz.ua\/index.php?rest_route=%2Fwp%2Fv2%2Fcategories&post=2135"},{"taxonomy":"post_tag","embeddable":true,"href":"https:\/\/lifevery.biz.ua\/index.php?rest_route=%2Fwp%2Fv2%2Ftags&post=2135"}],"curies":[{"name":"wp","href":"https:\/\/api.w.org\/{rel}","templated":true}]}}