{"id":21278,"date":"2026-08-26T18:10:14","date_gmt":"2026-08-26T18:10:14","guid":{"rendered":"https:\/\/lifevery.biz.ua\/?p=21278"},"modified":"2026-08-26T18:10:14","modified_gmt":"2026-08-26T18:10:14","slug":"tragiczny-wypadek-pod-koninem-droga-calkowicie-zablokowana-potezne-utrudnienia-2","status":"publish","type":"post","link":"https:\/\/lifevery.biz.ua\/?p=21278","title":{"rendered":"Tragiczny wypadek pod Koninem. Droga ca\u0142kowicie zablokowana, pot\u0119\u017cne utrudnienia"},"content":{"rendered":"\n<p class=\"wp-block-paragraph\"><\/p>\n\n\n\n<p class=\"wp-block-paragraph\">Tragiczny wypadek w Wielkopolsce mia\u0142 miejsce dzisiaj (\u015broda, 26 czerwca 2024 r.) przed po\u0142udniem.<\/p>\n\n\n\n<p class=\"wp-block-paragraph\">Jedna osoba zgin\u0119\u0142a w czo\u0142owym zderzeniu samochodu i ci\u0119\u017car\u00f3wki.<\/p>\n\n\n\n<p class=\"wp-block-paragraph\">Dramat rozegra\u0142 si\u0119 na terenie miejscowo\u015bci Rychwa\u0142 pod Koninem. Droga krajowa nr 25 jest zablokowana.<\/p>\n\n\n\n<figure class=\"wp-block-image\"><img decoding=\"async\" src=\"https:\/\/cdn.galleries.smcloud.net\/t\/galleries\/gf-XiwV-LMBs-XG8w_tragiczny-wypadek-pod-koninem-droga-calkowicie-zablokowana-potezne-utrudnienia-994x828.jpg\" alt=\"Tragiczny wypadek pod Koninem. Droga ca\u0142kowicie zablokowana, pot\u0119\u017cne utrudnienia\"\/><figcaption class=\"wp-element-caption\">Autor: KM PSP w Koninie\/ Materia\u0142y prasoweTragiczny wypadek pod Koninem. Droga ca\u0142kowicie zablokowana, pot\u0119\u017cne utrudnienia<\/figcaption><\/figure>\n\n\n\n<h2 class=\"wp-block-heading\">Tragiczny wypadek w miejscowo\u015bci Rychwa\u0142 pod Koninem<\/h2>\n\n\n\n<p class=\"wp-block-paragraph\">To nie by\u0142o spokojne przedpo\u0142udnie na drogach w Wielkopolsce.<\/p>\n\n\n\n<p class=\"wp-block-paragraph\"><em>\u2013&nbsp;W wyniku czo\u0142owego zderzenia samochodu ci\u0119\u017carowego z samochodem osobowym jedna osoba ponios\u0142a \u015bmier\u0107 na miejscu<\/em>&nbsp;\u2013 informuj\u0105 stra\u017cacy z KM PSP w Koninie. Dramat rozegra\u0142 si\u0119 na drodze krajowej nr 25, kt\u00f3ra obecnie jest zablokowana. Utrudnienia mog\u0105 potrwa\u0107 nawet do godziny 15:30. Na zdj\u0119ciu, udost\u0119pnionym przez stra\u017cak\u00f3w wida\u0107, \u017ce po zderzeniu \u201cosob\u00f3wka\u201d wylecia\u0142a z drogi.<\/p>\n\n\n\n<p class=\"wp-block-paragraph\">Groby polskich rajdowc\u00f3w. Kierowcy gin\u0119li w strasznych wypadkach. Niezapomniani<\/p>\n\n\n\n<p class=\"wp-block-paragraph\">Policjanci wyja\u015bniaj\u0105 spraw\u0119 pod nadzorem prokuratora. Rodzinie i bliskim osoby zmar\u0142ej sk\u0142adamy wyrazy wsp\u00f3\u0142czucia. S\u0142u\u017cby apeluj\u0105 o ostro\u017cno\u015b\u0107 na drogach \u2013 te apele dotycz\u0105 zar\u00f3wno kierowc\u00f3w, jak i pieszych. Niestety, to nie pierwszy dramat z wielkopolskich dr\u00f3g z ostatnich godzin.&nbsp;<a href=\"https:\/\/www.se.pl\/poznan\/z-auta-21-latka-zostaly-szczatki-zmarlego-nie-mozna-go-bylo-nawet-wyciagnac-ze-srodka-zdjecia-aa-FMEp-vtRx-FyRC.html\" target=\"_blank\" rel=\"noopener\"><strong>25 czerwca na drodze pod Z\u0142otowem zgin\u0105\u0142 21-latek<\/strong><\/a>. Poszkodowany&nbsp;zosta\u0142 zakleszczony w zmia\u017cd\u017conym samochodzie, z kt\u00f3rego musieli wydoby\u0107 go stra\u017cacy, ale na pomoc by\u0142o za p\u00f3\u017ano.<\/p>\n","protected":false},"excerpt":{"rendered":"Tragiczny wypadek w Wielkopolsce mia\u0142 miejsce dzisiaj (\u015broda, 26 czerwca 2024 r.) przed po\u0142udniem. Jedna osoba zgin\u0119\u0142a w czo\u0142owym zderzeniu samochodu i ci\u0119\u017car\u00f3wki. \n<a class=\"moretag\" href=\"https:\/\/lifevery.biz.ua\/?p=21278\"> [...]<\/a>","protected":false},"author":1,"featured_media":21279,"comment_status":"open","ping_status":"open","sticky":false,"template":"","format":"standard","meta":{"footnotes":""},"categories":[1],"tags":[],"class_list":["post-21278","post","type-post","status-publish","format-standard","has-post-thumbnail","hentry","category-blog"],"_links":{"self":[{"href":"https:\/\/lifevery.biz.ua\/index.php?rest_route=\/wp\/v2\/posts\/21278","targetHints":{"allow":["GET"]}}],"collection":[{"href":"https:\/\/lifevery.biz.ua\/index.php?rest_route=\/wp\/v2\/posts"}],"about":[{"href":"https:\/\/lifevery.biz.ua\/index.php?rest_route=\/wp\/v2\/types\/post"}],"author":[{"embeddable":true,"href":"https:\/\/lifevery.biz.ua\/index.php?rest_route=\/wp\/v2\/users\/1"}],"replies":[{"embeddable":true,"href":"https:\/\/lifevery.biz.ua\/index.php?rest_route=%2Fwp%2Fv2%2Fcomments&post=21278"}],"version-history":[{"count":1,"href":"https:\/\/lifevery.biz.ua\/index.php?rest_route=\/wp\/v2\/posts\/21278\/revisions"}],"predecessor-version":[{"id":21280,"href":"https:\/\/lifevery.biz.ua\/index.php?rest_route=\/wp\/v2\/posts\/21278\/revisions\/21280"}],"wp:featuredmedia":[{"embeddable":true,"href":"https:\/\/lifevery.biz.ua\/index.php?rest_route=\/wp\/v2\/media\/21279"}],"wp:attachment":[{"href":"https:\/\/lifevery.biz.ua\/index.php?rest_route=%2Fwp%2Fv2%2Fmedia&parent=21278"}],"wp:term":[{"taxonomy":"category","embeddable":true,"href":"https:\/\/lifevery.biz.ua\/index.php?rest_route=%2Fwp%2Fv2%2Fcategories&post=21278"},{"taxonomy":"post_tag","embeddable":true,"href":"https:\/\/lifevery.biz.ua\/index.php?rest_route=%2Fwp%2Fv2%2Ftags&post=21278"}],"curies":[{"name":"wp","href":"https:\/\/api.w.org\/{rel}","templated":true}]}}