{"id":2126,"date":"2026-02-04T19:11:20","date_gmt":"2026-02-04T19:11:20","guid":{"rendered":"https:\/\/lifevery.biz.ua\/?p=2126"},"modified":"2026-02-04T19:11:20","modified_gmt":"2026-02-04T19:11:20","slug":"sandra-kubicka-figuruje-w-aktach-epsteina-przerazajace","status":"publish","type":"post","link":"https:\/\/lifevery.biz.ua\/?p=2126","title":{"rendered":"Sandra Kubicka figuruje w aktach Epsteina. PRZERA\u017bAJ\u0104CE"},"content":{"rendered":"\n<p>Ujawnione dokumenty dotycz\u0105ce afery zwi\u0105zanej z Jeffreyem Epsteinem wstrz\u0105sn\u0119\u0142y \u015bwiatem. Jedn\u0105 z Polek wymienionych w korespondencji seksualnego przest\u0119pcy jest Sandra Kubicka. Modelka zapewni\u0142a, \u017ce nie mia\u0142a z nim nic wsp\u00f3lnego. &#8220;To jest dla mnie po prostu przera\u017caj\u0105ce i obrzydliwe&#8221; &#8211; przekaza\u0142a.<\/p>\n\n\n\n<figure class=\"wp-block-image\"><img decoding=\"async\" src=\"https:\/\/wideoportal.tv\/static\/files\/inline_images\/161\/inline__1787421_7187.jpg\" alt=\"\"\/><\/figure>\n\n\n\n<p>Od dawna m\u00f3wi si\u0119 o aferze zwi\u0105zanej z&nbsp;<a href=\"https:\/\/wideoportal.tv\/tag\/JeffreyEpstein\/\"><strong>Jeffreyem Epsteinem<\/strong><\/a>&nbsp;&#8211; finansist\u0105 skazanym za przest\u0119pstwa seksualne. W grudniu 2025 roku i styczniu 2026 roku ameryka\u0144ski Departament Sprawiedliwo\u015bci udost\u0119pni\u0142 dokumentacj\u0119 dotycz\u0105c\u0105 sprawy, na kt\u00f3r\u0105 sk\u0142adaj\u0105 si\u0119 trzy miliony dokument\u00f3w, w tym korespondencja mailowa oraz wiele zdj\u0119\u0107.<\/p>\n\n\n\n<h2 class=\"wp-block-heading\"><strong>Sandra Kubicka figuruje w aktach Epsteina. PRZERA\u017bAJ\u0104CE<\/strong><\/h2>\n\n\n\n<p>W przekazanych materia\u0142ach pada wiele znanych nazwisk. W\u015br\u00f3d nich jest kilka polskich akcent\u00f3w. W jednym z e-maili pojawi\u0142o si\u0119 nazwisko modelki&nbsp;<a href=\"https:\/\/wideoportal.tv\/tag\/sandra-kubicka\/\"><strong>Sandry Kubickiej<\/strong><\/a>, kt\u00f3ra w przesz\u0142o\u015bci robi\u0142a karier\u0119 w Stanach Zjednoczonych. Wiadomo\u015b\u0107, datowana na 19 pa\u017adziernika 2015 roku, zosta\u0142a wys\u0142ana przez Epsteina do Faith Kates, w\u0142a\u015bcicielki Next Model Management.<\/p>\n\n\n\n<p>Reklama<\/p>\n\n\n\n<blockquote class=\"wp-block-quote is-layout-flow wp-block-quote-is-layout-flow\">\n<p><strong>Czy Sandra Kubicka jest jedn\u0105 z twoich? Bardzo \u0142adna, widzia\u0142em j\u0105 w Miami &#8211; pyta\u0142 Epstein.<\/strong><\/p>\n<\/blockquote>\n\n\n\n<p>Nazwisko polskiej modelki pada tylko raz. Nie ma dowod\u00f3w na to, \u017ce nawi\u0105za\u0142a kontakt z biznesmenem.<\/p>\n\n\n\n<p>W mediach pojawi\u0142o si\u0119 kr\u00f3tkie o\u015bwiadczenie przes\u0142ane przez Sandr\u0119 Kubick\u0105. Modelka zapewni\u0142a, \u017ce nigdy nie pozna\u0142a Jeffreya Epsteina. Ca\u0142\u0105 spraw\u0119 uwa\u017ca za &#8220;przera\u017caj\u0105c\u0105 i obrzydliw\u0105&#8221;.<\/p>\n\n\n\n<blockquote class=\"wp-block-quote is-layout-flow wp-block-quote-is-layout-flow\">\n<p><strong>W tamtym okresie by\u0142am do\u015b\u0107 popularn\u0105 w Stanach modelk\u0105. \u015awiadomo\u015b\u0107, \u017ce taki cz\u0142owiek zwr\u00f3ci\u0142 na mnie uwag\u0119 i mog\u0142am sta\u0107 si\u0119 jego ofiar\u0105, jest dla mnie po prostu przera\u017caj\u0105ca i obrzydliwa. Nie zna\u0142am Jeffreya Epsteina, nigdy go nie spotka\u0142am, a o jego istnieniu i odra\u017caj\u0105cych czynach dowiedzia\u0142am si\u0119 dopiero z doniesie\u0144 medialnych i z dokumentu na Netfliksie &#8211; przekaza\u0142a Wirtualnej Polsce.<\/strong><\/p>\n\n\n\n<p>Reklama<\/p>\n<\/blockquote>\n\n\n\n<h2 class=\"wp-block-heading\"><strong>Kim by\u0142 Jeffrey Epstein?<\/strong><\/h2>\n\n\n\n<p>Jeffrey Epstein by\u0142 ameryka\u0144skim multimilionerem, kt\u00f3ry w 2008 roku zosta\u0142 skazany na 14 miesi\u0119cy wi\u0119zienia na Florydzie za wykorzystywanie seksualne os\u00f3b nieletnich. Ponownie zosta\u0142 aresztowany, tym razem za handel seksualny nieletnimi, w lipcu 2019 roku. Zmar\u0142 w sierpniu tego samego roku w areszcie federalnym. Jego \u015bmier\u0107 uznano za samob\u00f3jstwo.<\/p>\n\n\n\n<p><strong><a href=\"https:\/\/wideoportal.tv\/artykul\/ewa-minge-o-aferze-dubajskiej-n1235132\">SPRAWD\u0179: Ewa Minge o aferze dubajskiej. Nie zatrudni\u0142a modelki trudni\u0105cej si\u0119 nierz\u0105dem (Exclusive)<\/a><\/strong><\/p>\n\n\n\n<p>Epstein korespondowa\u0142 z polskimi modelkami, proponuj\u0105c niekt\u00f3rym wizyty na jego nies\u0142awnej wyspie, oferuj\u0105c pomoc finansow\u0105 &#8211; op\u0142acenie studi\u00f3w i zakup mieszkania w Warszawie. Jedna z nich przyzna\u0142a w przes\u0142anym mailu, \u017ce jej si\u0119 \u015bni\u0142. W\u00f3wczas zapyta\u0142, czy w jej \u015bnie by\u0142 nagi. Odpowiedzia\u0142a, \u017ce nie, ale widzia\u0142a go inaczej ni\u017c w rzeczywisto\u015bci.<\/p>\n\n\n\n<p>Reklama<\/p>\n\n\n\n<p>Nale\u017cy zaznaczy\u0107, \u017ce osoby wymieniane w obszernej korespondencji mog\u0142y by\u0107 ofiarami, wsp\u00f3lnikami lub znajomymi przest\u0119pcy, ale r\u00f3wnie dobrze ich nazwiska mog\u0142y pojawi\u0107 si\u0119 ca\u0142kowicie przypadkowo.<\/p>\n\n\n\n<figure class=\"wp-block-image\"><img decoding=\"async\" src=\"https:\/\/wideoportal.tv\/static\/files\/inline_images\/161\/inline__1787421_8285.png\" alt=\"\"\/><\/figure>\n\n\n\n<p><em>Mail Jeffreya Epsteina do Faith Kates, fot. Departament Sprawiedliwo\u015bci USA<\/em><\/p>\n\n\n\n<figure class=\"wp-block-image\"><img decoding=\"async\" src=\"https:\/\/wideoportal.tv\/static\/files\/inline_images\/161\/inline__1787421_8813.jpg\" alt=\"\"\/><\/figure>\n\n\n\n<p><em>Sandra Kubicka, fot. KAPiF<\/em><\/p>\n\n\n\n<figure class=\"wp-block-image\"><img decoding=\"async\" src=\"https:\/\/wideoportal.tv\/static\/files\/inline_images\/161\/inline__1787421_4894.jpg\" alt=\"\"\/><\/figure>\n\n\n\n<p><em>Sandra Kubicka, fot. KAPiF<\/em><\/p>\n\n\n\n<figure class=\"wp-block-image\"><img decoding=\"async\" src=\"https:\/\/wideoportal.tv\/static\/files\/inline_images\/161\/inline__1787421_6873.jpg\" alt=\"\"\/><\/figure>\n\n\n\n<p><em>Sandra Kubicka, fot. KAPiF<\/em><\/p>\n\n\n\n<figure class=\"wp-block-image\"><img decoding=\"async\" src=\"https:\/\/wideoportal.tv\/static\/files\/inline_images\/161\/inline__1787421_4545.jpg\" alt=\"\"\/><\/figure>\n\n\n\n<p><em>Jeffrey Epstein, fot. House Oversight Democrats \/ AFP\/ East News<\/em><\/p>\n","protected":false},"excerpt":{"rendered":"Ujawnione dokumenty dotycz\u0105ce afery zwi\u0105zanej z Jeffreyem Epsteinem wstrz\u0105sn\u0119\u0142y \u015bwiatem. Jedn\u0105 z Polek wymienionych w korespondencji seksualnego przest\u0119pcy jest Sandra Kubicka. Modelka zapewni\u0142a, \n<a class=\"moretag\" href=\"https:\/\/lifevery.biz.ua\/?p=2126\"> [...]<\/a>","protected":false},"author":1,"featured_media":2136,"comment_status":"open","ping_status":"open","sticky":false,"template":"","format":"standard","meta":{"footnotes":""},"categories":[1],"tags":[],"class_list":["post-2126","post","type-post","status-publish","format-standard","has-post-thumbnail","hentry","category-blog"],"_links":{"self":[{"href":"https:\/\/lifevery.biz.ua\/index.php?rest_route=\/wp\/v2\/posts\/2126","targetHints":{"allow":["GET"]}}],"collection":[{"href":"https:\/\/lifevery.biz.ua\/index.php?rest_route=\/wp\/v2\/posts"}],"about":[{"href":"https:\/\/lifevery.biz.ua\/index.php?rest_route=\/wp\/v2\/types\/post"}],"author":[{"embeddable":true,"href":"https:\/\/lifevery.biz.ua\/index.php?rest_route=\/wp\/v2\/users\/1"}],"replies":[{"embeddable":true,"href":"https:\/\/lifevery.biz.ua\/index.php?rest_route=%2Fwp%2Fv2%2Fcomments&post=2126"}],"version-history":[{"count":1,"href":"https:\/\/lifevery.biz.ua\/index.php?rest_route=\/wp\/v2\/posts\/2126\/revisions"}],"predecessor-version":[{"id":2137,"href":"https:\/\/lifevery.biz.ua\/index.php?rest_route=\/wp\/v2\/posts\/2126\/revisions\/2137"}],"wp:featuredmedia":[{"embeddable":true,"href":"https:\/\/lifevery.biz.ua\/index.php?rest_route=\/wp\/v2\/media\/2136"}],"wp:attachment":[{"href":"https:\/\/lifevery.biz.ua\/index.php?rest_route=%2Fwp%2Fv2%2Fmedia&parent=2126"}],"wp:term":[{"taxonomy":"category","embeddable":true,"href":"https:\/\/lifevery.biz.ua\/index.php?rest_route=%2Fwp%2Fv2%2Fcategories&post=2126"},{"taxonomy":"post_tag","embeddable":true,"href":"https:\/\/lifevery.biz.ua\/index.php?rest_route=%2Fwp%2Fv2%2Ftags&post=2126"}],"curies":[{"name":"wp","href":"https:\/\/api.w.org\/{rel}","templated":true}]}}