{"id":2123,"date":"2026-02-04T19:04:08","date_gmt":"2026-02-04T19:04:08","guid":{"rendered":"https:\/\/lifevery.biz.ua\/?p=2123"},"modified":"2026-02-04T19:04:08","modified_gmt":"2026-02-04T19:04:08","slug":"emerytka-skazana-na-wiezienie-przyczyna-szokujacy-wpis-o-jurku-owsiaku-2","status":"publish","type":"post","link":"https:\/\/lifevery.biz.ua\/?p=2123","title":{"rendered":"Emerytka skazana na wi\u0119zienie. Przyczyn\u0105 szokuj\u0105cy wpis o Jurku Owsiaku"},"content":{"rendered":"\n<p>Po umieszczeniu nieprzychylnego komentarza na temat Jurka Owsiaka do Izabeli M. zapukali policjanci. Emerytce zarzucono kierowanie gr\u00f3\u017ab karalnych. Szef WO\u015aP twierdzi, \u017ce adwokaci oskar\u017conej nie skorzystali z mo\u017cliwo\u015bci ugody. Kobieta zosta\u0142a skazana na p\u00f3\u0142 roku wi\u0119zienia w zawieszeniu na rok.<\/p>\n\n\n\n<figure class=\"wp-block-image\"><img decoding=\"async\" src=\"https:\/\/wideoportal.tv\/static\/files\/inline_images\/161\/inline__1785897_5683.jpg\" alt=\"\"\/><\/figure>\n\n\n\n<p>W poniedzia\u0142ek 13 stycznia 2025 roku 66-letnia Izabela M. napisa\u0142a w internecie komentarz dotycz\u0105cy&nbsp;<a href=\"https:\/\/wideoportal.tv\/tag\/jurek-owsiak\/\"><strong>Jurka Owsiaka<\/strong><\/a>.<\/p>\n\n\n\n<blockquote class=\"wp-block-quote is-layout-flow wp-block-quote-is-layout-flow\">\n<p><strong>Gi\u0144 cz\u0142eku i to jak najszybciej do\u015b\u0107 okradania do\u015b\u0107 twojego dorabiania si\u0119 z naiwno\u015bci Polak\u00f3w twoje wille za granic\u0105, twoja willa w Polsce twoje dzieci ucz\u0105 si\u0119 za granic\u0105 i pensje twoje i twojej \u017cony do\u015b\u0107 rozlicz si\u0119 i zmie\u0144 okulary bo takie nosz\u0105 LGBT.<\/strong><\/p>\n<\/blockquote>\n\n\n\n<h2 class=\"wp-block-heading\"><strong>Emerytka skazana na wi\u0119zienie. Przyczyn\u0105 szokuj\u0105cy wpis o Jurku Owsiaku<\/strong><\/h2>\n\n\n\n<p>Dwa dni p\u00f3\u017aniej zosta\u0142a zatrzymana przez policj\u0119. Zarzucono jej kierowanie gr\u00f3\u017ab karalnych oraz publiczne nawo\u0142ywanie do pope\u0142nienia zbrodni wobec szefa Wielkiej Orkiestry \u015awi\u0105tecznej Pomocy. W czerwcu 2025 roku stan\u0119\u0142a S\u0105dem Rejonowym w Toruniu. Obro\u0144cami emerytki zostali prawnicy Ordo Iuris, kt\u00f3rzy argumentowali, \u017ce wpis &#8220;nie wykracza\u0142 poza standardy wypowiedzi spotykanych w mediach spo\u0142eczno\u015bciowych i mia\u0142 charakter emocjonalny, b\u0119d\u0105c wyrazem jej przekona\u0144 w sporze ideowym&#8221;. Oskar\u017cona zapewnia\u0142a, \u017ce nie uwa\u017ca zwrotu &#8220;gi\u0144 cz\u0142eku&#8221; za gro\u017ab\u0119 i m\u00f3wi w ten spos\u00f3b do m\u0119\u017ca.<\/p>\n\n\n\n<p>Reklama<\/p>\n\n\n\n<p>Jurek Owsiak zezna\u0142, \u017ce by\u0142by w stanie zapomnie\u0107 o ca\u0142ej sprawie, je\u017celi kobieta skierowa\u0142aby do niego przeprosiny. Izabela M. przeprosi\u0142a, lecz jednocze\u015bnie sama za\u017c\u0105da\u0142a przeprosin od Owsiaka za walk\u0119 WO\u015aP z seps\u0105, kt\u00f3ra jej zdaniem mia\u0142a charakter polityczny. W\u00f3wczas Jurek Owsiak mia\u0142 zrezygnowa\u0107 z polubownego rozwi\u0105zania.<\/p>\n\n\n\n<p>Kobieta zosta\u0142a skazana na sze\u015bciomiesi\u0119czn\u0105 kar\u0119 wi\u0119zienia w zawieszeniu na rok pr\u00f3by oraz zap\u0142at\u0119 tysi\u0105ca z\u0142otych. Wyrok nie jest prawomocny. Obrona zamierza z\u0142o\u017cy\u0107 apelacj\u0119.<\/p>\n\n\n\n<p>Reklama<\/p>\n\n\n\n<p><a href=\"https:\/\/wideoportal.tv\/artykul\/zamieszanie-wokol-pensji-n1785509\"><strong>SPRAWD\u0179: Zamieszanie wok\u00f3\u0142 pensji dla \u017cony Owsiaka. Jurek m\u00f3wi o NIECZYSTYCH SYTUACJACH<\/strong><\/a><\/p>\n\n\n\n<p>Jurek Owsiak odni\u00f3s\u0142 si\u0119 do sprawy w TVN24.<\/p>\n\n\n\n<blockquote class=\"wp-block-quote is-layout-flow wp-block-quote-is-layout-flow\">\n<p><strong>Nie jest to uderzenie &#8211; jak pr\u00f3buj\u0105 m\u00f3wi\u0107 jej adwokaci &#8211; w wolno\u015b\u0107 s\u0142owa. To nie jest wolno\u015b\u0107 s\u0142owa, kiedy kto\u015b m\u00f3wi o tym, \u017ce &#8220;gi\u0144 cz\u0142owieku&#8221;. Kiedy kto\u015b k\u0142amie, m\u00f3wi\u0105c o tym, \u017ce ja si\u0119 bogac\u0119 na fundacji. To nie jest wolno\u015b\u0107 s\u0142owa. To jest po prostu oskar\u017canie &#8211; stwierdzi\u0142.<\/strong><\/p>\n<\/blockquote>\n\n\n\n<p>Przekaza\u0142, \u017ce na polubowne zako\u0144czenie sprawy nie zgodzili si\u0119 obro\u0144cy oskar\u017conej. Zas\u0105dzony tysi\u0105c z\u0142otych jest got\u00f3w wys\u0142a\u0107 kobiecie, aby nie by\u0142a stratna finansowo.<\/p>\n\n\n\n<p>Reklama<\/p>\n\n\n\n<blockquote class=\"wp-block-quote is-layout-flow wp-block-quote-is-layout-flow\">\n<p><strong>P\u00f3\u0142 roku &#8211; powiem pani tak &#8211; to minie szybko. Prosz\u0119 spotka\u0107 si\u0119 ze mn\u0105. U\u015bciskamy si\u0119. Zapomnie\u0107&#8230; Prosz\u0119 odej\u015b\u0107 od tych adwokat\u00f3w, kt\u00f3r\u0105 pani\u0105 prowadz\u0105 w z\u0142\u0105 stron\u0119. Ja wiem, co to jest wolno\u015b\u0107 s\u0142owa i w kt\u00f3rym momencie jest z zastrze\u017ceniami &#8211; przekonywa\u0142.<\/strong><\/p>\n<\/blockquote>\n\n\n\n<figure class=\"wp-block-image\"><img decoding=\"async\" src=\"https:\/\/wideoportal.tv\/static\/files\/inline_images\/161\/inline__1785897_151.jpg\" alt=\"\"\/><\/figure>\n\n\n\n<p><em>Jerzy Owsiak, fot. KAPiF<\/em><\/p>\n\n\n\n<figure class=\"wp-block-image\"><img decoding=\"async\" src=\"https:\/\/wideoportal.tv\/static\/files\/inline_images\/161\/inline__1785897_4042.jpg\" alt=\"\"\/><\/figure>\n\n\n\n<p><em>Jerzy Owsiak, fot. Adam Burakowski\/East News<\/em><\/p>\n\n\n\n<figure class=\"wp-block-image\"><img decoding=\"async\" src=\"https:\/\/wideoportal.tv\/static\/files\/inline_images\/161\/inline__1785897_8850.jpg\" alt=\"\"\/><\/figure>\n\n\n\n<p><em>Jerzy Owsiak, fot. Anita Walczewska\/East News<\/em><\/p>\n\n\n\n<figure class=\"wp-block-image\"><img decoding=\"async\" src=\"https:\/\/wideoportal.tv\/static\/files\/inline_images\/161\/inline__1785897_9558.jpg\" alt=\"\"\/><\/figure>\n\n\n\n<p><em>Jerzy Owsiak, fot. Wojciech Olkusnik\/East News<\/em><\/p>\n\n\n\n<figure class=\"wp-block-image\"><img decoding=\"async\" src=\"https:\/\/wideoportal.tv\/static\/files\/inline_images\/161\/inline__1785897_9664.jpg\" alt=\"\"\/><\/figure>\n\n\n\n<p><em>Jerzy Owsiak, fot. Wojciech Olkusnik\/East News<\/em><\/p>\n","protected":false},"excerpt":{"rendered":"Po umieszczeniu nieprzychylnego komentarza na temat Jurka Owsiaka do Izabeli M. zapukali policjanci. Emerytce zarzucono kierowanie gr\u00f3\u017ab karalnych. Szef WO\u015aP twierdzi, \u017ce adwokaci \n<a class=\"moretag\" href=\"https:\/\/lifevery.biz.ua\/?p=2123\"> [...]<\/a>","protected":false},"author":1,"featured_media":2124,"comment_status":"open","ping_status":"open","sticky":false,"template":"","format":"standard","meta":{"footnotes":""},"categories":[1],"tags":[],"class_list":["post-2123","post","type-post","status-publish","format-standard","has-post-thumbnail","hentry","category-blog"],"_links":{"self":[{"href":"https:\/\/lifevery.biz.ua\/index.php?rest_route=\/wp\/v2\/posts\/2123","targetHints":{"allow":["GET"]}}],"collection":[{"href":"https:\/\/lifevery.biz.ua\/index.php?rest_route=\/wp\/v2\/posts"}],"about":[{"href":"https:\/\/lifevery.biz.ua\/index.php?rest_route=\/wp\/v2\/types\/post"}],"author":[{"embeddable":true,"href":"https:\/\/lifevery.biz.ua\/index.php?rest_route=\/wp\/v2\/users\/1"}],"replies":[{"embeddable":true,"href":"https:\/\/lifevery.biz.ua\/index.php?rest_route=%2Fwp%2Fv2%2Fcomments&post=2123"}],"version-history":[{"count":1,"href":"https:\/\/lifevery.biz.ua\/index.php?rest_route=\/wp\/v2\/posts\/2123\/revisions"}],"predecessor-version":[{"id":2125,"href":"https:\/\/lifevery.biz.ua\/index.php?rest_route=\/wp\/v2\/posts\/2123\/revisions\/2125"}],"wp:featuredmedia":[{"embeddable":true,"href":"https:\/\/lifevery.biz.ua\/index.php?rest_route=\/wp\/v2\/media\/2124"}],"wp:attachment":[{"href":"https:\/\/lifevery.biz.ua\/index.php?rest_route=%2Fwp%2Fv2%2Fmedia&parent=2123"}],"wp:term":[{"taxonomy":"category","embeddable":true,"href":"https:\/\/lifevery.biz.ua\/index.php?rest_route=%2Fwp%2Fv2%2Fcategories&post=2123"},{"taxonomy":"post_tag","embeddable":true,"href":"https:\/\/lifevery.biz.ua\/index.php?rest_route=%2Fwp%2Fv2%2Ftags&post=2123"}],"curies":[{"name":"wp","href":"https:\/\/api.w.org\/{rel}","templated":true}]}}