{"id":21216,"date":"2026-08-25T21:11:22","date_gmt":"2026-08-25T21:11:22","guid":{"rendered":"https:\/\/lifevery.biz.ua\/?p=21216"},"modified":"2026-08-25T21:11:22","modified_gmt":"2026-08-25T21:11:22","slug":"powazny-wypadek-pod-brzesciem-kujawskim-samochody-zderzyly-sie-z-ciezarowka-w-jednym-z-aut-bylo-niemowle","status":"publish","type":"post","link":"https:\/\/lifevery.biz.ua\/?p=21216","title":{"rendered":"Powa\u017cny wypadek pod Brze\u015bciem Kujawskim. Samochody zderzy\u0142y si\u0119 z ci\u0119\u017car\u00f3wk\u0105, w jednym z aut by\u0142o niemowl\u0119"},"content":{"rendered":"\n<p class=\"wp-block-paragraph\">Powa\u017cny wypadek pod Brze\u015bciem Kujawskim. Samochody zderzy\u0142y si\u0119 z ci\u0119\u017car\u00f3wk\u0105, w jednym z aut by\u0142o niemowl\u0119<\/p>\n\n\n\n<p class=\"wp-block-paragraph\">Wypadek na DW270, fot. Komenda Miejska PSP we W\u0142oclawku<br>Jedna osoba trafi\u0142a do szpitala po zderzeniu czterech pojazd\u00f3w w Rzadkiej Woli w gminie Brze\u015b\u0107 Kujawski. Do zdarzenia dosz\u0142o w pi\u0105tek 21 sierpnia na drodze wojew\u00f3dzkiej nr 270. W kolizji uczestniczy\u0142y trzy samochody osobowe oraz ci\u0119\u017carowa Scania. Policjanci ustalili wst\u0119pny przebieg zdarzenia.<\/p>\n\n\n\n<p class=\"wp-block-paragraph\">Do zderzenia dosz\u0142o oko\u0142o godz. 9:30. Pojazdami podr\u00f3\u017cowa\u0142o \u0142\u0105cznie osiem os\u00f3b, w\u015br\u00f3d nich 8-miesi\u0119czne dziecko. Na miejsce skierowano stra\u017c po\u017carn\u0105, policj\u0119 oraz zesp\u00f3\u0142 ratownictwa medycznego. Na czas dzia\u0142a\u0144 s\u0142u\u017cb droga wojew\u00f3dzka nr 270 zosta\u0142a ca\u0142kowicie zablokowana.<\/p>\n\n\n\n<p class=\"wp-block-paragraph\">Zderzenie czterech pojazd\u00f3w w Rzadkiej Woli. 61-latka trafi\u0142a do szpitala<br>W pi\u0105tkowym zdarzeniu na DW270 uczestniczy\u0142y trzy samochody osobowe i tir. Po zderzeniu samochody osobowe pozosta\u0142y na jezdni i zablokowa\u0142y przejazd. Ci\u0119\u017car\u00f3wka zatrzyma\u0142a si\u0119 natomiast na poboczu, w rowie.<\/p>\n\n\n\n<p class=\"wp-block-paragraph\">\u0141\u0105cznie wszystkimi pojazdami podr\u00f3\u017cowa\u0142o osiem os\u00f3b. W jednym z samochod\u00f3w znajdowa\u0142o si\u0119 tak\u017ce 8-miesi\u0119czne dziecko. Pomocy medycznej wymaga\u0142a 61-letnia kobieta. Zesp\u00f3\u0142 ratownictwa medycznego zdecydowa\u0142 o przewiezieniu jej do szpitala.<\/p>\n\n\n\n<p class=\"wp-block-paragraph\">To w\u0142a\u015bnie od charakteru obra\u017ce\u0144 kobiety ma zale\u017ce\u0107 ostateczna kwalifikacja zdarzenia. Je\u017celi obra\u017cenia spe\u0142ni\u0105 odpowiednie kryteria, sprawa zostanie potraktowana jako wypadek. W przeciwnym razie zdarzenie b\u0119dzie kwalifikowane jako kolizja.<br><\/p>\n\n\n\n<p class=\"wp-block-paragraph\">Policja ustali\u0142a wst\u0119pny przebieg zdarzenia na DW270<br>Policjanci przeprowadzili na miejscu pierwsze ustalenia dotycz\u0105ce tego, jak dosz\u0142o do zderzenia. Wed\u0142ug wst\u0119pnych informacji kieruj\u0105ca BMW jecha\u0142a w stron\u0119 Brze\u015bcia Kujawskiego.<\/p>\n\n\n\n<p class=\"wp-block-paragraph\">Kobieta mia\u0142a nie zachowa\u0107 bezpiecznej odleg\u0142o\u015bci od jad\u0105cej przed ni\u0105 Toyoty i najecha\u0107 na ten samoch\u00f3d. Po uderzeniu Toyota znalaz\u0142a si\u0119 na przeciwleg\u0142ym pasie ruchu.<\/p>\n\n\n\n<p class=\"wp-block-paragraph\">Tam dosz\u0142o do kolejnych zderze\u0144. Toyota zderzy\u0142a si\u0119 z ci\u0119\u017carow\u0105 Scani\u0105, a nast\u0119pnie tak\u017ce z Hyundaiem. W efekcie w ca\u0142ym zdarzeniu uczestniczy\u0142y cztery pojazdy.<\/p>\n","protected":false},"excerpt":{"rendered":"Powa\u017cny wypadek pod Brze\u015bciem Kujawskim. Samochody zderzy\u0142y si\u0119 z ci\u0119\u017car\u00f3wk\u0105, w jednym z aut by\u0142o niemowl\u0119 Wypadek na DW270, fot. Komenda Miejska PSP \n<a class=\"moretag\" href=\"https:\/\/lifevery.biz.ua\/?p=21216\"> [...]<\/a>","protected":false},"author":1,"featured_media":21217,"comment_status":"open","ping_status":"open","sticky":false,"template":"","format":"standard","meta":{"footnotes":""},"categories":[1],"tags":[],"class_list":["post-21216","post","type-post","status-publish","format-standard","has-post-thumbnail","hentry","category-blog"],"_links":{"self":[{"href":"https:\/\/lifevery.biz.ua\/index.php?rest_route=\/wp\/v2\/posts\/21216","targetHints":{"allow":["GET"]}}],"collection":[{"href":"https:\/\/lifevery.biz.ua\/index.php?rest_route=\/wp\/v2\/posts"}],"about":[{"href":"https:\/\/lifevery.biz.ua\/index.php?rest_route=\/wp\/v2\/types\/post"}],"author":[{"embeddable":true,"href":"https:\/\/lifevery.biz.ua\/index.php?rest_route=\/wp\/v2\/users\/1"}],"replies":[{"embeddable":true,"href":"https:\/\/lifevery.biz.ua\/index.php?rest_route=%2Fwp%2Fv2%2Fcomments&post=21216"}],"version-history":[{"count":1,"href":"https:\/\/lifevery.biz.ua\/index.php?rest_route=\/wp\/v2\/posts\/21216\/revisions"}],"predecessor-version":[{"id":21218,"href":"https:\/\/lifevery.biz.ua\/index.php?rest_route=\/wp\/v2\/posts\/21216\/revisions\/21218"}],"wp:featuredmedia":[{"embeddable":true,"href":"https:\/\/lifevery.biz.ua\/index.php?rest_route=\/wp\/v2\/media\/21217"}],"wp:attachment":[{"href":"https:\/\/lifevery.biz.ua\/index.php?rest_route=%2Fwp%2Fv2%2Fmedia&parent=21216"}],"wp:term":[{"taxonomy":"category","embeddable":true,"href":"https:\/\/lifevery.biz.ua\/index.php?rest_route=%2Fwp%2Fv2%2Fcategories&post=21216"},{"taxonomy":"post_tag","embeddable":true,"href":"https:\/\/lifevery.biz.ua\/index.php?rest_route=%2Fwp%2Fv2%2Ftags&post=21216"}],"curies":[{"name":"wp","href":"https:\/\/api.w.org\/{rel}","templated":true}]}}