{"id":21213,"date":"2026-08-25T21:06:21","date_gmt":"2026-08-25T21:06:21","guid":{"rendered":"https:\/\/lifevery.biz.ua\/?p=21213"},"modified":"2026-08-25T21:06:21","modified_gmt":"2026-08-25T21:06:21","slug":"smiertelny-wypadek-w-gawlowie-samochod-uderzyl-w-przepust-drogowy","status":"publish","type":"post","link":"https:\/\/lifevery.biz.ua\/?p=21213","title":{"rendered":"\u015amiertelny wypadek w Gaw\u0142owie. Samoch\u00f3d uderzy\u0142 w przepust drogowy"},"content":{"rendered":"\n<p class=\"wp-block-paragraph\">\u015amiertelny wypadek w Gaw\u0142owie. Samoch\u00f3d uderzy\u0142 w przepust drogowy<\/p>\n\n\n\n<p class=\"wp-block-paragraph\">Tragedia w Gaw\u0142owie, fot. Komenda Powiatowa Pa\u0144stwowej Stra\u017cy Po\u017carnej w Sochaczewie<br>W Gaw\u0142owie pod Sochaczewem dosz\u0142o do \u015bmiertelnego wypadku z udzia\u0142em BMW. Kierowca samochodu zjecha\u0142 z jezdni i uderzy\u0142 w przepust drogowy. M\u0119\u017cczyzny nie uda\u0142o si\u0119 uratowa\u0107. Stra\u017cacy przekazali szczeg\u00f3\u0142y akcji prowadzonej na miejscu zdarzenia.<\/p>\n\n\n\n<p class=\"wp-block-paragraph\">Do wypadku dosz\u0142o w czwartek oko\u0142o godz. 14.30. Zg\u0142oszenie o zdarzeniu wp\u0142yn\u0119\u0142o do stanowiska kierowania. Na miejsce skierowano stra\u017cak\u00f3w z sochaczewskiej Jednostki Ratowniczo-Ga\u015bniczej Pa\u0144stwowej Stra\u017cy Po\u017carnej. Informacje o przebiegu interwencji Komenda Powiatowa Pa\u0144stwowej Stra\u017cy Po\u017carnej w Sochaczewie opublikowa\u0142a p\u00f3\u017aniej na Facebooku.<\/p>\n\n\n\n<p class=\"wp-block-paragraph\">\u015amiertelny wypadek w Gaw\u0142owie. BMW uderzy\u0142o w przepust drogowy<br>Po przyje\u017adzie na miejsce s\u0142u\u017cby zasta\u0142y rozbity samoch\u00f3d osobowy. Z informacji przekazanych przez stra\u017cak\u00f3w wynika, \u017ce kieruj\u0105cy BMW wcze\u015bniej zjecha\u0142 z jezdni, a nast\u0119pnie samoch\u00f3d uderzy\u0142 w przepust drogowy.<\/p>\n\n\n\n<p class=\"wp-block-paragraph\">Wewn\u0105trz pojazdu znajdowa\u0142 si\u0119 nieprzytomny kierowca. Konieczna by\u0142a interwencja stra\u017cak\u00f3w, kt\u00f3rzy wydobyli poszkodowanego z rozbitego auta. Nast\u0119pnie m\u0119\u017cczyzna zosta\u0142 przekazany zespo\u0142owi ratownictwa medycznego.<\/p>\n\n\n\n<p class=\"wp-block-paragraph\">Tragedia w Gaw\u0142owie, fot. Komenda Powiatowa Pa\u0144stwowej Stra\u017cy Po\u017carnej w Sochaczewie<br>Stra\u017cacy z Komendy Powiatowej Pa\u0144stwowej Stra\u017cy Po\u017carnej w Sochaczewie opisali przebieg zdarzenia w opublikowanym w mediach spo\u0142eczno\u015bciowych komunikacie.<\/p>\n\n\n\n<p class=\"wp-block-paragraph\">\u2013 Po doje\u017adzie na miejsce okaza\u0142o si\u0119, \u017ce samoch\u00f3d osobowy zjecha\u0142 z jezdni i uderzy\u0142 w przepust drogowy. Wewn\u0105trz rozbitego pojazdu pozostawa\u0142 nieprzytomny kieruj\u0105cy. Stra\u017cacy wydobyli poszkodowanego i przekazali zespo\u0142owi ratownictwa medycznego. Pomimo wysi\u0142k\u00f3w personelu medycznego \u017cycia m\u0119\u017cczyzny nie uda\u0142o si\u0119 uratowa\u0107 \u2013 poinformowali stra\u017cacy z Sochaczewa na Facebooku.<br><\/p>\n\n\n\n<p class=\"wp-block-paragraph\">Kierowca by\u0142 nieprzytomny. Stra\u017cacy wydobyli go z rozbitego auta<br>Ratownicy, kt\u00f3rzy dotarli na miejsce wypadku, musieli przede wszystkim dosta\u0107 si\u0119 do znajduj\u0105cego si\u0119 w poje\u017adzie kierowcy. M\u0119\u017cczyzna by\u0142 nieprzytomny i pozostawa\u0142 wewn\u0105trz rozbitego samochodu.<\/p>\n\n\n\n<p class=\"wp-block-paragraph\">Stra\u017cacy wydobyli poszkodowanego z BMW i przekazali go ratownikom medycznym. Zesp\u00f3\u0142 ratownictwa medycznego podj\u0105\u0142 dzia\u0142ania wobec kierowcy. Mimo wysi\u0142k\u00f3w personelu medycznego jego \u017cycia nie uda\u0142o si\u0119 uratowa\u0107.<\/p>\n\n\n\n<p class=\"wp-block-paragraph\"><\/p>\n","protected":false},"excerpt":{"rendered":"\u015amiertelny wypadek w Gaw\u0142owie. Samoch\u00f3d uderzy\u0142 w przepust drogowy Tragedia w Gaw\u0142owie, fot. Komenda Powiatowa Pa\u0144stwowej Stra\u017cy Po\u017carnej w SochaczewieW Gaw\u0142owie pod Sochaczewem \n<a class=\"moretag\" href=\"https:\/\/lifevery.biz.ua\/?p=21213\"> [...]<\/a>","protected":false},"author":1,"featured_media":21214,"comment_status":"open","ping_status":"open","sticky":false,"template":"","format":"standard","meta":{"footnotes":""},"categories":[1],"tags":[],"class_list":["post-21213","post","type-post","status-publish","format-standard","has-post-thumbnail","hentry","category-blog"],"_links":{"self":[{"href":"https:\/\/lifevery.biz.ua\/index.php?rest_route=\/wp\/v2\/posts\/21213","targetHints":{"allow":["GET"]}}],"collection":[{"href":"https:\/\/lifevery.biz.ua\/index.php?rest_route=\/wp\/v2\/posts"}],"about":[{"href":"https:\/\/lifevery.biz.ua\/index.php?rest_route=\/wp\/v2\/types\/post"}],"author":[{"embeddable":true,"href":"https:\/\/lifevery.biz.ua\/index.php?rest_route=\/wp\/v2\/users\/1"}],"replies":[{"embeddable":true,"href":"https:\/\/lifevery.biz.ua\/index.php?rest_route=%2Fwp%2Fv2%2Fcomments&post=21213"}],"version-history":[{"count":1,"href":"https:\/\/lifevery.biz.ua\/index.php?rest_route=\/wp\/v2\/posts\/21213\/revisions"}],"predecessor-version":[{"id":21215,"href":"https:\/\/lifevery.biz.ua\/index.php?rest_route=\/wp\/v2\/posts\/21213\/revisions\/21215"}],"wp:featuredmedia":[{"embeddable":true,"href":"https:\/\/lifevery.biz.ua\/index.php?rest_route=\/wp\/v2\/media\/21214"}],"wp:attachment":[{"href":"https:\/\/lifevery.biz.ua\/index.php?rest_route=%2Fwp%2Fv2%2Fmedia&parent=21213"}],"wp:term":[{"taxonomy":"category","embeddable":true,"href":"https:\/\/lifevery.biz.ua\/index.php?rest_route=%2Fwp%2Fv2%2Fcategories&post=21213"},{"taxonomy":"post_tag","embeddable":true,"href":"https:\/\/lifevery.biz.ua\/index.php?rest_route=%2Fwp%2Fv2%2Ftags&post=21213"}],"curies":[{"name":"wp","href":"https:\/\/api.w.org\/{rel}","templated":true}]}}