{"id":21186,"date":"2026-08-25T19:35:38","date_gmt":"2026-08-25T19:35:38","guid":{"rendered":"https:\/\/lifevery.biz.ua\/?p=21186"},"modified":"2026-08-25T19:35:38","modified_gmt":"2026-08-25T19:35:38","slug":"eskalacja-konfliktu-nad-morskim-okiem-splonal-samochod-aktywistow-dioz","status":"publish","type":"post","link":"https:\/\/lifevery.biz.ua\/?p=21186","title":{"rendered":"Eskalacja konfliktu nad Morskim Okiem. Sp\u0142on\u0105\u0142 samoch\u00f3d aktywist\u00f3w DIOZ"},"content":{"rendered":"\n<p class=\"wp-block-paragraph\">fot. DIOZ Dolno\u015bl\u0105ski Inspektorat Ochrony Zwierz\u0105t\/facebook<br>Na Podhalu dosz\u0142o do kolejnego incydentu z udzia\u0142em aktywist\u00f3w walcz\u0105cych o konie wykorzystywane do transportu turyst\u00f3w do Morskiego Oka. W nocy z soboty na niedziel\u0119 sp\u0142on\u0105\u0142 samoch\u00f3d nale\u017c\u0105cy do Dolno\u015bl\u0105skiego Inspektoratu Ochrony Zwierz\u0105t. Policja wst\u0119pnie zak\u0142ada, \u017ce pojazd zosta\u0142 podpalony.<\/p>\n\n\n\n<p class=\"wp-block-paragraph\">Do zdarzenia dosz\u0142o oko\u0142o godz. 2 w nocy w pobli\u017cu jednego z obiekt\u00f3w noclegowych na terenie gminy Bukowina Tatrza\u0144ska. Na miejscu przeprowadzono ogl\u0119dziny samochodu i zabezpieczono materia\u0142, kt\u00f3ry mo\u017ce pom\u00f3c w wyja\u015bnieniu okoliczno\u015bci po\u017caru.<\/p>\n\n\n\n<p class=\"wp-block-paragraph\">Protest na trasie do Morskiego Oka. Policja interweniowa\u0142a<br>Do po\u017caru samochodu DIOZ dosz\u0142o nied\u0142ugo po prote\u015bcie zorganizowanym na trasie prowadz\u0105cej do Morskiego Oka. Aktywi\u015bci sprzeciwiali si\u0119 wykorzystywaniu koni do transportowania turyst\u00f3w. Ich dzia\u0142ania doprowadzi\u0142y do interwencji policji, poniewa\u017c protestuj\u0105cy blokowali przejazd jednego z woz\u00f3w. Funkcjonariusze u\u017cyli si\u0142y, aby odsun\u0105\u0107 ich z drogi i umo\u017cliwi\u0107 dalszy przejazd.<\/p>\n\n\n\n<p class=\"wp-block-paragraph\">Sp\u00f3r dotycz\u0105cy transportu konnego do Morskiego Oka od lat anga\u017cuje organizacje prozwierz\u0119ce, kt\u00f3re domagaj\u0105 si\u0119 jego likwidacji. Aktywi\u015bci wskazuj\u0105 na problem przeci\u0105\u017cania i przem\u0119czania zwierz\u0105t wykorzystywanych do przewozu turyst\u00f3w. Protest zorganizowany w sobot\u0119 by\u0142 kolejnym dzia\u0142aniem podejmowanym w tej sprawie. Na miejscu pojawi\u0142a si\u0119 policja, a zachowanie funkcjonariuszy sta\u0142o si\u0119 jednym z element\u00f3w p\u00f3\u017aniejszych komentarzy DIOZ dotycz\u0105cych sytuacji na Podhalu. Policjanci si\u0142owo usun\u0119li z drogi aktywist\u00f3w blokuj\u0105cych przejazd zaprz\u0119g\u00f3w konnych.<\/p>\n\n\n\n<p class=\"wp-block-paragraph\">Organizacja zapowiedzia\u0142a jednocze\u015bnie, \u017ce protesty nie zako\u0144cz\u0105 si\u0119 na sobotnim wydarzeniu. Przedstawiciele DIOZ przekazali, \u017ce w poniedzia\u0142ek zamierzaj\u0105 ponownie zablokowa\u0107 transport konny do Morskiego Oka. Domagaj\u0105 si\u0119 tak\u017ce obecno\u015bci minister klimatu i \u015brodowiska Pauliny Hennig-Kloski.&nbsp;<\/p>\n\n\n\n<p class=\"wp-block-paragraph\">Korupcyjno-mafijny tatrza\u0144ski uk\u0142ad zamkni\u0119ty padnie pr\u0119dzej, czy p\u00f3\u017aniej \u2013 pisze DIOZ w jednym z post\u00f3w.<\/p>\n\n\n\n<p class=\"wp-block-paragraph\">Nie przedstawili jednak w przytoczonym komunikacie szczeg\u00f3\u0142\u00f3w, kt\u00f3re mia\u0142yby potwierdza\u0107 takie okre\u015blenie.<br>Samoch\u00f3d DIOZ sp\u0142on\u0105\u0142 w nocy. Policja m\u00f3wi o podpaleniu<br>W nocy z soboty na niedziel\u0119 dosz\u0142o natomiast do po\u017caru samochodu nale\u017c\u0105cego do Dolno\u015bl\u0105skiego Inspektoratu Ochrony Zwierz\u0105t. Pojazd znajdowa\u0142 si\u0119 w pobli\u017cu jednego z obiekt\u00f3w noclegowych w gminie Bukowina Tatrza\u0144ska. Wed\u0142ug informacji przekazanych przez DIOZ samoch\u00f3d ca\u0142kowicie sp\u0142on\u0105\u0142, a jego warto\u015b\u0107 organizacja okre\u015bli\u0142a na p\u00f3\u0142 miliona z\u0142otych.<\/p>\n\n\n\n<p class=\"wp-block-paragraph\">DIOZ w swoim komunikacie zdecydowanie wskaza\u0142, kto jego zdaniem odpowiada za zdarzenie.<\/p>\n\n\n\n<p class=\"wp-block-paragraph\">G\u00f3rale podpalili auto DIOZ do ratowania zwierz\u0105t &#8211; napisali przedstawiciele organizacji w jednym z post\u00f3w na platformie facebook.<\/p>\n\n\n\n<p class=\"wp-block-paragraph\">Jednocze\u015bnie aktywi\u015bci przekazali, \u017ce od czasu pojawienia si\u0119 w Bukowinie Tatrza\u0144skiej mieli by\u0107 \u015bledzeni, a tak\u017ce otrzymywa\u0107 gro\u017aby \u015bmierci i gro\u017aby dotycz\u0105ce podpalenia o\u015brodk\u00f3w. Organizacja za\u017c\u0105da\u0142a pilnego i niezale\u017cnego \u015bledztwa oraz ochrony policyjnej.<\/p>\n\n\n\n<p class=\"wp-block-paragraph\">Policja potwierdzi\u0142a w rozmowie z Radiem Alex, \u017ce wst\u0119pne ustalenia wskazuj\u0105 na podpalenie pojazdu. St. asp. Maciej Kasprzycki przekaza\u0142, \u017ce funkcjonariusze rozpatruj\u0105 kilka aspekt\u00f3w sprawy, jednak najbardziej prawdopodobn\u0105 wersj\u0105 pozostaje podpalenie.<\/p>\n\n\n\n<p class=\"wp-block-paragraph\">Najbardziej prawdopodobn\u0105 wersj\u0105 jest podpalenie pojazdu, wi\u0119c tu b\u0119dziemy ukierunkowa\u0107 nasze dzia\u0142ania, \u017ceby ustali\u0107 ewentualn\u0105 to\u017csamo\u015b\u0107 sprawcy b\u0105d\u017a sprawc\u00f3w &#8211; powiedzia\u0142 asp. Maciej Kasprzycki Radiu Alex.<\/p>\n\n\n\n<p class=\"wp-block-paragraph\">W niedziel\u0119 planowane by\u0142y kolejne czynno\u015bci, w tym przes\u0142uchiwanie \u015bwiadk\u00f3w, zabezpieczanie nagra\u0144 monitoringu oraz rozmowy z mieszka\u0144cami okolicy. Na tym etapie policja nie wskaza\u0142a osoby odpowiedzialnej za podpalenie.<br>DIOZ \u017c\u0105da \u015bledztwa i zapowiada kolejne dzia\u0142ania<br>Po po\u017carze samochodu DIOZ zwr\u00f3ci\u0142 si\u0119 r\u00f3wnie\u017c o reakcj\u0119 Ministerstwa Spraw Wewn\u0119trznych i Administracji oraz Ministerstwa Klimatu i \u015arodowiska. Aktywi\u015bci domagaj\u0105 si\u0119 wyja\u015bnienia sprawy. W komunikacie organizacja poinformowa\u0142a tak\u017ce o zamiarze podj\u0119cia dzia\u0142a\u0144 prawnych wobec os\u00f3b, kt\u00f3re maj\u0105 publikowa\u0107 pod jej adresem gro\u017aby, hejt lub znies\u0142awienia.<br><\/p>\n","protected":false},"excerpt":{"rendered":"fot. DIOZ Dolno\u015bl\u0105ski Inspektorat Ochrony Zwierz\u0105t\/facebookNa Podhalu dosz\u0142o do kolejnego incydentu z udzia\u0142em aktywist\u00f3w walcz\u0105cych o konie wykorzystywane do transportu turyst\u00f3w do Morskiego \n<a class=\"moretag\" href=\"https:\/\/lifevery.biz.ua\/?p=21186\"> [...]<\/a>","protected":false},"author":1,"featured_media":21187,"comment_status":"open","ping_status":"open","sticky":false,"template":"","format":"standard","meta":{"footnotes":""},"categories":[1],"tags":[],"class_list":["post-21186","post","type-post","status-publish","format-standard","has-post-thumbnail","hentry","category-blog"],"_links":{"self":[{"href":"https:\/\/lifevery.biz.ua\/index.php?rest_route=\/wp\/v2\/posts\/21186","targetHints":{"allow":["GET"]}}],"collection":[{"href":"https:\/\/lifevery.biz.ua\/index.php?rest_route=\/wp\/v2\/posts"}],"about":[{"href":"https:\/\/lifevery.biz.ua\/index.php?rest_route=\/wp\/v2\/types\/post"}],"author":[{"embeddable":true,"href":"https:\/\/lifevery.biz.ua\/index.php?rest_route=\/wp\/v2\/users\/1"}],"replies":[{"embeddable":true,"href":"https:\/\/lifevery.biz.ua\/index.php?rest_route=%2Fwp%2Fv2%2Fcomments&post=21186"}],"version-history":[{"count":1,"href":"https:\/\/lifevery.biz.ua\/index.php?rest_route=\/wp\/v2\/posts\/21186\/revisions"}],"predecessor-version":[{"id":21188,"href":"https:\/\/lifevery.biz.ua\/index.php?rest_route=\/wp\/v2\/posts\/21186\/revisions\/21188"}],"wp:featuredmedia":[{"embeddable":true,"href":"https:\/\/lifevery.biz.ua\/index.php?rest_route=\/wp\/v2\/media\/21187"}],"wp:attachment":[{"href":"https:\/\/lifevery.biz.ua\/index.php?rest_route=%2Fwp%2Fv2%2Fmedia&parent=21186"}],"wp:term":[{"taxonomy":"category","embeddable":true,"href":"https:\/\/lifevery.biz.ua\/index.php?rest_route=%2Fwp%2Fv2%2Fcategories&post=21186"},{"taxonomy":"post_tag","embeddable":true,"href":"https:\/\/lifevery.biz.ua\/index.php?rest_route=%2Fwp%2Fv2%2Ftags&post=21186"}],"curies":[{"name":"wp","href":"https:\/\/api.w.org\/{rel}","templated":true}]}}