{"id":21183,"date":"2026-08-25T19:31:25","date_gmt":"2026-08-25T19:31:25","guid":{"rendered":"https:\/\/lifevery.biz.ua\/?p=21183"},"modified":"2026-08-25T19:31:25","modified_gmt":"2026-08-25T19:31:25","slug":"smiertelny-wypadek-na-dk11-volkswagen-zderzyl-sie-czolowo-z-busem","status":"publish","type":"post","link":"https:\/\/lifevery.biz.ua\/?p=21183","title":{"rendered":"\u015amiertelny wypadek na DK11. Volkswagen zderzy\u0142 si\u0119 czo\u0142owo z busem"},"content":{"rendered":"\n<p class=\"wp-block-paragraph\">\u015amiertelny wypadek na DK11. Volkswagen zderzy\u0142 si\u0119 czo\u0142owo z busem<\/p>\n\n\n\n<p class=\"wp-block-paragraph\">fot. Komenda Powiatowa Policji w Chodzie\u017cy<br>Tragiczny wypadek na drodze krajowej nr 11 w okolicach Budzynia. Samoch\u00f3d osobowy zderzy\u0142 si\u0119 czo\u0142owo z busem. Kierowca Volkswagena zgin\u0105\u0142 na miejscu. Droga jest zablokowana, a kierowcy musz\u0105 korzysta\u0107 z objazd\u00f3w.<\/p>\n\n\n\n<p class=\"wp-block-paragraph\">Do zdarzenia dosz\u0142o w niedziel\u0119 oko\u0142o godz. 7 na odcinku DK11 pomi\u0119dzy Chodzie\u017c\u0105 a Obornikami, w powiecie chodzieskim. Na miejscu prowadzone s\u0105 czynno\u015bci s\u0142u\u017cb.<\/p>\n\n\n\n<p class=\"wp-block-paragraph\">Volkswagen zjecha\u0142 na przeciwleg\u0142y pas. Dosz\u0142o do czo\u0142owego zderzenia<br>Z dotychczasowych ustale\u0144 wynika, \u017ce do wypadku dosz\u0142o po tym, jak kieruj\u0105cy samochodem osobowym marki Volkswagen znalaz\u0142 si\u0119 na pasie przeznaczonym dla pojazd\u00f3w jad\u0105cych w przeciwnym kierunku. Z nieustalonego jeszcze powodu zjecha\u0142 ze swojego pasa i zderzy\u0142 si\u0119 z busem Renault, kt\u00f3ry porusza\u0142 si\u0119 od strony Chodzie\u017cy.<\/p>\n\n\n\n<p class=\"wp-block-paragraph\">Wst\u0119pne informacje wskazuj\u0105, i\u017c kieruj\u0105cy samochodem osobowym marki VW z nieznanych jeszcze przyczyn zjecha\u0142 na przeciwleg\u0142y pas ruchu i zderzy\u0142 si\u0119 z jad\u0105cym od strony miejscowo\u015bci Chodzie\u017c busem marki Renault &#8211; poinformowa\u0142a policja.<\/p>\n\n\n\n<p class=\"wp-block-paragraph\">Na tym etapie s\u0105 to wst\u0119pne ustalenia dotycz\u0105ce przebiegu zdarzenia. Na miejscu prowadzone s\u0105 czynno\u015bci, kt\u00f3re maj\u0105 pozwoli\u0107 na dok\u0142adne odtworzenie okoliczno\u015bci wypadku.\u00a0<br><\/p>\n\n\n\n<p class=\"wp-block-paragraph\">Jeden z kierowc\u00f3w zgin\u0105\u0142 na miejscu. Drugi kieruj\u0105cy z obra\u017ceniami<br>Zderzenie mia\u0142o tragiczne konsekwencje dla kierowcy samochodu osobowego. M\u0119\u017cczyzna prowadz\u0105cy Volkswagena odni\u00f3s\u0142 obra\u017cenia, w wyniku kt\u00f3rych poni\u00f3s\u0142 \u015bmier\u0107 na miejscu. Policja poinformowa\u0142a, \u017ce kieruj\u0105cy drugim pojazdem, czyli busem marki Renault, dozna\u0142 powierzchownych obra\u017ce\u0144 cia\u0142a.<\/p>\n\n\n\n<p class=\"wp-block-paragraph\">Na miejscu wypadku pracuj\u0105 s\u0142u\u017cby. Prowadzone s\u0105 czynno\u015bci zwi\u0105zane ze zdarzeniem, a droga pozostaje zablokowana. Policja zabezpiecza miejsce wypadku i zajmuje si\u0119 ustaleniem jego dok\u0142adnego przebiegu.&nbsp;<\/p>\n\n\n\n<p class=\"wp-block-paragraph\">Jak wynika z informacji przekazanych przez Komend\u0119 Powiatow\u0105 PSP w Chodzie\u017cy, w dzia\u0142aniach na miejscu zdarzenia bra\u0142y udzia\u0142 JRG Chodzie\u017c, OSP KSRG Budzy\u0144, OSP KSRG Str\u00f3\u017cewo, OSP Podstolice, Zesp\u00f3\u0142 Ratownictwa Medycznego oraz Policja.<br><\/p>\n\n\n\n<p class=\"wp-block-paragraph\">Policjanci kieruj\u0105 samochody objazdami. Osoby jad\u0105ce w stron\u0119 Pi\u0142y s\u0105 kierowane przez Margonin. Z kolei kierowcy podr\u00f3\u017cuj\u0105cy w stron\u0119 Chodzie\u017cy i dalej w kierunku Pi\u0142y z kierunku Poznania maj\u0105 korzysta\u0107 z objazdu przez Wyszyny. Rozwi\u0105zanie to ma umo\u017cliwi\u0107 omini\u0119cie zablokowanego fragmentu DK11.<\/p>\n\n\n\n<p class=\"wp-block-paragraph\">Policja zaznaczy\u0142a, \u017ce o zako\u0144czeniu utrudnie\u0144 poinformuje w komunikacie. Do tego czasu kierowcy powinni uwzgl\u0119dni\u0107 mo\u017cliwe op\u00f3\u017anienia i stosowa\u0107 si\u0119 do polece\u0144 funkcjonariuszy kieruj\u0105cych ruchem.<\/p>\n\n\n\n<p class=\"wp-block-paragraph\"><\/p>\n","protected":false},"excerpt":{"rendered":"\u015amiertelny wypadek na DK11. Volkswagen zderzy\u0142 si\u0119 czo\u0142owo z busem fot. Komenda Powiatowa Policji w Chodzie\u017cyTragiczny wypadek na drodze krajowej nr 11 w \n<a class=\"moretag\" href=\"https:\/\/lifevery.biz.ua\/?p=21183\"> [...]<\/a>","protected":false},"author":1,"featured_media":21184,"comment_status":"open","ping_status":"open","sticky":false,"template":"","format":"standard","meta":{"footnotes":""},"categories":[1],"tags":[],"class_list":["post-21183","post","type-post","status-publish","format-standard","has-post-thumbnail","hentry","category-blog"],"_links":{"self":[{"href":"https:\/\/lifevery.biz.ua\/index.php?rest_route=\/wp\/v2\/posts\/21183","targetHints":{"allow":["GET"]}}],"collection":[{"href":"https:\/\/lifevery.biz.ua\/index.php?rest_route=\/wp\/v2\/posts"}],"about":[{"href":"https:\/\/lifevery.biz.ua\/index.php?rest_route=\/wp\/v2\/types\/post"}],"author":[{"embeddable":true,"href":"https:\/\/lifevery.biz.ua\/index.php?rest_route=\/wp\/v2\/users\/1"}],"replies":[{"embeddable":true,"href":"https:\/\/lifevery.biz.ua\/index.php?rest_route=%2Fwp%2Fv2%2Fcomments&post=21183"}],"version-history":[{"count":1,"href":"https:\/\/lifevery.biz.ua\/index.php?rest_route=\/wp\/v2\/posts\/21183\/revisions"}],"predecessor-version":[{"id":21185,"href":"https:\/\/lifevery.biz.ua\/index.php?rest_route=\/wp\/v2\/posts\/21183\/revisions\/21185"}],"wp:featuredmedia":[{"embeddable":true,"href":"https:\/\/lifevery.biz.ua\/index.php?rest_route=\/wp\/v2\/media\/21184"}],"wp:attachment":[{"href":"https:\/\/lifevery.biz.ua\/index.php?rest_route=%2Fwp%2Fv2%2Fmedia&parent=21183"}],"wp:term":[{"taxonomy":"category","embeddable":true,"href":"https:\/\/lifevery.biz.ua\/index.php?rest_route=%2Fwp%2Fv2%2Fcategories&post=21183"},{"taxonomy":"post_tag","embeddable":true,"href":"https:\/\/lifevery.biz.ua\/index.php?rest_route=%2Fwp%2Fv2%2Ftags&post=21183"}],"curies":[{"name":"wp","href":"https:\/\/api.w.org\/{rel}","templated":true}]}}