{"id":21177,"date":"2026-08-25T19:07:15","date_gmt":"2026-08-25T19:07:15","guid":{"rendered":"https:\/\/lifevery.biz.ua\/?p=21177"},"modified":"2026-08-25T19:07:15","modified_gmt":"2026-08-25T19:07:15","slug":"smiertelny-wypadek-pod-tarnobrzegiem-z-udzialem-bmw-2-osoby-nie-zyja-2-powaznie-ranne","status":"publish","type":"post","link":"https:\/\/lifevery.biz.ua\/?p=21177","title":{"rendered":"\u015amiertelny wypadek pod Tarnobrzegiem z udzia\u0142em BMW. 2 osoby nie \u017cyj\u0105, 2 powa\u017cnie ranne"},"content":{"rendered":"\n<p class=\"wp-block-paragraph\">Fot. Wojew\u00f3dzka Stacja Pogotowia Ratunkowego w Rzeszowie \/ Facebook<br>Dwie osoby zgin\u0119\u0142y, a dwie zosta\u0142y ranne w czo\u0142owym zderzeniu BMW i Kii na Podkarpaciu. Do tragedii dosz\u0142o w sobot\u0119 rano na drodze krajowej nr 9, na doje\u017adzie do G\u0142ogowa Ma\u0142opolskiego od strony Tarnobrzegu. Jak ustali\u0142a policja, kierowca BMW zderzy\u0142 si\u0119 z prawid\u0142owo jad\u0105c\u0105 Ki\u0105 podczas wyprzedzania. Na miejscu przez wiele godzin pracowali policjanci pod nadzorem prokuratora.<\/p>\n\n\n\n<p class=\"wp-block-paragraph\">Do czo\u0142owego zderzenia dosz\u0142o w sobot\u0119, 22 sierpnia, rano, na doje\u017adzie do G\u0142ogowa Ma\u0142opolskiego od strony Tarnobrzega, na odcinku w kierunku Wide\u0142ki. Zderzy\u0142y si\u0119 samochody marek BMW i Kia. Si\u0142a uderzenia zniszczy\u0142a oba auta, a droga zosta\u0142a natychmiast zablokowana.<\/p>\n\n\n\n<p class=\"wp-block-paragraph\">Niebezpieczny manewr kierowcy BMW<br>Ze wst\u0119pnych ustale\u0144 policji wynika, \u017ce do tragedii doprowadzi\u0142 nieprawid\u0142owo wykonany manewr wyprzedzania. Okoliczno\u015bci przedstawi\u0142a asp. Gabriela \u015alo\u0144ska-P\u0142onka z Komendy Miejskiej Policji w Rzeszowie.&nbsp;<\/p>\n\n\n\n<p class=\"wp-block-paragraph\">\u201eZe wst\u0119pnych ustale\u0144 policji wynika, \u017ce 42-letni kierowca BMW, mieszkaniec powiatu bi\u0142gorajskiego, jad\u0105c w kierunku Kolbuszowej, podczas wyprzedzania ci\u0105gu pojazd\u00f3w zderzy\u0142 si\u0119 czo\u0142owo z prawid\u0142owo jad\u0105c\u0105 Ki\u0105, kt\u00f3r\u0105 podr\u00f3\u017cowali mieszka\u0144cy powiatu tarnobrzeskiego&#8221; \u2014 przekaza\u0142a w rozmowie z Polskim Radiem Rzesz\u00f3w.&nbsp;<\/p>\n\n\n\n<p class=\"wp-block-paragraph\">Kieruj\u0105cy BMW mia\u0142 zjecha\u0107 na przeciwny pas ruchu wprost pod nadje\u017cd\u017caj\u0105cy samoch\u00f3d.<\/p>\n\n\n\n<p class=\"wp-block-paragraph\">Ewakuacja uwi\u0119zionych i bilans ofiar<br>W wyniku uderzenia pasa\u017cerowie Kii zostali uwi\u0119zieni we wraku.&nbsp;<\/p>\n\n\n\n<p class=\"wp-block-paragraph\">\u201eStra\u017cacy musieli ewakuowa\u0107 z rozbitej Kii trzy osoby&#8221; \u2014 poinformowa\u0142 bryg. Marcin Betleja, rzecznik podkarpackiej stra\u017cy po\u017carnej.&nbsp;<\/p>\n\n\n\n<p class=\"wp-block-paragraph\">Autem podr\u00f3\u017cowa\u0142y trzy osoby: 39-letni kierowca oraz dwoje pasa\u017cer\u00f3w, 73-letnia kobieta i 78-letni m\u0119\u017cczyzna.&nbsp;<\/p>\n\n\n\n<p class=\"wp-block-paragraph\">\u015amier\u0107 na miejscu ponie\u015bli kierowca Kii i 73-letnia pasa\u017cerka. Ci\u0119\u017cko rannego 78-latka przetransportowano do szpitala \u015bmig\u0142owcem Lotniczego Pogotowia Ratunkowego, a 42-letniego kierowc\u0119 BMW zabra\u0142a karetka.<br><\/p>\n\n\n\n<p class=\"wp-block-paragraph\">Droga w miejscu wypadku by\u0142a ca\u0142kowicie zablokowana, a policja skierowa\u0142a kierowc\u00f3w samochod\u00f3w osobowych na objazdy lokalnymi trasami. Drogowcy pocz\u0105tkowo szacowali, \u017ce utrudnienia mog\u0105 potrwa\u0107 oko\u0142o pi\u0119ciu godzin. Funkcjonariusze zabezpieczyli w tym czasie \u015blady i dowody rzeczowe, kt\u00f3re pozwol\u0105 odtworzy\u0107 szczeg\u00f3\u0142owy przebieg zdarzenia w ramach prowadzonego \u015bledztwa. Pe\u0142n\u0105 przejezdno\u015b\u0107 przywr\u00f3cono po godzinie 14:40.<br><\/p>\n","protected":false},"excerpt":{"rendered":"Fot. Wojew\u00f3dzka Stacja Pogotowia Ratunkowego w Rzeszowie \/ FacebookDwie osoby zgin\u0119\u0142y, a dwie zosta\u0142y ranne w czo\u0142owym zderzeniu BMW i Kii na Podkarpaciu. \n<a class=\"moretag\" href=\"https:\/\/lifevery.biz.ua\/?p=21177\"> [...]<\/a>","protected":false},"author":1,"featured_media":21178,"comment_status":"open","ping_status":"open","sticky":false,"template":"","format":"standard","meta":{"footnotes":""},"categories":[1],"tags":[],"class_list":["post-21177","post","type-post","status-publish","format-standard","has-post-thumbnail","hentry","category-blog"],"_links":{"self":[{"href":"https:\/\/lifevery.biz.ua\/index.php?rest_route=\/wp\/v2\/posts\/21177","targetHints":{"allow":["GET"]}}],"collection":[{"href":"https:\/\/lifevery.biz.ua\/index.php?rest_route=\/wp\/v2\/posts"}],"about":[{"href":"https:\/\/lifevery.biz.ua\/index.php?rest_route=\/wp\/v2\/types\/post"}],"author":[{"embeddable":true,"href":"https:\/\/lifevery.biz.ua\/index.php?rest_route=\/wp\/v2\/users\/1"}],"replies":[{"embeddable":true,"href":"https:\/\/lifevery.biz.ua\/index.php?rest_route=%2Fwp%2Fv2%2Fcomments&post=21177"}],"version-history":[{"count":1,"href":"https:\/\/lifevery.biz.ua\/index.php?rest_route=\/wp\/v2\/posts\/21177\/revisions"}],"predecessor-version":[{"id":21179,"href":"https:\/\/lifevery.biz.ua\/index.php?rest_route=\/wp\/v2\/posts\/21177\/revisions\/21179"}],"wp:featuredmedia":[{"embeddable":true,"href":"https:\/\/lifevery.biz.ua\/index.php?rest_route=\/wp\/v2\/media\/21178"}],"wp:attachment":[{"href":"https:\/\/lifevery.biz.ua\/index.php?rest_route=%2Fwp%2Fv2%2Fmedia&parent=21177"}],"wp:term":[{"taxonomy":"category","embeddable":true,"href":"https:\/\/lifevery.biz.ua\/index.php?rest_route=%2Fwp%2Fv2%2Fcategories&post=21177"},{"taxonomy":"post_tag","embeddable":true,"href":"https:\/\/lifevery.biz.ua\/index.php?rest_route=%2Fwp%2Fv2%2Ftags&post=21177"}],"curies":[{"name":"wp","href":"https:\/\/api.w.org\/{rel}","templated":true}]}}